{"id":65984,"date":"2021-08-24T09:11:56","date_gmt":"2021-08-24T09:11:56","guid":{"rendered":"https:\/\/archiviogioia.lavocedelpaese.info\/?p=65984"},"modified":"2021-08-24T09:11:56","modified_gmt":"2021-08-24T09:11:56","slug":"al-rossini-evento-del-magna-grecia-awards-per-ricordare-carla-fracci","status":"publish","type":"post","link":"https:\/\/archiviogioia.lavocedelpaese.info\/?p=65984","title":{"rendered":"Al Rossini evento del Magna Grecia Awards per ricordare Carla Fracci"},"content":{"rendered":"<p><a href=\"https:\/\/ibb.co\/pP3tBPj\"><img loading=\"lazy\" decoding=\"async\" style=\"display: block; margin-left: auto; margin-right: auto;\" src=\"https:\/\/i.ibb.co\/vBJ76B4\/Carla-Fracci-a-Gioia-del-Colle-2020.jpg\" alt=\"Carla-Fracci-a-Gioia-del-Colle-2020\" width=\"320\" height=\"240\" \/><\/a><\/p>\n<p><!--more--><\/p>\n<p style=\"text-align: justify;\"><a href=\"https:\/\/ibb.co\/M6DLLnH\"><img loading=\"lazy\" decoding=\"async\" style=\"margin: 5px; float: left;\" src=\"https:\/\/i.ibb.co\/bJgnn1V\/Carly-Paoli.png\" alt=\"Carly-Paoli\" width=\"400\" height=\"253\" \/><\/a> <span style=\"color: black;\">\u201cNon solo un omaggio a una delle pi\u00f9 grandi ballerine del ventesimo secolo, ma una vera e propria serata tributo in cui musica, arte e spettacolo celebrano un\u2019icona internazionale dal grande legame con la Puglia. <strong>\u00abCarla \u00e8 l\u2019opera\u00bb<\/strong>: gal\u00e0 d\u2019eccezione per tenere i riflettori sempre accesi su <strong>Carla Fracci<\/strong>: simbolo italiano della danza in tutto il mondo.<\/span><\/p>\n<p style=\"margin-bottom: 4pt; text-align: justify;\"><span style=\"color: black;\">L\u2019evento, organizzato da <strong>Magna Grecia Awards<\/strong>, con il patrocinio dell\u2019<strong>Assessorato alla Cultura del Comune di Gioia del Colle<\/strong>, vedr\u00e0 la partecipazione di stelle del firmamento artistico internazionale e si terr\u00e0 <strong>marted\u00ec 24 agosto<\/strong> alle 20:30 nel <strong>Castello Normanno Svevo<\/strong> di <strong>Gioia del Colle<\/strong>. Sul palco il soprano Carly Paoli, apprezzata in tutto il mondo, i ballerini ai vertici della Scala di Milano Vittoria Valerio e Claudio Coviello, e il cantautore Pierdavide Carone. <\/span><\/p>\n<p style=\"margin-bottom: 4pt; text-align: justify;\"><span style=\"color: black;\">La manifestazione \u00e8 un fuori programma del \u00abMagna Grecia Awards &amp; Fest 2021\u00bb, che prosegue la partnership solidale con \u00ab30 Ore per la Vita\u00bb ed \u00e8 realizzata grazie al sostegno di <strong>Nava<\/strong>, leader nel campo dell\u2019import export, che ha scelto di sostenere la cultura italiana nel mondo. Patrocini: ministero per i Beni e le Attivit\u00e0 culturali, Regione Puglia, Puglia Promozione, AReSS, Citt\u00e0 metropolitana d<\/span><a href=\"https:\/\/ibb.co\/VT89xBk\"><img loading=\"lazy\" decoding=\"async\" style=\"margin: 5px; float: right;\" src=\"https:\/\/i.ibb.co\/tD5KzC1\/Claudio-Coviello-e-Vittoria-Valerio.jpg\" alt=\"Claudio-Coviello-e-Vittoria-Valerio\" width=\"400\" height=\"272\" \/><\/a><span style=\"color: black;\">i Bari, Teatro Pubblico Pugliese.<\/span><\/p>\n<p style=\"margin-bottom: 4pt; text-align: justify;\"><span style=\"color: black;\">Nel 1981 il New York Times la defin\u00ec \u00abprima ballerina assoluta\u00bb. Carla Fracci \u00e8 da sempre simbolo e sinonimo del ballo. La sua grandezza, che va oltre il passare del tempo e la sua recente scomparsa, verr\u00e0 raccontata attraverso testimonianze, storie, e ovviamente la danza. E proprio lo scorso anno, a lei furono consegnate simbolicame<\/span><span style=\"color: black;\">nte le chiavi del teatro Rossini di Gioia del Colle. E per \u00abCarla \u00e8 l\u2019opera\u00bb, ci sar\u00e0 la voce incantevole del soprano <strong>Carly Paoli<\/strong>. Artista inglese di fama mondiale, le sue radici parlano pugliese. La famiglia materna \u00e8 della provincia di Lecce. Nella sua giovane ma straordinaria carriera, esibizioni alla Carnegie Hall di New York, al Castello di Windsor per i Reali d\u2019Inghilterra, ha duettato con Jos\u00e9 Carreras e Andrea Bocelli al concerto delle Terme di Caracalla a Roma. Il suo singolo d\u2019esordio \u00abAve Maria\u00bb \u00e8 stato scelto dal Vaticano come inno ufficiale per il Giubileo della Misericordia di Papa Francesco.<\/span><\/p>\n<p style=\"margin-bottom: 4pt; text-align: justify;\"><span style=\"color: black;\">A incantare il pubblico pugliese ci saranno due stelle della danza, entrambi ambasciatori d\u2019eccellenza del Sud Italia: <strong>Claudio Coviello<\/strong>, lucano, oggi Primo ballerino del Teatro alla Scala di Milano. Diplomato alla scuola di ballo del Teatro dell&#8217;Opera di Roma, nel 2003 ha danzato con Carla Fracci davanti al Papa. Con lui, a Gioia del Colle, ci sar\u00e0 <strong>Vittoria Valerio<\/strong>, siciliana e formata artisticamente al Bayerisches Staatsballett di Monaco, oggi solista del Teatro alla Scala di Milano. <\/span><\/p>\n<p style=\"margin-bottom: 4pt; text-align: justify;\"><span style=\"color: black;\">Passi e melodie si alterneranno alle composizio<\/span><a href=\"https:\/\/ibb.co\/9YrpSrX\"><img loading=\"lazy\" decoding=\"async\" style=\"margin: 5px; float: left;\" src=\"https:\/\/i.ibb.co\/ggRrhR1\/Pierdavide-Carone.jpg\" alt=\"Pierdavide-Carone\" width=\"400\" height=\"267\" \/><\/a><span style=\"color: black;\">ni del cantautore <strong>Pierdavide Carone<\/strong>. Originario della provincia di Taranto, \u00e8 uno dei talenti pi\u00f9 seguiti del panorama italiano. Grande cura nei testi e nelle note, Pierdavide ha vinto Sanremo come autore e ha partecipato come cantante in tandem con il gr<\/span><span style=\"color: black;\">ande Lucio Dalla. Ha scritto quattro Album e l\u2019ultimo, \u00abCasa\u00bb, \u00e8 uscito nel 2021. <\/span><\/p>\n<p style=\"margin-bottom: 4pt; text-align: justify;\"><span style=\"color: black;\">\u00abSoltanto un anno fa eravamo con lei, proprio a Gioia del Colle, per premiare Carla Fracci \u2013 commenta il patron <strong>Fabio Salvatore<\/strong> \u2013 per questo abbiamo voluto fortemente orga<\/span><span style=\"color: black;\">nizzare una serata per ricordarla. La sua figura \u00e8 eterna, sinonimo di impegno, sacrificio, talento, gentilezza. Dal 1996 \u00e8 l\u2019obiettivo del Magna Grecia Awards &amp; Fest: celebrare cuore, pensiero, azione e valorizzare l\u2019operato di chi ha saputo dare un contributo significativo alla societ\u00e0 attraverso la propria arte\u00bb. <strong>Angelo Antresini<\/strong>, CEO del Gruppo Nava: \u00abSenza cultura e bellezza, saremmo nulla. E l\u2019imprenditoria deve supportare l\u2019arte, perch\u00e9 abbiamo il dovere di essere al fianco di chi produce cultura. E il Magna Grecia Awards \u00e8 sicuramente un punto di riferimento\u00bb. <\/span><\/p>\n<p style=\"margin-bottom: 0.0001pt; text-align: justify;\"><span style=\"color: black;\">Alla serata si accede solo per invito gratuito ed \u00e8 riservata ai possessori di Green Pass, in rispetto alle normative anti Covid. Per prenotare il proprio posto <a href=\"http:\/\/www.magnagreciaawards.com\">www.magnagreciaawards.com<\/a>&#8220;. <\/span><\/p>\n<p style=\"margin-bottom: 0.0001pt; text-align: right;\" align=\"right\"><strong><span style=\"color: black;\">Ufficio Stampa <\/span><span style=\"color: black;\">Fabrizio Cafaro<\/span><\/strong><\/p>\n<p style=\"text-align: justify;\"><span>\u201cIn mattinata il sindaco Giovanni Mastran<\/span><a href=\"https:\/\/ibb.co\/DzKppSn\"><img loading=\"lazy\" decoding=\"async\" style=\"margin: 5px; float: left;\" src=\"https:\/\/i.ibb.co\/rFyss1J\/238970233-1204599793286499-4217103444509266085-n.jpg\" alt=\"238970233-1204599793286499-4217103444509266085-n\" width=\"400\" height=\"267\" \/><\/a><span>gelo, alla presenza degli assessori Lucio Romano, Giovanna Pontiggia e del consigliere Andrea Benagiano, ha accolto e omaggiato il soprano Carly Paoli e i ballerini Vittoria Valerio e Claudio Coviello, rispettivamente ballerina solista e primo ballerino del Teatro alla Scala di Milano.<\/span><\/p>\n<p style=\"text-align: justify;\"><span>Artisti di fama internazionale, questa sera saranno protagonisti dell&#8217;evento &#8220;Carla \u00e8 l&#8217;opera&#8221;, organizzato dal Magna Grecia Awards al Castello Normanno Svevo di Gioia del Colle per celebrare e ricordare il simbolo per eccellenza della danza nel mondo, Carla Fracci, ad un anno dalla sua indimenticabile <\/span><span>visita alla nostra citt\u00e0.<\/span><\/p>\n<p style=\"text-align: justify;\"><span>&#8220;Carla \u00e8 l&#8217;opera&#8221; sar\u00e0 trasmesso in diretta sulla pagina Facebook del Comune a partire dalle ore 20:30\u201d.<\/span><\/p>\n<p>&nbsp;<\/p>\n","protected":false},"excerpt":{"rendered":"","protected":false},"author":1,"featured_media":0,"comment_status":"open","ping_status":"closed","sticky":false,"template":"","format":"standard","meta":{"colormag_page_container_layout":"default_layout","colormag_page_sidebar_layout":"default_layout","footnotes":""},"categories":[7],"tags":[],"class_list":["post-65984","post","type-post","status-publish","format-standard","hentry","category-attualita"],"_links":{"self":[{"href":"https:\/\/archiviogioia.lavocedelpaese.info\/index.php?rest_route=\/wp\/v2\/posts\/65984","targetHints":{"allow":["GET"]}}],"collection":[{"href":"https:\/\/archiviogioia.lavocedelpaese.info\/index.php?rest_route=\/wp\/v2\/posts"}],"about":[{"href":"https:\/\/archiviogioia.lavocedelpaese.info\/index.php?rest_route=\/wp\/v2\/types\/post"}],"author":[{"embeddable":true,"href":"https:\/\/archiviogioia.lavocedelpaese.info\/index.php?rest_route=\/wp\/v2\/users\/1"}],"replies":[{"embeddable":true,"href":"https:\/\/archiviogioia.lavocedelpaese.info\/index.php?rest_route=%2Fwp%2Fv2%2Fcomments&post=65984"}],"version-history":[{"count":0,"href":"https:\/\/archiviogioia.lavocedelpaese.info\/index.php?rest_route=\/wp\/v2\/posts\/65984\/revisions"}],"wp:attachment":[{"href":"https:\/\/archiviogioia.lavocedelpaese.info\/index.php?rest_route=%2Fwp%2Fv2%2Fmedia&parent=65984"}],"wp:term":[{"taxonomy":"category","embeddable":true,"href":"https:\/\/archiviogioia.lavocedelpaese.info\/index.php?rest_route=%2Fwp%2Fv2%2Fcategories&post=65984"},{"taxonomy":"post_tag","embeddable":true,"href":"https:\/\/archiviogioia.lavocedelpaese.info\/index.php?rest_route=%2Fwp%2Fv2%2Ftags&post=65984"}],"curies":[{"name":"wp","href":"https:\/\/api.w.org\/{rel}","templated":true}]}}