{"id":65992,"date":"2021-08-24T08:11:15","date_gmt":"2021-08-24T08:11:15","guid":{"rendered":"https:\/\/archiviogioia.lavocedelpaese.info\/?p=65992"},"modified":"2021-08-24T08:11:15","modified_gmt":"2021-08-24T08:11:15","slug":"gioia-del-colle-54enne-arrestato-per-maltrattamenti-aggravati-2","status":"publish","type":"post","link":"https:\/\/archiviogioia.lavocedelpaese.info\/?p=65992","title":{"rendered":"GIOIA DEL COLLE. 54enne arrestato per maltrattamenti aggravati"},"content":{"rendered":"<p style=\"text-align: justify;\"><a title=\"arrestati pusher\" href=\"https:\/\/www.flickr.com\/photos\/91470992@N02\/48892155161\/in\/photolist-2hur5mr-2hunGTV-2hunJk7-2huqrmp-2hGMnbn-2htCeBF-2hfamz6-2hfamyz-2gSJjKi-2fS4odN-2fEPUB7-TBdQfJ-RYYXzV-TBdL9C-2fEPUFW-2fnHj6Y-2emqMgj-2faMvdm-RtRC7e-R4K4VM-PMavtn-2dsQvgf-2c9H66z-PMgw3r-2c9H4WF-RpzqgY-2gpqiMV-2c9K7F4-2dsXKko-2hbr6bf-2cTKUsx-2b8kM5F-29KsVoL-NG8VAc-2bmocn5-29qJUJb-28FWTmf-28FWT7C-2a4sypZ-2a4sy7z-28FWSTG-25Gb3iw-KtB9Fu-24K6t8m-Jsd5h9-24UZMMj-23TXZTJ-23BBaUz-23BBaWZ-24SMtPS\" data-flickr-embed=\"true\"><img loading=\"lazy\" decoding=\"async\" style=\"display: block; margin-left: auto; margin-right: auto;\" src=\"https:\/\/live.staticflickr.com\/65535\/48892155161_f56392ef98_z.jpg\" alt=\"arrestati pusher\" width=\"320\" height=\"240\" \/><\/a><\/p>\n<p><!--more--><\/p>\n<p style=\"text-align: justify;\"><a href=\"https:\/\/ibb.co\/vjyMdW1\"><img loading=\"lazy\" decoding=\"async\" style=\"margin: 5px; float: left;\" src=\"https:\/\/i.ibb.co\/6W9qtSY\/Gioia2.jpg\" alt=\"Gioia2\" width=\"400\" height=\"272\" \/><\/a> \u201cL\u2019immediato intervento dei Carabinieri del Nucleo Operativo e Radiomobile della Compagnia di Gioia del Colle ha evitato ieri il peggio.<\/p>\n<p style=\"text-align: justify;\"><strong>C.G., gioiese 54enne \u00e8 stato arrestato, in flagranza di reato<\/strong>, <strong>per maltrattamenti in famiglia, in applicazione de cosiddetto \u201ccodice rosso\u201d.<\/strong><\/p>\n<p style=\"text-align: justify;\">Da quanto ricostruito dai Carabinieri, lo stesso, gi\u00e0 da tempo, stava ponendo comportamenti aggressivi nei confronti della compagna, tanto \u00e8 vero che nel mese di maggio scorso era stato gi\u00e0 denunciato a piede libero dai militari per maltrattamenti in famiglia, a seguito di vessazioni e percosse ai danni della convivente che si protraevano da circa un anno.<\/p>\n<p style=\"text-align: justify;\">Ieri l\u2019ennesimo grave episodio, verosimilmente frutto della gelosia. Verso le ore 10.30, al numero di emergenza \u201c112\u201d perveniva una richiesta d\u2019aiuto d<a title=\"caserma carabinieri Gioia del Colle\" href=\"https:\/\/www.flickr.com\/photos\/91470992@N02\/30672591222\/in\/photolist-NJr3KG-PBqchw-PuubBT-Puw7jv-PuuD6V-PBq9Yo-PrV7BY-PEFDvV-PuuHDn-P7a2K3-PBsbKL-PuuVQM-PrUGj9-Nq3vxA-P78zBy-Puv32p-Nq3EPb-Nrg8nF-Puua7P-PEDcU8-HjABCR-H39MTy-PuuyBV-P7a57h-Nrh1qx-P7anfq-PEDNNg-NrgbCt-P78Z1N-NrhFaB-Puv5ek-P7awRu-PBqW8b-Nq3BQA-Puv6xn-P793Sq-PuugxK-PuuZan-Puwxh6-Nq3yeC-P78d7Q-MPhUEQ-Ns7G5e-Msjjp7-MjhJrg-Nh641v-MbRmcZ-Msjoky-MLtwMj-LsGUD3\" data-flickr-embed=\"true\"><img loading=\"lazy\" decoding=\"async\" style=\"margin: 5px; float: right;\" src=\"https:\/\/live.staticflickr.com\/5836\/30672591222_59a51bcf06_z.jpg\" alt=\"caserma carabinieri Gioia del Colle\" width=\"400\" height=\"300\" \/><\/a>a parte di una donna la quale riferiva che il convivente la stava minacciando con un coltello e che, per sfuggire, si era barricata nella stanza da letto. Un\u2019ulteriore chiamata al numero d\u2019emergenza giungeva subito dopo da parte di un minore che riferiva di minacce che il padre, armato di un coltello, stava facendo nei confronti della madre e che dopo aver tentato di far desistere l\u2019uomo, anch\u2019egli si era rinchiuso nella propria cameretta. I militari prontamente raggiungevano l\u2019abitazione. Con l\u2019aiuto del figlio minore della coppia che, approfittando di un momento di distrazione dell\u2019uomo, aveva aperto la porta d\u2019ingresso, accedevano all\u2019interno dell\u2019appartamento intimando all\u2019uomo di consegnare l\u2019arma che ancora brandiva. A quel punto l\u2019aggressore non opponeva resistenza e subito consegnava ai Carabinieri il grosso coltello, del tipo \u201c<i>navaja spagnola<\/i>\u201d.<\/p>\n<p style=\"text-align: justify;\">Liberata la donna, in preda al panico, come peraltro i due figli minori che avevano assistito all\u2019aggressione, riferiva di altri episodi cui era stata vittima.<\/p>\n<p style=\"text-align: justify;\">Il 54enne, al termine degli accertamenti, veniva <strong>tratto in arresto e condotto presso la Casa Circondariale di Trani<\/strong> e dovr\u00e0 rispondere di <strong>maltrattamenti aggravati e reiterati<\/strong>, mentre l\u2019arma utilizzata \u00e8 stata sottoposta a sequestro e messa a disposizione dell\u2019A.G.\u201d.<\/p>\n<p>&nbsp;<\/p>\n","protected":false},"excerpt":{"rendered":"","protected":false},"author":1,"featured_media":0,"comment_status":"open","ping_status":"closed","sticky":false,"template":"","format":"standard","meta":{"colormag_page_container_layout":"default_layout","colormag_page_sidebar_layout":"default_layout","footnotes":""},"categories":[8],"tags":[],"class_list":["post-65992","post","type-post","status-publish","format-standard","hentry","category-cronaca"],"_links":{"self":[{"href":"https:\/\/archiviogioia.lavocedelpaese.info\/index.php?rest_route=\/wp\/v2\/posts\/65992","targetHints":{"allow":["GET"]}}],"collection":[{"href":"https:\/\/archiviogioia.lavocedelpaese.info\/index.php?rest_route=\/wp\/v2\/posts"}],"about":[{"href":"https:\/\/archiviogioia.lavocedelpaese.info\/index.php?rest_route=\/wp\/v2\/types\/post"}],"author":[{"embeddable":true,"href":"https:\/\/archiviogioia.lavocedelpaese.info\/index.php?rest_route=\/wp\/v2\/users\/1"}],"replies":[{"embeddable":true,"href":"https:\/\/archiviogioia.lavocedelpaese.info\/index.php?rest_route=%2Fwp%2Fv2%2Fcomments&post=65992"}],"version-history":[{"count":0,"href":"https:\/\/archiviogioia.lavocedelpaese.info\/index.php?rest_route=\/wp\/v2\/posts\/65992\/revisions"}],"wp:attachment":[{"href":"https:\/\/archiviogioia.lavocedelpaese.info\/index.php?rest_route=%2Fwp%2Fv2%2Fmedia&parent=65992"}],"wp:term":[{"taxonomy":"category","embeddable":true,"href":"https:\/\/archiviogioia.lavocedelpaese.info\/index.php?rest_route=%2Fwp%2Fv2%2Fcategories&post=65992"},{"taxonomy":"post_tag","embeddable":true,"href":"https:\/\/archiviogioia.lavocedelpaese.info\/index.php?rest_route=%2Fwp%2Fv2%2Ftags&post=65992"}],"curies":[{"name":"wp","href":"https:\/\/api.w.org\/{rel}","templated":true}]}}