{"id":66034,"date":"2021-08-31T08:13:01","date_gmt":"2021-08-31T08:13:01","guid":{"rendered":"https:\/\/archiviogioia.lavocedelpaese.info\/?p=66034"},"modified":"2021-08-31T08:13:01","modified_gmt":"2021-08-31T08:13:01","slug":"emozione-danza-e-musica-per-ricordare-carla-fracci-2","status":"publish","type":"post","link":"https:\/\/archiviogioia.lavocedelpaese.info\/?p=66034","title":{"rendered":"EMOZIONE, DANZA E MUSICA PER RICORDARE CARLA FRACCI"},"content":{"rendered":"<p><a href=\"https:\/\/ibb.co\/0BpN25r\"><img loading=\"lazy\" decoding=\"async\" style=\"display: block; margin-left: auto; margin-right: auto;\" src=\"https:\/\/i.ibb.co\/4swytkp\/CAST-COMPLETO.jpg\" alt=\"CAST-COMPLETO\" width=\"320\" height=\"240\" \/><\/a><\/p>\n<p><!--more--><\/p>\n<p style=\"margin-bottom: 0.0001pt; text-align: justify;\"><a href=\"https:\/\/ibb.co\/pbFrvN6\"><img loading=\"lazy\" decoding=\"async\" style=\"margin: 5px; float: left;\" src=\"https:\/\/i.ibb.co\/XjRkZ6f\/CARONE-PAOLI.jpg\" alt=\"CARONE-PAOLI\" width=\"400\" height=\"225\" \/><\/a> <span style=\"color: black;\">\u201c\u00ab<i>Era enormemente piccola nella sua grandezza. E riusciva a trasferirti emozioni incredibili<\/i>\u00bb. Questo \u00e8 uno dei commenti che si sono alternati durante la serata in cui spettacolo, ballo, musica e testimonianze hanno caratterizzato il ricordo della stella della danza italiana di tutti i tempi e il suo legame con la Puglia. <strong>\u00abCarla \u00e8 l\u2019opera\u00bb<\/strong>: gal\u00e0 d\u2019eccezione per celebrare <strong>Carla Fracci <\/strong>a pochi mesi dalla sua scomparsa e a un anno dalla sua ultima visita in quella Gioia del Colle che le ha consegnato le chiavi del teatro \u00abRossini\u00bb. <\/span><\/p>\n<p style=\"margin-bottom: 0.0001pt; text-align: justify;\"><span style=\"color: black;\">Nel Castello Normanno Svevo, sold out per l\u2019evento organizzato da <strong>Magna Grecia Awards<\/strong>, con il patrocinio dell\u2019<strong>assessorato alla cultura di Gioia del Colle. <\/strong>Sul palco il soprano Carly Paoli, apprezzata in tutto il mondo, i balle<\/span><a href=\"https:\/\/ibb.co\/rt01V8G\"><img loading=\"lazy\" decoding=\"async\" style=\"margin: 5px; float: right;\" src=\"https:\/\/i.ibb.co\/vBqKSyx\/COVIELLO-VALERIO.jpg\" alt=\"COVIELLO-VALERIO\" width=\"400\" height=\"225\" \/><\/a><span style=\"color: black;\">rini ai vertici della Scala di Milano Vittoria Valerio e Claudio Coviello, e il cantautore Pierdavide Carone. L\u2019evento \u00e8 stato presentato da <strong>Fabio Salvatore<\/strong>, patron del Magna Grecia Awards \u00ab<i>Non \u00e8 un omaggio a Carla, ma \u00e8 come se stessimo vivendo con lei il suo desiderio, che aveva espresso <\/i><\/span><span style=\"color: black;\"><i>l\u2019anno scorso, di collaborare con noi. Con la danza, con i suoi allievi della Scala di Milano<\/i>\u00bb. <\/span><\/p>\n<p style=\"margin-bottom: 0.0001pt; text-align: justify;\"><span style=\"color: black;\">Ad aprire la manifestazione la grazia, la semplicit\u00e0, il sorriso e lo straordinario talento del soprano <strong>Carly Paoli<\/strong>. Una voce incantevole per l\u2019artista inglese di fama mondiale, che anche a Gioia del Colle ha ribadito il suo legame con il territorio. Proprio lei, pugliese di origine: \u00ab<i>Per me \u00e8 un\u2019emozione enorme cantare qui. Sia perch\u00e9 sono vicina a casa mia, sia perch\u00e9 la Fracci \u00e8 una vera <\/i><\/span><a href=\"https:\/\/ibb.co\/wLvL3sL\"><img loading=\"lazy\" decoding=\"async\" style=\"margin: 5px; float: left;\" src=\"https:\/\/i.ibb.co\/thdhkXh\/ROMANO-ANTRESINI-SALVATORE-GENTILE.jpg\" alt=\"ROMANO-ANTRESINI-SALVATORE-GENTILE\" width=\"400\" height=\"225\" \/><\/a><span style=\"color: black;\"><i>e propria ispirazione per ogni artista<\/i>\u00bb. Pubblico incantato dalla sua versione dell\u2019\u00abAve Maria\u00bb, scelto dal Vaticano come inno ufficiale per il Giubileo della Misericordia.<\/span><\/p>\n<p style=\"margin-bottom: 0.0001pt; text-align: justify;\"><span style=\"color: black;\">A rappresentare la danza, ambasciatori d\u2019eccellenza del Sud Italia: <strong>Claudio Coviello<\/strong>, luc<\/span><span style=\"color: black;\">ano, Primo ballerino del Teatro alla Scala di Milano, e <strong>Vittoria Valerio<\/strong>, siciliana, oggi ballerina solista del Teatro alla Scala di Milano: \u00ab<i>La signora Fracci \u00e8 da sempre un punto di riferimento, possiamo definirla la madre della danza<\/i>\u00bb hanno commentato pochi minuti prima di esibirsi nel famoso \u00abIl lago dei Cigni\u00bb. Passi e melodie con le co<\/span><span style=\"color: black;\">mposizioni del cantautore <strong>Pierdavide Carone<\/strong>. Chitarra e voce, ha raccontato con i suoi brani e il suo inconfondibile stile storie di vita e di umanit\u00e0. In chiusura, inedito e molto apprezzato duet<\/span><span style=\"color: black;\">to tra Carly Paoli e Pierdavide, nell\u2019indimenticabile \u00abCaruso\u00bb di Lucio <\/span><a href=\"https:\/\/ibb.co\/2K6ZXKK\"><img loading=\"lazy\" decoding=\"async\" style=\"margin: 5px; float: right;\" src=\"https:\/\/i.ibb.co\/7yzk7yy\/PUBBLICO-GIOIA-DEL-COLLE.jpg\" alt=\"PUBBLICO-GIOIA-DEL-COLLE\" width=\"400\" height=\"225\" \/><\/a><span style=\"color: black;\">Dalla.<\/span><\/p>\n<p style=\"margin-bottom: 0.0001pt; text-align: justify;\"><span style=\"color: black;\">Spettacolo e momenti di dibattito e riflessione con <strong>Lucio Romano<\/strong>, assessore comunal<\/span><span style=\"color: black;\">e alla cultura in rappresentanza dell\u2019amministrazione di Gioia del Colle: \u00ab<i>Sulla scia dell\u2019incontro di un anno fa con Carla Fracci, oggi abbiamo voluto f<\/i><\/span><span style=\"color: black;\"><i>ortemente rievocare la sua figura<\/i>\u00bb. Interventi poi di <strong>Tiziana Gentile<\/strong>, cerimoniere del Magna Grecia Awards, e di <strong>Angelo Antresini<\/strong>, CEO del Gruppo Nava, leader nel campo dell\u2019import export, che ha sostenuto l\u2019evento: \u00ab<i>Senza cultura e bellezza, saremmo nulla. E l\u2019imprenditoria deve supportare l\u2019arte, perch\u00e9 abbiamo il dovere di essere al fianco di chi produce cultura<\/i>\u00bb.<\/span><\/p>\n<p style=\"margin-bottom: 0.0001pt; text-align: justify;\"><span style=\"color: black;\">La manifestazione \u00e8 un fuori programma del \u00abMagna Grecia Awards &amp; Fest 2021\u00bb, che prosegue la partnership solidale con \u00ab30 Ore per la Vita\u00bb. Patrocini: ministero per i Beni e le Attivit\u00e0 culturali, Regione <\/span><span style=\"color: black;\">Puglia, Puglia Promozione, AReSS, Citt\u00e0 metropolitana di Bari, Teatro Pubblico<\/span><span style=\"color: black;\"> Pugliese\u201d.<\/span><\/p>\n<p style=\"text-align: right;\" align=\"right\"><strong>Ufficio Stampa Magna Grecia Awards<\/strong><\/p>\n<p>&nbsp;<\/p>\n","protected":false},"excerpt":{"rendered":"","protected":false},"author":1,"featured_media":0,"comment_status":"open","ping_status":"closed","sticky":false,"template":"","format":"standard","meta":{"colormag_page_container_layout":"default_layout","colormag_page_sidebar_layout":"default_layout","footnotes":""},"categories":[7],"tags":[],"class_list":["post-66034","post","type-post","status-publish","format-standard","hentry","category-attualita"],"_links":{"self":[{"href":"https:\/\/archiviogioia.lavocedelpaese.info\/index.php?rest_route=\/wp\/v2\/posts\/66034","targetHints":{"allow":["GET"]}}],"collection":[{"href":"https:\/\/archiviogioia.lavocedelpaese.info\/index.php?rest_route=\/wp\/v2\/posts"}],"about":[{"href":"https:\/\/archiviogioia.lavocedelpaese.info\/index.php?rest_route=\/wp\/v2\/types\/post"}],"author":[{"embeddable":true,"href":"https:\/\/archiviogioia.lavocedelpaese.info\/index.php?rest_route=\/wp\/v2\/users\/1"}],"replies":[{"embeddable":true,"href":"https:\/\/archiviogioia.lavocedelpaese.info\/index.php?rest_route=%2Fwp%2Fv2%2Fcomments&post=66034"}],"version-history":[{"count":0,"href":"https:\/\/archiviogioia.lavocedelpaese.info\/index.php?rest_route=\/wp\/v2\/posts\/66034\/revisions"}],"wp:attachment":[{"href":"https:\/\/archiviogioia.lavocedelpaese.info\/index.php?rest_route=%2Fwp%2Fv2%2Fmedia&parent=66034"}],"wp:term":[{"taxonomy":"category","embeddable":true,"href":"https:\/\/archiviogioia.lavocedelpaese.info\/index.php?rest_route=%2Fwp%2Fv2%2Fcategories&post=66034"},{"taxonomy":"post_tag","embeddable":true,"href":"https:\/\/archiviogioia.lavocedelpaese.info\/index.php?rest_route=%2Fwp%2Fv2%2Ftags&post=66034"}],"curies":[{"name":"wp","href":"https:\/\/api.w.org\/{rel}","templated":true}]}}