{"id":66051,"date":"2021-09-06T07:12:58","date_gmt":"2021-09-06T07:12:58","guid":{"rendered":"https:\/\/archiviogioia.lavocedelpaese.info\/?p=66051"},"modified":"2021-09-06T07:12:58","modified_gmt":"2021-09-06T07:12:58","slug":"cap-anziani-di-gioia-il-programma-delle-attivita-di-settembre","status":"publish","type":"post","link":"https:\/\/archiviogioia.lavocedelpaese.info\/?p=66051","title":{"rendered":"CAP anziani di Gioia. Il programma delle attivit\u00e0 di settembre"},"content":{"rendered":"<p><a href=\"https:\/\/ibb.co\/JmWR12x\"><img loading=\"lazy\" decoding=\"async\" style=\"display: block; margin-left: auto; margin-right: auto;\" src=\"https:\/\/i.ibb.co\/gmbM2wv\/240829302-3857243247710066-6091413887131974681-n.jpg\" alt=\"240829302-3857243247710066-6091413887131974681-n\" width=\"320\" height=\"240\" \/><\/a><\/p>\n<p><!--more--><\/p>\n<p style=\"margin-bottom: 0.0001pt; text-align: justify;\"><a href=\"https:\/\/ibb.co\/37s9wdt\"><img loading=\"lazy\" decoding=\"async\" style=\"margin: 5px; float: left;\" src=\"https:\/\/i.ibb.co\/drcwSMn\/Cap-30-agosto-2021.jpg\" alt=\"Cap-30-agosto-2021\" width=\"400\" height=\"225\" \/><\/a><strong><span>In calce il programma delle attivit\u00e0 in calendario<\/span><\/strong><span> per il mese di settembre che gli operatori del Centro Polivalente per anziani di Gioia hanno predisposto. <strong>Per quanti fossero interessati a seguire le iniziative<\/strong> in programma, per info e prenotazioni <strong>chiamare<\/strong>: dott.ssa <strong>Alessia Lori<\/strong> 3924073237 &#8211; <strong>dott.ssa Maria Giovanna Ludovico<\/strong> 3935238786.<\/span><\/p>\n<p style=\"margin-bottom: 0.0001pt; text-align: justify;\"><span>Si tratta di <strong>attivit\u00e0 gratuite<\/strong>, che vengono <strong>svolte nella struttura<\/strong>, aperta <strong>dalle 17,00 alle 20,00<\/strong>, <strong>dal luned\u00ec al sabato<\/strong>. Si va dalla ginnastica dolce alla rappresentazione teatrale per passare poi a esercizi di psicomotricit\u00e0. Seguono incontri di lettura condivisa a cui fanno da contraltare i laboratori di inglese e di manualit\u00e0. Non mancano le sfide con il Karaoke, il jukebox e i balli. Ogni settima poi, di solito il luned\u00ec, si svolge un incontro di approfondimento su tematiche di rilevanza nazionale con interviste agli ospiti del Cap, per poi procede alla stesura di un articolo frutto del focus scelto che viene pubblicato sul settimanale La Voce del Paese. <\/span><\/p>\n<p style=\"margin-bottom: 0.0001pt; text-align: justify;\"><span>Quando mi \u00e8 stata offerta l\u2019opportunit\u00e0 di frequentare il Centro per ascoltare le opinioni e l\u2019impressione degli ospiti sui temi specifici da me proposti per poi condensarli in un articolo, non vi nascondo che ho provato un lieve scetticismo. \u00c8 stata solo una momentanea sensazione subito fugata dalla genuina e spontanea partecipazione degli interessati.<\/span><\/p>\n<p style=\"margin-bottom: 0.0001pt; text-align: justify;\"><span>Ho toccato con mano quanto sia salutare per una comunit\u00e0 poter disporre di strutture come il Cap-anziani di Gioia. <strong>Una culla di accoglienza e di solidale partecipazione<\/strong> a seguire discipline dimenticate, a risvegliare interessi e passioni sopite nel tempo. Ho avuto modo di imbattermi nell\u2019esternazione schietta delle proprie opinioni e nella saggia valutazione dei fatti. <\/span><\/p>\n<p style=\"margin-bottom: 0.0001pt; text-align: justify;\"><span>Ho avuto la conferma che per combattere lo stato emotivo negativo della solitudine le persone in et\u00e0 avanzata devono abbandonare quella sensazione e catapultarsi in realt\u00e0 come il Cap. Secondo la letteratura psicoanalitica dei comportamenti umani, la condizione per superare certe criticit\u00e0 non riguarda tanto la quantit\u00e0 di tempo spesa con le altre persone quanto la qualit\u00e0 delle relazioni stesse.<\/span><\/p>\n<p style=\"margin-bottom: 0.0001pt; text-align: justify;\"><strong><span>La solitudine incide sullo stato fisico e psicologico<\/span><\/strong><span> e contrastarla \u00e8 un dovere civico della societ\u00e0. L\u2019allungamento delle aspettative di vita pone come <i>conditio sine qua non<\/i> la tutela e il benessere della terza et\u00e0 per questo occorre tenere alta l\u2019attenzione e la socializzazione degli interessati. E in questo il Cap di Gioia mostra di avere tutte le carte in regola. <\/span><\/p>\n<p style=\"margin-bottom: 0.0001pt; text-align: right;\" align=\"right\"><strong><span>Gianfranco Paradiso<\/span> <\/strong><\/p>\n<p><a href=\"https:\/\/ibb.co\/swjsTVh\"><img loading=\"lazy\" decoding=\"async\" src=\"https:\/\/i.ibb.co\/LtS9TZM\/240824803-3861468243954233-9143271660428157890-n.jpg\" alt=\"240824803-3861468243954233-9143271660428157890-n\" width=\"670\" height=\"948\" \/><\/a> <a href=\"https:\/\/ibb.co\/fFc3Yqn\"><img loading=\"lazy\" decoding=\"async\" src=\"https:\/\/i.ibb.co\/MSXzDZG\/241030253-3861468320620892-1739093028965480790-n.jpg\" alt=\"241030253-3861468320620892-1739093028965480790-n\" width=\"670\" height=\"948\" \/><\/a><\/p>\n","protected":false},"excerpt":{"rendered":"","protected":false},"author":1,"featured_media":0,"comment_status":"open","ping_status":"closed","sticky":false,"template":"","format":"standard","meta":{"colormag_page_container_layout":"default_layout","colormag_page_sidebar_layout":"default_layout","footnotes":""},"categories":[7],"tags":[],"class_list":["post-66051","post","type-post","status-publish","format-standard","hentry","category-attualita"],"_links":{"self":[{"href":"https:\/\/archiviogioia.lavocedelpaese.info\/index.php?rest_route=\/wp\/v2\/posts\/66051","targetHints":{"allow":["GET"]}}],"collection":[{"href":"https:\/\/archiviogioia.lavocedelpaese.info\/index.php?rest_route=\/wp\/v2\/posts"}],"about":[{"href":"https:\/\/archiviogioia.lavocedelpaese.info\/index.php?rest_route=\/wp\/v2\/types\/post"}],"author":[{"embeddable":true,"href":"https:\/\/archiviogioia.lavocedelpaese.info\/index.php?rest_route=\/wp\/v2\/users\/1"}],"replies":[{"embeddable":true,"href":"https:\/\/archiviogioia.lavocedelpaese.info\/index.php?rest_route=%2Fwp%2Fv2%2Fcomments&post=66051"}],"version-history":[{"count":0,"href":"https:\/\/archiviogioia.lavocedelpaese.info\/index.php?rest_route=\/wp\/v2\/posts\/66051\/revisions"}],"wp:attachment":[{"href":"https:\/\/archiviogioia.lavocedelpaese.info\/index.php?rest_route=%2Fwp%2Fv2%2Fmedia&parent=66051"}],"wp:term":[{"taxonomy":"category","embeddable":true,"href":"https:\/\/archiviogioia.lavocedelpaese.info\/index.php?rest_route=%2Fwp%2Fv2%2Fcategories&post=66051"},{"taxonomy":"post_tag","embeddable":true,"href":"https:\/\/archiviogioia.lavocedelpaese.info\/index.php?rest_route=%2Fwp%2Fv2%2Ftags&post=66051"}],"curies":[{"name":"wp","href":"https:\/\/api.w.org\/{rel}","templated":true}]}}