{"id":66119,"date":"2021-09-19T07:18:38","date_gmt":"2021-09-19T07:18:38","guid":{"rendered":"https:\/\/archiviogioia.lavocedelpaese.info\/?p=66119"},"modified":"2021-09-19T07:18:38","modified_gmt":"2021-09-19T07:18:38","slug":"rocco-fasano-eredita-da-trasmettere-con-borsa-di-studio-2","status":"publish","type":"post","link":"https:\/\/archiviogioia.lavocedelpaese.info\/?p=66119","title":{"rendered":"\u201cRocco Fasano, eredit\u00e0 da trasmettere con borsa di studio\u201d"},"content":{"rendered":"<p><a href=\"https:\/\/ibb.co\/nrNkTGh\"><img loading=\"lazy\" decoding=\"async\" style=\"display: block; margin-left: auto; margin-right: auto;\" src=\"https:\/\/i.ibb.co\/9nkYJDR\/19369473059-60a1b940eb.jpg\" alt=\"19369473059-60a1b940eb\" width=\"320\" height=\"240\" \/><\/a><\/p>\n<p><!--more--><\/p>\n<p style=\"margin-bottom: 0.0001pt; text-align: justify;\"><a href=\"https:\/\/ibb.co\/vzhqsDK\"><img loading=\"lazy\" decoding=\"async\" style=\"margin: 5px; float: left;\" src=\"https:\/\/i.ibb.co\/kcJB3MW\/enzo-fasano.jpg\" alt=\"enzo-fasano\" width=\"400\" height=\"300\" \/><\/a><span>\u201cUn mese fa nella Chiesa di Santa Lucia ci fu l\u2019abbandono dalla Terra e il saluto di amatissimi familiari, di amici devoti, di cittadini riconoscenti. Risuonarono il tono appassionato e a tratti imperioso della sua voce e la profondit\u00e0 dei suoi pensieri, su tutto. E la consegna silenziosa nell\u2019animo nostro che la sua grandezza deve essere trasmessa.<\/span><\/p>\n<p style=\"margin-bottom: 0.0001pt; text-align: justify;\"><span>Soccorre la memoria della sua cifra la pedalata \u201cindomita \u201cin et\u00e0 avanzata o il passo cadenzato e fiero con cui da casa sua avanzava verso Piazza Plebiscito, la Piazza; e poi fin verso l\u2019Aldebaran lungo Corso Garibaldi.<\/span><\/p>\n<p style=\"margin-bottom: 0.0001pt; text-align: justify;\"><span>In questo percorso, dopo giornata di studio e fatica domestica, trovava sempre l\u2019\u201dAgora\u2019. Il luogo della comunanza nella Polis. Vi liberava pensieri per donarli a chi sapeva riconoscerli. Di colloquio interiore con vestigia in pietra del passato: chiese, palazzi nobiliari, dimore popolari nei vicoli laterali di essi. Pensieri riflesso di esistenza messi in versi, di narrazione di rigorose ricerche di tradizioni identitarie. In attesa dell\u2019afflato di persone care e di cittadini comuni. Qui nel l\u2019incontro il volto si apriva al sorriso e la felicit\u00e0 dell\u2019amicizia illuminava occhi incuranti di lenti ispessite dalla gradazione.<\/span><\/p>\n<p style=\"margin-bottom: 0.0001pt; text-align: justify;\"><span>Ci\u00f2 nonostante Rocco Fasano ha avuto un rapporto controverso con la sua amata Gioia del Colle.<\/span><\/p>\n<p style=\"margin-bottom: 0.0001pt; text-align: justify;\"><span>E verr\u00e0 il tempo a ripagare al suo genio amarezze e incomprensioni. Sovente si sente dire: era un carattere difficile. Si lo era, financo scontroso e irato. <\/span><\/p>\n<p style=\"margin-bottom: 0.0001pt; text-align: justify;\"><span>Ma con chi non era incline a leggere la storia che aveva attraversato e che con il suo segno ha scritto come protagonista insigne della citt\u00e0, specialmente nella seconda met\u00e0 del 900.<\/span><\/p>\n<p style=\"margin-bottom: 0.0001pt; text-align: justify;\"><span>Dalle origini vissute nel vicolo di lato a Villa Cassano, a due passi da Palazzo San Domenico a cui ascese decenni dopo, alla scuola pubblica &#8211; palestra di vita cresciuta con le sue innovazioni, alla fede nella Costituzione nata dalla Resistenza antifascista nello spazio pubblico, al disgelo post guerra fredda di cui \u00e8 stato anticipatore nel rapporto con le forze popolari e della sinistra. La critica al potere e alle persone o gruppi politici che lo esercitano secondo interessi ristrett\u00ec \u00e8 stata la costante della sua etica pubblica. Prima solo profetica. Poi affermata come virt\u00f9 operosa e riconosciuta negli anni dal 68 in poi. <\/span><\/p>\n<p style=\"margin-bottom: 0.0001pt; text-align: justify;\"><span>Fonte di dialoghi nell\u2019Agora con giovinastri con l\u2019eskimo, che invitava al Csep per approfondire, riconoscere i rispettivi nuclei di verit\u00e0 delle aspirazioni alla giustizia sociale.<\/span><\/p>\n<p style=\"margin-bottom: 0.0001pt; text-align: justify;\"><span>Lui con la fiducia nelle istituzioni, noi con l\u2019ideologia della autonomia da esse.<\/span><\/p>\n<p style=\"margin-bottom: 0.0001pt; text-align: justify;\"><span>E in quella istituzione, il Consiglio luogo della sovranit\u00e0 democratica, ci si incontr\u00f2 scrivendo uno dei periodi pi\u00f9 alti del rapporto con la Polis.<\/span><\/p>\n<p style=\"margin-bottom: 0.0001pt; text-align: justify;\"><span>Ogni ciclo si apre e si conclude. Valse per Rocco Fasano. Mai si \u00e8 chiusa la sua connessione sentimentale con la citt\u00e0. Vi riversava ancora studi sulla Banda e sui Caseari e semi della cultura universale. E scritti. <\/span><\/p>\n<p style=\"margin-bottom: 0.0001pt; text-align: justify;\"><span>\u00c8 troppo presto per avere una lettura a tutto tondo della sua eredit\u00e0. Ci agita il sentimento dell\u2019abbandono e il pensiero di se sulla solitudine: \u201csono caduto in un viottolo come tra pietre seme che non mette radici. Mi accoccolo ai parieti, preda di uccelli e di cielo. Cos\u00ec solo, dischiude la corolla il fiore mio selvatico, e se canto mi cingo di spine. Solitudine, filtrami l\u2019ebbrezza che t\u2019approssima la morte! Mi stendo arso e sopito al refrigerio della tua stretta di ghiaccio\u201d.<\/span><\/p>\n<p style=\"margin-bottom: 0.0001pt; text-align: justify;\"><span>\u00c8 il pensiero del crepuscolo. Ma non della vita tua vissuta, Rocco. Tutte le persone di buona volont\u00e0 ti hanno vissuto figlio illustre di Gioia e del mondo. A loro spetta di meditare sulla grandezza della tua eredit\u00e0 per consegnarla alla coscienza civica dei gioiesi, per l\u2019oggi e per il domani.<\/span><\/p>\n<p style=\"margin-bottom: 0.0001pt; text-align: right;\" align=\"right\"><strong><span>Enzo Lavarra<\/span><\/strong><\/p>\n<p>&nbsp;<\/p>\n<p>&nbsp;<\/p>\n","protected":false},"excerpt":{"rendered":"","protected":false},"author":1,"featured_media":0,"comment_status":"open","ping_status":"closed","sticky":false,"template":"","format":"standard","meta":{"colormag_page_container_layout":"default_layout","colormag_page_sidebar_layout":"default_layout","footnotes":""},"categories":[7],"tags":[],"class_list":["post-66119","post","type-post","status-publish","format-standard","hentry","category-attualita"],"_links":{"self":[{"href":"https:\/\/archiviogioia.lavocedelpaese.info\/index.php?rest_route=\/wp\/v2\/posts\/66119","targetHints":{"allow":["GET"]}}],"collection":[{"href":"https:\/\/archiviogioia.lavocedelpaese.info\/index.php?rest_route=\/wp\/v2\/posts"}],"about":[{"href":"https:\/\/archiviogioia.lavocedelpaese.info\/index.php?rest_route=\/wp\/v2\/types\/post"}],"author":[{"embeddable":true,"href":"https:\/\/archiviogioia.lavocedelpaese.info\/index.php?rest_route=\/wp\/v2\/users\/1"}],"replies":[{"embeddable":true,"href":"https:\/\/archiviogioia.lavocedelpaese.info\/index.php?rest_route=%2Fwp%2Fv2%2Fcomments&post=66119"}],"version-history":[{"count":0,"href":"https:\/\/archiviogioia.lavocedelpaese.info\/index.php?rest_route=\/wp\/v2\/posts\/66119\/revisions"}],"wp:attachment":[{"href":"https:\/\/archiviogioia.lavocedelpaese.info\/index.php?rest_route=%2Fwp%2Fv2%2Fmedia&parent=66119"}],"wp:term":[{"taxonomy":"category","embeddable":true,"href":"https:\/\/archiviogioia.lavocedelpaese.info\/index.php?rest_route=%2Fwp%2Fv2%2Fcategories&post=66119"},{"taxonomy":"post_tag","embeddable":true,"href":"https:\/\/archiviogioia.lavocedelpaese.info\/index.php?rest_route=%2Fwp%2Fv2%2Ftags&post=66119"}],"curies":[{"name":"wp","href":"https:\/\/api.w.org\/{rel}","templated":true}]}}