{"id":66152,"date":"2021-09-27T07:51:30","date_gmt":"2021-09-27T07:51:30","guid":{"rendered":"https:\/\/archiviogioia.lavocedelpaese.info\/?p=66152"},"modified":"2021-09-27T07:51:30","modified_gmt":"2021-09-27T07:51:30","slug":"uccisione-cucciolo-cinghiale-interviene-comitato-si-aboliamo-la-caccia-2","status":"publish","type":"post","link":"https:\/\/archiviogioia.lavocedelpaese.info\/?p=66152","title":{"rendered":"Uccisione cucciolo cinghiale. La voce del \u201cComitato S\u00ec aboliamo la caccia\u201d"},"content":{"rendered":"<p><a href=\"https:\/\/ibb.co\/JR1DKfx\"><img loading=\"lazy\" decoding=\"async\" style=\"display: block; margin-left: auto; margin-right: auto;\" src=\"https:\/\/i.ibb.co\/Z6jqVnH\/posta-caccia-cinghiale-2-2.jpg\" alt=\"posta-caccia-cinghiale-2-2\" width=\"320\" height=\"240\" \/><\/a><\/p>\n<p><!--more--><\/p>\n<p style=\"margin-bottom: 0.0001pt; line-height: normal; text-align: justify;\"><a href=\"https:\/\/ibb.co\/N7h5m2P\"><img loading=\"lazy\" decoding=\"async\" style=\"margin: 5px; float: left;\" src=\"https:\/\/i.ibb.co\/DLXh8fy\/CINGHIALETTO.jpg\" alt=\"CINGHIALETTO\" width=\"400\" height=\"300\" \/><\/a><span style=\"color: #222222; border: 1pt none black; padding: 0cm;\">\u201cUn ignobile atto di bracconaggio si \u00e8 verificato nei giorni scorsi in Puglia, nelle campagne di Gioia del Colle, in provincia di Bari.<\/span><\/p>\n<p style=\"margin-bottom: 0.0001pt; line-height: normal; text-align: justify;\"><span style=\"color: #222222; border: 1pt none black; padding: 0cm;\">Il \u201cComitato Si Aboliamo la Caccia\u201d ha appreso con sgomento del vile atto di violenza perpetrato, lo scorso 22 settembre, ai danni di un cucciolo indifeso di cinghiale.<\/span><\/p>\n<p style=\"margin-bottom: 0.0001pt; line-height: normal; text-align: justify;\"><span style=\"color: #222222; border: 1pt none black; padding: 0cm;\">Per il piccolo ungulato, purtroppo, non c&#8217;\u00e8 stato nulla da fare. L&#8217;animale, infatti, \u00e8 stato raggiunto da alcuni proiettili che ne hanno letteralmente squartato la parte posteriore del corpo, sottoponendolo ad atroci sofferenze prima di dover essere addormentato.<\/span><\/p>\n<p style=\"margin-bottom: 0.0001pt; line-height: normal; text-align: justify;\"><strong><span style=\"color: #222222; border: 1pt none black; padding: 0cm;\">I proiettili impiegati nella caccia al cinghiale possono uccidere chiunque<\/span><\/strong><\/p>\n<p style=\"margin-bottom: 0.0001pt; line-height: normal; text-align: justify;\"><span style=\"color: #222222; border: 1pt none black; padding: 0cm;\">Come si evince bene dalle foto dell&#8217;animale martoriato, la portata massiccia dei proiettili impiegati <\/span><span style=\"color: #222222;\">normalmente nella caccia al cinghiale \u00e8 tale da poter uccidere un essere umano. Al di l\u00e0 del fatto che, in questo caso specifico, si sia trattato di un atto d bracconaggio (dovuto al fatto che la caccia al cinghiale non risulta ancora aperta) resta, dunque, forte la preoccupazione nel sapere che boschi e campagne non possano essere considerati luoghi sicuri a causa dell\u2019attivit\u00e0 venatoria.<\/span><\/p>\n<p style=\"margin-bottom: 0.0001pt; line-height: normal; text-align: justify;\"><strong><span style=\"color: #222222; border: 1pt none black; padding: 0cm;\">Non un caso isolato<\/span><\/strong><\/p>\n<p style=\"margin-bottom: 0.0001pt; line-height: normal; text-align: justify;\"><span style=\"color: #222222; border: 1pt none black; padding: 0cm;\">Tale episodio va ad aggiungersi a molti altri episodi simili verificatisi nelle ultime ore in tutta Italia, a pochi giorni dall&#8217;apertura della stagione venatoria.<\/span><a href=\"https:\/\/ibb.co\/c6fqnMj\"><img loading=\"lazy\" decoding=\"async\" style=\"margin: 5px; float: right;\" src=\"https:\/\/i.ibb.co\/8rvkZTH\/cartucce-650x350.jpg\" alt=\"cartucce-650x350\" width=\"400\" height=\"215\" \/><\/a><\/p>\n<p style=\"margin-bottom: 0.0001pt; line-height: normal; text-align: justify;\"><span style=\"color: #222222; border: 1pt none black; padding: 0cm;\">Domenica 19 settembre, prima giornata di apertura ufficiale della caccia, un uomo di sessantacinque anni \u00e8 stato deferito alla Procura della Repubblica di Brindisi per aver abbattuto illegalmente un fagiano in un periodo non consentito, poco fuori i confini del Parco del Parco delle Saline.<\/span><\/p>\n<p style=\"margin-bottom: 0.0001pt; line-height: normal; text-align: justify;\"><span style=\"color: #222222; border: 1pt none black; padding: 0cm;\">Lo stesso giorno, in Umbria, nella zona del Trasimeno, un capriolo \u00e8 stato rinvenuto morto, ucciso da colpi di arma da fuoco.<\/span><\/p>\n<p style=\"margin-bottom: 0.0001pt; line-height: normal; text-align: justify;\"><span style=\"color: #222222; border: 1pt none black; padding: 0cm;\">Sempre nel brindisino una pattuglia di carabinieri forestali di Ostuni ha intercettato e bloccato un sessantenne che aveva abbattuto illegalmente una lepre.<\/span><\/p>\n<p style=\"margin-bottom: 0.0001pt; line-height: normal; text-align: justify;\"><span style=\"color: #222222; border: 1pt none black; padding: 0cm;\">Si moltiplicano, inoltre, sui social, i post dei profili virtuali dei Centri di Recupero per la f<\/span><span style=\"color: #222222; border: 1pt none black; padding: 0cm;\">auna selvatica che postano foto di animali (soprattutto volatili di specie protette) recuperati impallinati nelle ultime ore.<\/span><\/p>\n<p style=\"margin-bottom: 0.0001pt; line-height: normal; text-align: justify;\"><strong><span style=\"color: #222222; border: 1pt none black; padding: 0cm;\">Molti incidenti di caccia, tragedie sfiorate&nbsp;e disagi<\/span><\/strong><\/p>\n<p style=\"margin-bottom: 0.0001pt; line-height: normal; text-align: justify;\"><span style=\"color: #222222; border: 1pt none black; padding: 0cm;\">Sul fronte degli incidenti che vedono coinvolti gl<\/span><a href=\"https:\/\/ibb.co\/0hLr9Cm\"><img loading=\"lazy\" decoding=\"async\" style=\"margin: 5px; float: left;\" src=\"https:\/\/i.ibb.co\/NZqKN9t\/ca.jpg\" alt=\"ca\" width=\"400\" height=\"299\" \/><\/a><span style=\"color: #222222; border: 1pt none black; padding: 0cm;\">i esseri umani non va meglio, anzi.<\/span><\/p>\n<p style=\"margin-bottom: 0.0001pt; line-height: normal; text-align: justify;\"><span style=\"color: #222222; border: 1pt none black; padding: 0cm;\">A pochissime ore dall&#8217;inizio della stagione venatoria 2021 \u2013 2022 si contano gi\u00e0 due morti (entrambi cacciatori) e alcuni feriti anche tra chi non aveva nulla a che fare<\/span><span style=\"color: #222222; border: 1pt none black; padding: 0cm;\"> con le doppiette.<\/span><\/p>\n<p style=\"margin-bottom: 0.0001pt; line-height: normal; text-align: justify;\"><span style=\"color: #222222; border: 1pt none black; padding: 0cm;\">Nel veronese, un ciclista che transitava lungo la Val Tramigna \u00e8 stato colpito da un cacciatore che tentava di sparare ad un fagiano in direzione della strada.<\/span><\/p>\n<p style=\"margin-bottom: 0.0001pt; line-height: normal; text-align: justify;\"><span style=\"color: #222222; border: 1pt none black; padding: 0cm;\">Ad Osimo, invece, Comune marchigiano, in data 22 Settembre un residente che si trovava fuori dalla propria abitazione \u00e8 stato raggiunto alla spalla da un colpo partito dal fucile di un cacciatore.<\/span><\/p>\n<p style=\"margin-bottom: 0.0001pt; line-height: normal; text-align: justify;\"><span style=\"color: #222222; border: 1pt none black; padding: 0cm;\">Nella stessa localit\u00e0, nell&#8217;ottobre del 2018, fu un&nbsp;<\/span><span style=\"color: #222222;\">bambino di nove anni ad essere protagonista di un incidente di caccia che lo vide investito da una rosa di pallini al volto, alla testa e alla mano.<\/span><\/p>\n<p style=\"margin-bottom: 0.0001pt; line-height: normal; text-align: justify;\"><span style=\"color: #222222; border: 1pt none black; padding: 0cm;\">Ancora, nell&#8217;area dell\u2019Appennino reggia<\/span><span style=\"color: #222222; border: 1pt none black; padding: 0cm;\">no, lo scorso 23 settembre un cacciatore trentaduenne \u00e8 stato ricoverato in gravi condizioni dopo essere stato colpito da diversi pallini al volto, alle braccia e al torace.<\/span><\/p>\n<p style=\"margin-bottom: 0.0001pt; line-height: normal; text-align: justify;\"><span style=\"color: #222222; border: 1pt none black; padding: 0cm;\">Il 20 settembre, nel viterbese, l&#8217;elisoccorso \u00e8 intervenuto in aiuto di un cacciatore di diciannove anni, rimasto gravemente ferito ad una gamba da un colpo di fucile.<\/span><a href=\"https:\/\/ibb.co\/xJwLY4x\"><img loading=\"lazy\" decoding=\"async\" style=\"margin: 5px; float: right;\" src=\"https:\/\/i.ibb.co\/QrhQk5y\/la-provincia-organizza-corsi-per-cacciatori-485762-large.jpg\" alt=\"la-provincia-organizza-corsi-per-cacciatori-485762-large\" width=\"400\" height=\"300\" \/><\/a><\/p>\n<p style=\"margin-bottom: 0.0001pt; line-height: normal; text-align: justify;\"><span style=\"color: #222222; border: 1pt none black; padding: 0cm;\">Tragedia sfiorata anche sul Pollino pochi giorni orsono: in data 16 settembre, il quotidiano \u201cLa Stampa\u201d riportava la disavventura di una famiglia torinese in vacanza nell\u2019aerea montana.<\/span><\/p>\n<p style=\"margin-bottom: 0.0001pt; line-height: normal; text-align: justify;\"><span style=\"color: #222222; border: 1pt none black; padding: 0cm;\">Nel cuore della notte alcuni uomini intenti a inseguire un cinghiale centravano il finestri<\/span><span style=\"color: #222222; border: 1pt none black; padding: 0cm;\">no del camper su cui la famiglia soggiornava. \u201c<\/span><i><span style=\"color: #222222;\">Un proiettile ha infranto un vetro e si \u00e8 conficcato in un mobiletto, vicino al <\/span><\/i><i><span style=\"color: #222222;\">cuscino su cui dormivano i<\/span><\/i><span style=\"color: #222222;\">&nbsp;<i>miei figli di quattro e sei anni\u201d&nbsp;<\/i>ha raccontato il padre di famiglia, intervistato<i>.<\/i><\/span><\/p>\n<p style=\"margin-bottom: 0.0001pt; line-height: normal; text-align: justify;\"><span style=\"color: #222222; border: 1pt none black; padding: 0cm;\">Agli incidenti si aggiungono anche disagi notevoli: nel vicentino, nei giorni scorsi, un gruppo di cacciatori ha bloccato un\u2019arteria stradale per diversi minuti, mentre tentava di rincorrere una lepre braccata e fuggita nella direzione di una strada provinciale.<\/span><\/p>\n<p style=\"margin-bottom: 0.0001pt; line-height: normal; text-align: justify;\"><span style=\"color: #222222; border: 1pt none black; padding: 0cm;\">Insomma, gli ormai innumerevoli fatti di cronaca parlano da soli.<\/span><\/p>\n<p style=\"margin-bottom: 0.0001pt; line-height: normal; text-align: justify;\"><span style=\"color: #222222; border: 1pt none black; padding: 0cm;\">Vale la pena ricordare che, secondo quanto riportato&nbsp;<\/span><span style=\"color: #222222;\">dall'&#8221;Associazione&nbsp;Vittime della caccia\u201d, la scorsa stagione venatoria si \u00e8 conclusa con 14 morti e 48 feriti. Di questi, 4 morti e 5 feriti erano estranei al mondo della caccia.<\/span><\/p>\n<p style=\"margin-bottom: 0.0001pt; line-height: normal; text-align: justify;\"><strong><span style=\"color: #222222; border: 1pt none black; padding: 0cm;\">Un hobby pericoloso non solo per chi lo pratica<\/span><\/strong><\/p>\n<p style=\"margin-bottom: 0.0001pt; line-height: normal; text-align: justify;\"><span style=\"color: #222222; border: 1pt none black; padding: 0cm;\">Un\u2019attivit\u00e0 che produce ogni anno un tale bollettino di morti e feriti non pu\u00f2 essere considerata ludica, soprattutto quando mette a rischio la vita e la sicurezza di coloro che non hanno scelto volontariamente di essere coinvolti.<\/span><\/p>\n<p style=\"margin-bottom: 0.0001pt; line-height: normal; text-align: justify;\"><span style=\"color: #222222; border: 1pt none black; padding: 0cm;\">La caccia, infatti, si pratica nel fine settimana (o<\/span><a href=\"https:\/\/ibb.co\/BVsqKcq\"><img loading=\"lazy\" decoding=\"async\" style=\"margin: 5px; float: left;\" src=\"https:\/\/i.ibb.co\/pvXJrbJ\/241678561-1531198710562478-462960330258844663-n.jpg\" alt=\"241678561-1531198710562478-462960330258844663-n\" width=\"400\" height=\"400\" \/><\/a><span style=\"color: #222222; border: 1pt none black; padding: 0cm;\">ltre che il mercoled\u00ec), momento ideale per molti, famiglie comprese, di concedersi passeggiate in campagna, escursioni nei boschi e attivit\u00e0 all&#8217;aria aperta lontano dalle citt\u00e0.<\/span><\/p>\n<p style=\"margin-bottom: 0.0001pt; line-height: normal; text-align: justify;\"><span style=\"color: #222222; border: 1pt none black; padding: 0cm;\">Pensare che il 99% degli italiani possa vedere compromessa la possibilit\u00e0 di godere della Natura per via del timore di essere vittima di un incidente derivante da un passatempo ad altissimo rischio praticato dal rest<\/span><span style=\"color: #222222; border: 1pt none black; padding: 0cm;\">ante 1% della popolazione, appare fortemente discutibile.<\/span><\/p>\n<p style=\"margin-bottom: 0.0001pt; line-height: normal; text-align: justify;\"><strong><span style=\"color: #222222; border: 1pt none black; padding: 0cm;\">La criminalizzazione di una fauna selvatica allo stremo delle forze<\/span><\/strong><\/p>\n<p style=\"margin-bottom: 0.0001pt; line-height: normal; text-align: justify;\"><span style=\"color: #222222; border: 1pt none black; padding: 0cm;\">Si aggiunga, inoltre, che la fa<\/span><span style=\"color: #222222; border: 1pt none black; padding: 0cm;\">una selvatica, \u201cpatrimonio indisponibile dello Stato\u201d e dunque ricchezza collettiva, risulta negli ultimi tempi gi\u00e0 fortemente provata dalle attivit\u00e0 umane: dagli effetti dei mutamenti climatici all&#8217;inquinamento (anche da quello prodotto da plastica e piombo causato delle cartucce abbandonate a migliaia&nbsp;nell\u2019ambiente), dall\u2019erosione delle aree verdi ai moltissimi incendi che hanno devastato di recente la nostra Penisola.<\/span><\/p>\n<p style=\"margin-bottom: 0.0001pt; line-height: normal; text-align: justify;\"><span style=\"color: #222222; border: 1pt none black; padding: 0cm;\">Sorge dunque il dubbio che la campagna di criminalizzazione condotta ai danni della fauna selvatica, e di alcune specie in particolare, sia strumentale ad attribuire una funzione sociale ad un\u2019attivit\u00e0, quella venatoria, che diventa sempre pi\u00f9 impopolare tra gli italiani.<\/span><\/p>\n<p style=\"margin-bottom: 0.0001pt; line-height: normal; text-align: justify;\"><strong><span style=\"color: #222222; border: 1pt none black; padding: 0cm;\">Sovrappopolamento dei cinghiali: la caccia non \u00e8 la soluzione, ma il problema<\/span><\/strong><\/p>\n<p style=\"margin-bottom: 0.0001pt; line-height: normal; text-align: justify;\"><span style=\"color: #222222; border: 1pt none black; padding: 0cm;\">Non \u00e8 un caso, infatti, che se da un lato alcuni non perdono occasione per puntare il dito contro alcune specie, dall&#8217;altro, gli stessi, omettono sistematicamente di fare riferimento all&#8217;origine del problema.<\/span><a href=\"https:\/\/ibb.co\/Zg8mFwm\"><img loading=\"lazy\" decoding=\"async\" style=\"margin: 5px; float: right;\" src=\"https:\/\/i.ibb.co\/FYwVyfV\/E-6-PHBTVc-AAVdi-P.jpg\" alt=\"E-6-PHBTVc-AAVdi-P\" width=\"400\" height=\"400\" \/><\/a><\/p>\n<p style=\"margin-bottom: 0.0001pt; line-height: normal; text-align: justify;\"><span style=\"color: #222222; border: 1pt none black; padding: 0cm;\">Nel caso specifico dei cinghiali (particolarmente in voga ultimamente) \u00e8 doveroso <\/span><span style=\"color: #222222; border: 1pt none black; padding: 0cm;\">rendere noto che gli animali che spopolano attualmente in tutta la Penisola sono il frutto di un incrocio pianificato tra il cinghiale n<\/span><span style=\"color: #222222; border: 1pt none black; padding: 0cm;\">ostrano, poco prolifico e alcune fattrici dell\u2019est Europa, particolarmente prolifiche e appositamente reintrodotte a fini venatori, circa vent\u2019anni fa.<\/span><\/p>\n<p style=\"margin-bottom: 0.0001pt; line-height: normal; text-align: justify;\"><span style=\"color: #222222; border: 1pt none black; padding: 0cm;\">La caccia, inoltre, non solo \u00e8 responsabile del problema del sovrannumero di questa specie, ma lo incrementa sistematicamente, andando a turbare un naturale meccanismo di contenimento delle nascite che vige a<\/span><span style=\"color: #222222; border: 1pt none black; padding: 0cm;\">ll&#8217;interno dei branchi.<\/span><\/p>\n<p style=\"margin-bottom: 0.0001pt; line-height: normal; text-align: justify;\"><span style=\"color: #222222; border: 1pt none black; padding: 0cm;\">Questi ungulati, infatti, presentano un\u2019organizzazione matriarcale che prevede che a riprodursi sia solo la femmina matrona, la meno prolifica, che emette un feromone che blocca l\u2019estro di tutte le altre femmine del gruppo, <\/span><span style=\"color: #222222; border: 1pt none black; padding: 0cm;\">pi\u00f9 giovani e pi\u00f9 prolifiche.<\/span><\/p>\n<p style=\"margin-bottom: 0.0001pt; line-height: normal; text-align: justify;\"><span style=\"color: #222222; border: 1pt none black; padding: 0cm;\">La selezione casuale operata dall\u2019attivit\u00e0 venatoria compromette inevitabilmente questo meccanismo naturale.<\/span><\/p>\n<p style=\"margin-bottom: 0.0001pt; line-height: normal; text-align: justify;\"><span style=\"color: #222222; border: 1pt none black; padding: 0cm;\">Le femmine matriarca risultano tendenzialmente le pi\u00f9 soggette ad essere cacciate, in quanto, nella loro attivit\u00e0 di capobranco si espongono di pi\u00f9 nel tentativo di proteggere i piccoli e il resto del gruppo. Ne consegue che, con la morte della matrona, le femmine pi\u00f9 giovani e pi\u00f9 prolifiche vanno tutte contemporaneamente in estro, incrementando esponenzialmente il numero di animali in circolazione.<\/span><\/p>\n<p style=\"margin-bottom: 0.0001pt; line-height: normal; text-align: justify;\"><span style=\"color: #222222; border: 1pt none black; padding: 0cm;\">\u00c8 proprio la caccia e la tecnica della braccata, che forza gli animali a spostarsi dal proprio territorio di origine nel tentativo di sottrarsi al proprio destino, spingendoli ad unirsi ad altri gruppi o ad attraversare aree agricole e abitate, creando<\/span><a href=\"https:\/\/ibb.co\/KF55Dc2\"><img loading=\"lazy\" decoding=\"async\" style=\"margin: 5px; float: left;\" src=\"https:\/\/i.ibb.co\/D511YP9\/241730654-1208530363001173-1200516360064474453-n.jpg\" alt=\"241730654-1208530363001173-1200516360064474453-n\" width=\"400\" height=\"300\" \/><\/a><span style=\"color: #222222; border: 1pt none black; padding: 0cm;\"> cos\u00ec rischi, danni e disagi. Di fatto, accade, quindi, che le citt\u00e0 si rivelano, per questi animali luoghi pi\u00f9 sicuri dei boschi, dove resterebbero se non venissero stanati.<\/span><\/p>\n<p style=\"margin-bottom: 0.0001pt; line-height: normal; text-align: justify;\"><span style=\"color: #222222; border: 1pt none black; padding: 0cm;\">La selezione naturale operata dai lupi, e altri<\/span><span style=\"color: #222222; border: 1pt none black; padding: 0cm;\"> metodi scientificamente provati e non cruenti risultano essere pi\u00f9 efficaci, sicuri ed economici.<\/span><\/p>\n<p style=\"margin-bottom: 0.0001pt; line-height: normal; text-align: justify;\"><strong><span style=\"color: #222222; border: 1pt none black; padding: 0cm;\">Firma a sostegno del Referendum per l\u2019abolizione della caccia: per la sicurezza collettiva, per l&#8217;ambiente, per la tutela del Patrimonio Comune<\/span><\/strong><\/p>\n<p style=\"margin-bottom: 0.0001pt; line-height: normal; text-align: justify;\"><span style=\"color: #222222; border: 1pt none black; padding: 0cm;\">Il Comitato Si Aboliamo la Caccia coglie, dunque, l&#8217;occasione per rinnovare con forza l&#8217;invito a firmare a sostegno del&nbsp;<\/span><span style=\"color: #222222;\">Referendum per l&#8217;abolizione della caccia.<\/span><\/p>\n<p style=\"margin-bottom: 0.0001pt; line-height: normal; text-align: justify;\"><span style=\"color: #222222; border: 1pt none black; padding: 0cm;\">Si pu\u00f2 firmare fino al&nbsp;<\/span><span style=\"color: #222222;\">20 Ottobre,&nbsp;on line, (<\/span><span><a href=\"https:\/\/www.referendumsiaboliamolacaccia.it\/firma-digitale\/\">https:\/\/www.referendumsiaboliamolacaccia.it\/firma-digitale\/<\/a><span style=\"color: #222222;\">) tramite SPID (firma digitale),&nbsp;presso gli Uffici Elettorali di tutti I Comuni d\u2019Italia e ai banchetti allestiti dal Comitato in moltissime citt\u00e0 italiane.<\/span><\/span><\/p>\n<p style=\"margin-bottom: 0.0001pt; line-height: normal; text-align: justify;\"><span style=\"color: #222222; border: 1pt none black; padding: 0cm;\">Grazie a quanti sosterranno questa campagna di civilt\u00e0.<\/span><\/p>\n<p style=\"margin-bottom: 0.0001pt; line-height: normal; text-align: justify;\"><span style=\"color: #222222; border: 1pt none black; padding: 0cm;\">A Gioia del Colle tutti i sabati e domenica sera dalle 19.00 alle 22.00, in Via Roma (nei pressi della Chiesa Santa Lucia). Affrettati c\u2019\u00e8 tempo solo fino al 20 ottobre!\u201d<\/span><\/p>\n<div style=\"margin-bottom: 0.0001pt; text-align: right; line-height: normal;\" align=\"right\"><strong><span style=\"color: #222222; border: 1pt none black; padding: 0cm;\">Comitato Si Aboliamo la Caccia <\/span><\/strong><\/div>\n<div style=\"margin-bottom: 0.0001pt; text-align: right; line-height: normal;\" align=\"right\"><span style=\"color: #222222; border: 1pt none black; padding: 0cm;\"><a href=\"https:\/\/www.referendumsiaboliamolacaccia.it\/\">https:\/\/www.referendumsiaboliamolacaccia.it\/<\/a> <\/span><\/div>\n<p style=\"margin-bottom: 0.0001pt; line-height: normal;\"><strong><span style=\"color: #222222; border: 1pt none black; padding: 0cm;\">Per approfondimenti<\/span><\/strong><span style=\"color: #222222; border: 1pt none black; padding: 0cm;\">:<\/span><\/p>\n<p style=\"margin-bottom: 0.0001pt; line-height: normal;\"><span style=\"border: 1pt none black; padding: 0cm;\"><a href=\"https:\/\/greenreport.it\/news\/aree-protette-e-biodiversita\/ispra-la-caccia-in-braccata-non-serve-a-risolvere-il-problema-cinghiali\/\">https:\/\/greenreport.it\/news\/aree-protette-e-biodiversita\/ispra-la-caccia-in-braccata-non-serve-a-risolvere-il-problema-cinghiali\/<\/a><\/span><\/p>\n<p style=\"margin-bottom: 0.0001pt; line-height: normal;\"><span style=\"border: 1pt none black; padding: 0cm;\"><a href=\"https:\/\/www.lastampa.it\/la-zampa\/altri-animali\/2019\/06\/15\/news\/invasioni-di-cinghiali-l-esperto-ecco-perche-con-la-caccia-peggiorera-la-situazione-1.36541332\">https:\/\/www.lastampa.it\/la-zampa\/altri-animali\/2019\/06\/15\/news\/invasioni-di-cinghiali-l-esperto-ecco-perche-con-la-caccia-peggiorera-la-situazione-1.36541332<\/a><\/span><\/p>\n<p>&nbsp;<\/p>\n","protected":false},"excerpt":{"rendered":"","protected":false},"author":1,"featured_media":0,"comment_status":"open","ping_status":"closed","sticky":false,"template":"","format":"standard","meta":{"colormag_page_container_layout":"default_layout","colormag_page_sidebar_layout":"default_layout","footnotes":""},"categories":[7],"tags":[],"class_list":["post-66152","post","type-post","status-publish","format-standard","hentry","category-attualita"],"_links":{"self":[{"href":"https:\/\/archiviogioia.lavocedelpaese.info\/index.php?rest_route=\/wp\/v2\/posts\/66152","targetHints":{"allow":["GET"]}}],"collection":[{"href":"https:\/\/archiviogioia.lavocedelpaese.info\/index.php?rest_route=\/wp\/v2\/posts"}],"about":[{"href":"https:\/\/archiviogioia.lavocedelpaese.info\/index.php?rest_route=\/wp\/v2\/types\/post"}],"author":[{"embeddable":true,"href":"https:\/\/archiviogioia.lavocedelpaese.info\/index.php?rest_route=\/wp\/v2\/users\/1"}],"replies":[{"embeddable":true,"href":"https:\/\/archiviogioia.lavocedelpaese.info\/index.php?rest_route=%2Fwp%2Fv2%2Fcomments&post=66152"}],"version-history":[{"count":0,"href":"https:\/\/archiviogioia.lavocedelpaese.info\/index.php?rest_route=\/wp\/v2\/posts\/66152\/revisions"}],"wp:attachment":[{"href":"https:\/\/archiviogioia.lavocedelpaese.info\/index.php?rest_route=%2Fwp%2Fv2%2Fmedia&parent=66152"}],"wp:term":[{"taxonomy":"category","embeddable":true,"href":"https:\/\/archiviogioia.lavocedelpaese.info\/index.php?rest_route=%2Fwp%2Fv2%2Fcategories&post=66152"},{"taxonomy":"post_tag","embeddable":true,"href":"https:\/\/archiviogioia.lavocedelpaese.info\/index.php?rest_route=%2Fwp%2Fv2%2Ftags&post=66152"}],"curies":[{"name":"wp","href":"https:\/\/api.w.org\/{rel}","templated":true}]}}