{"id":66189,"date":"2021-10-05T06:34:30","date_gmt":"2021-10-05T06:34:30","guid":{"rendered":"https:\/\/archiviogioia.lavocedelpaese.info\/?p=66189"},"modified":"2021-10-05T06:34:30","modified_gmt":"2021-10-05T06:34:30","slug":"sulle-ali-della-liberta-premio-di-poesie-in-memoria-di-a-fariello-2","status":"publish","type":"post","link":"https:\/\/archiviogioia.lavocedelpaese.info\/?p=66189","title":{"rendered":"\u201cSulle ali della libert\u00e0\u201d, premio di poesie in memoria di A. Fariello"},"content":{"rendered":"<p><a href=\"https:\/\/ibb.co\/72T17Yt\"><img loading=\"lazy\" decoding=\"async\" style=\"display: block; margin-left: auto; margin-right: auto;\" src=\"https:\/\/i.ibb.co\/zGL4KnV\/locandina-sulle-ali-della-libert.jpg\" alt=\"locandina-sulle-ali-della-libert\" width=\"320\" height=\"240\" \/><\/a><\/p>\n<p><!--more--><\/p>\n<p style=\"margin-bottom: 0.0001pt; text-align: justify;\"><a href=\"https:\/\/ibb.co\/h1HMKgK\"><img loading=\"lazy\" decoding=\"async\" style=\"margin: 5px; float: left;\" src=\"https:\/\/i.ibb.co\/842Bjmj\/alessandro-fariello.jpg\" alt=\"alessandro-fariello\" width=\"400\" height=\"300\" \/><\/a> <span>\u201cUn <strong>premio di poesia in nome e in memoria di Alessandro Fariello<\/strong>, giovane di Grumo affetto da SMA, recentemente scomparso. <\/span><\/p>\n<p style=\"margin-bottom: 0.0001pt; text-align: justify;\"><span>Alessandro \u00e8 stato un poeta, un ragazzo dalla sensibilit\u00e0 fuori dal comune, \u201cil poeta guerriero\u201d, com\u2019\u00e8 stato definito, per la capacit\u00e0 di poter sfidare anche la sua crudele malattia con quella sensibilit\u00e0 stessa, esplicitata con il ricorso al verso, alla poesia. Ed un premio di questo genere \u00e8 sembrato il modo pi\u00f9 giusto di ricordarlo, in rispetto della sua personalit\u00e0, del suo cuore, delle sue enormi capacit\u00e0 espressive. Alessandro comunicava con lo sguardo, con la potenza del suo pensiero. Quel pensiero diventava parola, poesia. <\/span><\/p>\n<p style=\"margin-bottom: 0.0001pt; text-align: justify;\"><span>In un certo senso, grazie proprio a questo premio, gli organizzatori del concorso si augurano che ancora l\u2019espressivit\u00e0 di Alessandro trovi terreno fertile, magari attraverso la creativit\u00e0 e la fantasia di chi parteciper\u00e0 alla speciale \u2018gara\u2019 ed eterner\u00e0 il suo ricordo. <\/span><\/p>\n<p style=\"margin-bottom: 0.0001pt; text-align: justify;\"><strong><span>L\u2019evento sar\u00e0 a cura dell\u2019Associazione Angeli senza Frontiere<\/span><\/strong><span> e di un particolare comitato mess<\/span><span>o a punto per dare concretezza ad un\u2019idea subito sembrata quasi naturale agli amici di Alessandro, a chi negli ultimi anni \u00e8 stato vicino al giovane. <\/span><\/p>\n<p style=\"margin-bottom: 0.0001pt; text-align: justify;\"><strong><span>Qualche notizia sul premio, ancora nelle sue iniziali fasi organizzative<\/span><\/strong><span>. <\/span><\/p>\n<p style=\"margin-bottom: 0.0001pt; text-align: justify;\"><span>Si comporr\u00e0 di un\u2019unica sezione, denominata \u201cPoesia inedita\u201d, aperta a tutti gli autori con un unico testo in lingua italiana avente per tema \u201cLa Libert\u00e0\u201d. <\/span><\/p>\n<p style=\"margin-bottom: 0.0001pt; text-align: justify;\"><span>Su questo concetto si eserciteranno, dunque, partecipanti necessariamente maggiori di 18 a<\/span><a href=\"https:\/\/ibb.co\/TvzSJLr\"><img loading=\"lazy\" decoding=\"async\" style=\"margin: 5px; float: right;\" src=\"https:\/\/i.ibb.co\/cgzHRLx\/PHOTO-2021-10-02-18-42-25.jpg\" alt=\"PHOTO-2021-10-02-18-42-25\" width=\"350\" height=\"467\" \/><\/a><span>nni, in un p<\/span><span>remio aperto a tutti, senza alcun tipo di distinzione culturale ed economica. L\u2019iscrizione sar\u00e0 gratuita, non consistendo in un concorso a premi o con vincite in denaro. <\/span><\/p>\n<p style=\"margin-bottom: 0.0001pt; text-align: justify;\"><strong><span>Il testo dovr\u00e0 essere tassativamente inedito<\/span><\/strong><span> (fino al giorno della cerimonia di consegna), cio\u00e8 non aver ricevuto regolare pubblicazione editoriale, n\u00e9 deve essere stato premiato in altri concorsi letterari, pena l\u2019esclusione. <\/span><\/p>\n<p style=\"margin-bottom: 0.0001pt; text-align: justify;\"><strong><span>Ogni autore<\/span><\/strong><span>, inoltre, <strong>potr\u00e0 partecipare con una sola poesia inedita<\/strong> in lingua italiana (versi liberi o in metrica), che dovr\u00e0 attenersi al tema proposto. <\/span><\/p>\n<p style=\"margin-bottom: 0.0001pt; text-align: justify;\"><span>Il comitato organizzatore e l\u2019Associazione Angeli senza Frontiere lasciano libert\u00e0 di espressione, chiedendo comunque il rispetto del senso civile e pertanto si riservano il diritto (a loro insindacabile giudizio) di rifiutare poesie a contenuto blasfemo o non conformi alla propria morale.<\/span><\/p>\n<p style=\"margin-bottom: 0.0001pt; text-align: justify;\"><span>L\u2019organo princi<\/span><span>pale del premio, gi\u00e0 costituito, consiste in una <strong>giuria<\/strong> per la selezione delle opere finaliste e per la premiazione delle opere vincitrici.<\/span><\/p>\n<p style=\"margin-bottom: 0.0001pt; text-align: justify;\"><strong><span>Presidente<\/span><\/strong><\/p>\n<div style=\"margin-bottom: 0.0001pt; text-align: justify;\"><strong><span>Luigi LAFRANCES<\/span><\/strong><strong><span>CHINA<\/span><\/strong><span> Docente, studioso del pensiero pedagogico. <\/span><\/div>\n<p style=\"margin-bottom: 0.0001pt; text-align: justify;\"><strong><span>Membri<\/span><\/strong><\/p>\n<div style=\"margin-bottom: 0.0001pt; text-align: justify;\"><strong><span>Annalisa GENTILE<\/span><\/strong><span> &#8211; imprenditrice<\/span><\/div>\n<div style=\"margin-bottom: 0.0001pt; text-align: justify;\"><strong><span>Marino PAGANO<\/span><\/strong><span> &#8211; giornalista, saggista<\/span><\/div>\n<div style=\"margin-bottom: 0.0001pt; text-align: justify;\"><strong><span>Mario SICOLO<\/span><\/strong><span> &#8211; docente, giornalista<\/span><\/div>\n<div style=\"margin-bottom: 0.0001pt; text-align: justify;\"><strong><span>Nicola LAVACCA<\/span><\/strong><span> &#8211; giornalista professionista<\/span><\/div>\n<div style=\"margin-bottom: 0.0001pt; text-align: justify;\"><strong><span>Pierfrancesco DI MASI<\/span><\/strong><span> &#8211; medico anestesista, giornalista pubblicista<\/span><\/div>\n<div style=\"margin-bottom: 0.0001pt; text-align: justify;\"><strong><span>Rossella GIUGLIANO &#8211; <\/span><\/strong><span>attrice, regista <\/span><\/div>\n<div style=\"margin-bottom: 0.0001pt; text-align: justify;\"><strong><span>Vito PLANTAMURA<\/span><\/strong><span> &#8211; docente, presidente Associazione Angeli senza Frontiere <\/span><\/div>\n<p style=\"margin-bottom: 0.0001pt; text-align: justify;\"><span>Il giudizio della giuria sar\u00e0 insindacabile ed inappellabile. <\/span><strong><span>La cerimonia di premiazione si terr\u00e0 il 7 dicembre 2021. <\/span><\/strong><\/p>\n<p style=\"margin-bottom: 0.0001pt; text-align: justify;\"><strong><span>Altri aspetti tecnici<\/span><\/strong><span> sono comunicati in <a href=\"https:\/\/www.facebook.com\/106016594925010\/posts\/119233566936646\/?d=n\" target=\"_blank\" rel=\"noopener\"><span style=\"color: #1155cc; background: white none repeat scroll 0% 0%;\">https:\/\/www.facebook.com\/106016594925010\/posts\/119233566936646\/?d=n<\/span><\/a> <\/span><\/p>\n<p style=\"margin-bottom: 0.0001pt; text-align: justify;\"><span>Eventuali altre comunicazioni saranno riferite nelle prossime settimane o nei mesi a me seguire a cura del comitato organizzatore\u201d.<\/span><\/p>\n<p>&nbsp;<\/p>\n<p>&nbsp;<\/p>\n","protected":false},"excerpt":{"rendered":"","protected":false},"author":1,"featured_media":0,"comment_status":"open","ping_status":"closed","sticky":false,"template":"","format":"standard","meta":{"colormag_page_container_layout":"default_layout","colormag_page_sidebar_layout":"default_layout","footnotes":""},"categories":[7],"tags":[],"class_list":["post-66189","post","type-post","status-publish","format-standard","hentry","category-attualita"],"_links":{"self":[{"href":"https:\/\/archiviogioia.lavocedelpaese.info\/index.php?rest_route=\/wp\/v2\/posts\/66189","targetHints":{"allow":["GET"]}}],"collection":[{"href":"https:\/\/archiviogioia.lavocedelpaese.info\/index.php?rest_route=\/wp\/v2\/posts"}],"about":[{"href":"https:\/\/archiviogioia.lavocedelpaese.info\/index.php?rest_route=\/wp\/v2\/types\/post"}],"author":[{"embeddable":true,"href":"https:\/\/archiviogioia.lavocedelpaese.info\/index.php?rest_route=\/wp\/v2\/users\/1"}],"replies":[{"embeddable":true,"href":"https:\/\/archiviogioia.lavocedelpaese.info\/index.php?rest_route=%2Fwp%2Fv2%2Fcomments&post=66189"}],"version-history":[{"count":0,"href":"https:\/\/archiviogioia.lavocedelpaese.info\/index.php?rest_route=\/wp\/v2\/posts\/66189\/revisions"}],"wp:attachment":[{"href":"https:\/\/archiviogioia.lavocedelpaese.info\/index.php?rest_route=%2Fwp%2Fv2%2Fmedia&parent=66189"}],"wp:term":[{"taxonomy":"category","embeddable":true,"href":"https:\/\/archiviogioia.lavocedelpaese.info\/index.php?rest_route=%2Fwp%2Fv2%2Fcategories&post=66189"},{"taxonomy":"post_tag","embeddable":true,"href":"https:\/\/archiviogioia.lavocedelpaese.info\/index.php?rest_route=%2Fwp%2Fv2%2Ftags&post=66189"}],"curies":[{"name":"wp","href":"https:\/\/api.w.org\/{rel}","templated":true}]}}