{"id":66245,"date":"2021-10-19T13:28:13","date_gmt":"2021-10-19T13:28:13","guid":{"rendered":"https:\/\/archiviogioia.lavocedelpaese.info\/?p=66245"},"modified":"2021-10-19T13:28:13","modified_gmt":"2021-10-19T13:28:13","slug":"cancellata-la-poesia-del-centro-storico-meta-di-giovani-e-turisti-2","status":"publish","type":"post","link":"https:\/\/archiviogioia.lavocedelpaese.info\/?p=66245","title":{"rendered":"\u201cCancellata\u201d la poesia del centro storico. Meta di giovani e turisti"},"content":{"rendered":"<p><a title=\"innamorati e poesia nel centro storico\" href=\"https:\/\/www.flickr.com\/photos\/91470992@N02\/51607096263\/in\/photostream\/\" data-flickr-embed=\"true\"><img loading=\"lazy\" decoding=\"async\" style=\"display: block; margin-left: auto; margin-right: auto;\" src=\"https:\/\/live.staticflickr.com\/65535\/51607096263_e253ab4be3_o.jpg\" alt=\"innamorati e poesia nel centro storico\" width=\"320\" height=\"240\" \/><\/a><\/p>\n<p><!--more--><\/p>\n<p style=\"margin-bottom: 0.0001pt; text-align: justify;\"><a title=\"scalinata centro storico e poesia\" href=\"https:\/\/www.flickr.com\/photos\/91470992@N02\/51607756045\/in\/photostream\/\" data-flickr-embed=\"true\"><img loading=\"lazy\" decoding=\"async\" style=\"margin: 5px; float: left;\" src=\"https:\/\/live.staticflickr.com\/65535\/51607756045_967c529f71_w.jpg\" alt=\"scalinata centro storico e poesia\" width=\"350\" height=\"465\" \/><\/a> <span>\u201c<strong>Era una fiaba vedere i bambini sorridere, saltellare sui gradini<\/strong>. Vedere i selfie dei turisti e dei gioiesi, le tante storie su Instagram&#8230; <strong>Era come entrare nella favola di Bianca Lancia e Federico II<\/strong>\u2026 <\/span><\/p>\n<p style=\"margin-bottom: 0.0001pt; text-align: justify;\"><strong><span>Adesso \u00e8 una semplice scalinata<\/span><\/strong><span>, non \u00e8 stata pitturata, sono state solo ricoperte le scritte, perch\u00e9?<\/span><\/p>\n<p style=\"margin-bottom: 0.0001pt; text-align: justify;\"><strong><span>Perch\u00e9 a Gioia il bello viene cancellato?<\/span><\/strong><span>\u201d<\/span><\/p>\n<p style=\"margin-bottom: 0.0001pt; text-align: justify;\"><span>Queste le parole con cui la pittrice <strong>Antonella Lozito<\/strong> ha commentato con profonda amarezza la \u201ccancellazione\u201d dei versi poetici riportati su una scalinata del Centro storico, <strong>da lei artisticamente trascritti a mano in punta di pennello<\/strong>. Versi tratti da una poesia di Federico II dedicati a Bianca Lancia, poco distanti dipinti insieme in posa regale su una delle \u201cPorte dell\u2019Imperatore\u201d.<\/span><\/p>\n<p style=\"margin-bottom: 0.0001pt; text-align: justify;\"><strong><span>A commissionare l\u2019opera nell\u2019estate del 2018 concordandone con i proprietari i dettagli, il titolare della Tigelleria Cab\u00f2<\/span><\/strong><span>.<\/span><\/p>\n<p style=\"margin-bottom: 0.0001pt; text-align: justify;\"><strong><span>Uno scorcio davvero da favola<\/span><\/strong><span>, <strong>ingioiellato da opere d\u2019arte e soprattutto da esse \u201crivalutato\u201d<\/strong>. Il fatto stesso che un imprenditore a proprie spese diventi un mecenate per offrire ai suoi clienti bellezza, inondando di fiori e poesia angoli di Gioia da cui fino a pochi anni fa si scappava a causa del degrado e dell\u2019abbandono, dovrebbe far riflettere sulla gravit\u00e0 del gesto che &#8211; per quanto legittimo, trattandosi di propriet\u00e0 privata &#8211; ha inferto u<strong>na profonda ferita alla comunit\u00e0, deturpando, letteralmente <\/strong><\/span><span><strong>\u201ccancellando\u201d un sogno<\/strong>. Sulle motivazioni che forse mai saranno rese note, sulla disattesa tutela dell\u2019opera che anche a fronte di un intervento edilizio necessario poteva essere garantita, non si pu\u00f2 stendere un velo. <\/span><\/p>\n<p style=\"margin-bottom: 0.0001pt; text-align: justify;\"><span>Cos\u00ec come <strong>forse \u00e8 giunto il momento che l\u2019Amministrazione prenda atto del patrimonio costruito in questi anni dagli artisti e dagli scultori<\/strong> spesso a loro spese nel cuore antico di Gioia, <strong>di grande attrattivit\u00e0 turistica ed indiscusso valore artistico<\/strong>, e \u201cacquisti\u201d dai proprietari, attraverso veri e propri \u201cespropri\u201d, la <\/span><a title=\"scalinata centro storico e poesia cancellata\" href=\"https:\/\/www.flickr.com\/photos\/91470992@N02\/51606047207\/in\/photostream\/\" data-flickr-embed=\"true\"><img loading=\"lazy\" decoding=\"async\" style=\"margin: 5px; float: right;\" src=\"https:\/\/live.staticflickr.com\/65535\/51606047207_ea4a916f2b_n.jpg\" alt=\"scalinata centro storico e poesia cancellata\" width=\"350\" height=\"350\" \/><\/a><span>superficie su cui queste opere sono state dipinte per trasformarle in patrimonio comune da tutelare e proteggere non solo dai segni lasciati dal tempo e dalle intemperie o dagli atti di vandalismo, ma anche dalle iniziative dei proprietari, garantendo i loro diritti ma salvaguardando l\u2019arte e la bellezza nella nostra citt\u00e0. <\/span><\/p>\n<p style=\"margin-bottom: 0.0001pt; text-align: justify;\"><strong><span>Altrove, a Locorotondo, Cisternino, Polignano\u2026 sensibilit\u00e0 diverse portano ad esaltare, a sentir propria tanta bellezza. A Gioia, no!<\/span><\/strong><\/p>\n<p style=\"margin-bottom: 0.0001pt; text-align: justify;\"><span>La nostra citt\u00e0 purtroppo non \u00e8 nuova a questi scempi, basti ricordare che <strong>nel settembre del 2013 la porta dell\u2019Imperatore dipinta da Gino Donvito, uno dei pittori pi\u00f9 quotati del panorama artistico internazionale, \u00e8 stata ricoperta di vernice grigia dal proprietario del \u201csottano\u201d<\/strong> perch\u00e9 non di suo gradimento. Ancor oggi c\u2019\u00e8 chi si chiede se abbia mai capito che <strong>smontando e vendendo quella porta, avrebbe potuto acquistare un altro locale<\/strong> dove sbizzarrirsi e dar sfoggio delle sue \u201cgrigie\u201d abilit\u00e0 \u201cpittoriche\u201d.<\/span><\/p>\n<p style=\"margin-bottom: 0.0001pt; text-align: justify;\"><strong><span>Ad esprimere solidariet\u00e0 all\u2019artista, una \u201cnon\u201d gioiese, Daniela Gianfrate<\/span><\/strong><span>, <strong>che ha cos\u00ec comm<\/strong><\/span><span><strong>entato<\/strong>: \u201c<\/span><span><i>Questo \u00e8, a mio parere, un gesto pari ad un atto vandalico! La riqualificazione di un centro urbano attraverso l&#8217;arte \u00e8 l&#8217;espressione di un atto d&#8217;amore per il proprio paese. Chi ha deturpato l&#8217;opera, ha compiuto un gesto egoistico ed insensato<\/i>.\u201d<\/span><\/p>\n<p style=\"margin-bottom: 0.0001pt; text-align: justify;\"><span><strong>Un atto di amore<\/strong>\u2026 <strong>di rispetto per il lavoro degli artisti<\/strong>, di fatti e non solo parole di apprezzamento quando i turisti si incantano e portano con s\u00e9 tra i ricordi, frammenti di bellezza, <strong>questo chiediamo a gran voce, pretendiamo dai nostri stessi concittadini e da chi ci governa<\/strong>!<\/span><\/p>\n<div>&nbsp;<\/div>\n<div><a href=\"attualita\/5399-le-porte-dellimperatore-resistono-alla-pioggia-fotovideo.html\">\u201cLE PORTE DELL\u2019IMPERATORE\u201d RESISTONO ALLA PIOGGIA-foto<\/a><\/div>\n<div><a href=\"attualita\/8042-porte-dellimperatore-distrutta-opera-di-gino-donvito-foto.html\">PORTE IMPERATORE. DISTRUTTA OPERA DI GINO DONVITO-foto<\/a><\/div>\n<p><a title=\"distrutta opera gino donvito\" href=\"https:\/\/www.flickr.com\/photos\/91470992@N02\/9651573927\/in\/album-72157635339576945\/\" data-flickr-embed=\"true\"><img loading=\"lazy\" decoding=\"async\" style=\"float: left;\" src=\"https:\/\/live.staticflickr.com\/2879\/9651573927_7311365f98_o.jpg\" alt=\"distrutta opera gino donvito\" width=\"320\" height=\"481\" \/><\/a><a title=\"distrutta opera gino donvito\" href=\"https:\/\/www.flickr.com\/photos\/91470992@N02\/9651569099\/in\/album-72157635339576945\/\" data-flickr-embed=\"true\"><img loading=\"lazy\" decoding=\"async\" style=\"float: left;\" src=\"https:\/\/live.staticflickr.com\/3742\/9651569099_d2e3754485.jpg\" alt=\"distrutta opera gino donvito\" width=\"320\" height=\"427\" \/><\/a><\/p>\n","protected":false},"excerpt":{"rendered":"","protected":false},"author":1,"featured_media":0,"comment_status":"open","ping_status":"closed","sticky":false,"template":"","format":"standard","meta":{"colormag_page_container_layout":"default_layout","colormag_page_sidebar_layout":"default_layout","footnotes":""},"categories":[7],"tags":[],"class_list":["post-66245","post","type-post","status-publish","format-standard","hentry","category-attualita"],"_links":{"self":[{"href":"https:\/\/archiviogioia.lavocedelpaese.info\/index.php?rest_route=\/wp\/v2\/posts\/66245","targetHints":{"allow":["GET"]}}],"collection":[{"href":"https:\/\/archiviogioia.lavocedelpaese.info\/index.php?rest_route=\/wp\/v2\/posts"}],"about":[{"href":"https:\/\/archiviogioia.lavocedelpaese.info\/index.php?rest_route=\/wp\/v2\/types\/post"}],"author":[{"embeddable":true,"href":"https:\/\/archiviogioia.lavocedelpaese.info\/index.php?rest_route=\/wp\/v2\/users\/1"}],"replies":[{"embeddable":true,"href":"https:\/\/archiviogioia.lavocedelpaese.info\/index.php?rest_route=%2Fwp%2Fv2%2Fcomments&post=66245"}],"version-history":[{"count":0,"href":"https:\/\/archiviogioia.lavocedelpaese.info\/index.php?rest_route=\/wp\/v2\/posts\/66245\/revisions"}],"wp:attachment":[{"href":"https:\/\/archiviogioia.lavocedelpaese.info\/index.php?rest_route=%2Fwp%2Fv2%2Fmedia&parent=66245"}],"wp:term":[{"taxonomy":"category","embeddable":true,"href":"https:\/\/archiviogioia.lavocedelpaese.info\/index.php?rest_route=%2Fwp%2Fv2%2Fcategories&post=66245"},{"taxonomy":"post_tag","embeddable":true,"href":"https:\/\/archiviogioia.lavocedelpaese.info\/index.php?rest_route=%2Fwp%2Fv2%2Ftags&post=66245"}],"curies":[{"name":"wp","href":"https:\/\/api.w.org\/{rel}","templated":true}]}}