{"id":66269,"date":"2021-10-26T07:23:38","date_gmt":"2021-10-26T07:23:38","guid":{"rendered":"https:\/\/archiviogioia.lavocedelpaese.info\/?p=66269"},"modified":"2021-10-26T07:23:38","modified_gmt":"2021-10-26T07:23:38","slug":"torna-san-martino-festa-della-mozzarella-e-del-buon-vino-2","status":"publish","type":"post","link":"https:\/\/archiviogioia.lavocedelpaese.info\/?p=66269","title":{"rendered":"Torna San Martino: festa della mozzarella e del buon vino"},"content":{"rendered":"<p><a title=\"san martino festa mozzarella e vino\" href=\"https:\/\/www.flickr.com\/photos\/91470992@N02\/51630380956\/in\/dateposted\/\" data-flickr-embed=\"true\"><img loading=\"lazy\" decoding=\"async\" style=\"display: block; margin-left: auto; margin-right: auto;\" src=\"https:\/\/live.staticflickr.com\/65535\/51630380956_3cc5e7ba0c_z.jpg\" alt=\"san martino festa mozzarella e vino\" width=\"320\" height=\"240\" \/><\/a><\/p>\n<p><!--more--><\/p>\n<p style=\"text-align: justify;\"><a title=\"san martino festa mozzarella e vino\" href=\"https:\/\/www.flickr.com\/photos\/91470992@N02\/51630380851\/in\/photostream\/\" data-flickr-embed=\"true\"><img loading=\"lazy\" decoding=\"async\" style=\"margin: 5px; float: left;\" src=\"https:\/\/live.staticflickr.com\/65535\/51630380851_d8a8abc280_w.jpg\" alt=\"san martino festa mozzarella e vino\" width=\"400\" height=\"266\" \/><\/a> <span style=\"color: black;\">\u201cCi siamo fermati per un anno causa la pandemia che ha colpito con la sua forza devastante il mondo intero ma siamo ritornati con&nbsp;<strong><span style=\"font-weight: normal;\">maggiore entusiasmo<\/span><\/strong><strong>&nbsp;per proseguire nelle iniziative&nbsp;<\/strong><strong><span style=\"font-weight: normal;\">culturali, folcloristiche, internazionali, di solidariet\u00e0 sociale<\/span><\/strong>&nbsp;che l\u2019associazione&nbsp;<strong>L\u2019Albero Verde della Vita<\/strong>&nbsp;non ha smesso di organizzare.<\/span><\/p>\n<p style=\"text-align: justify;\"><span style=\"color: black;\">Nel mese di novembre ricorre la famosa<strong>&nbsp;&#8220;Estate di San Martino che<span style=\"letter-spacing: 0.15pt; background: white none repeat scroll 0% 0%;\">&nbsp;dura tre giorni e un pochino&#8221;<\/span><\/strong><span style=\"letter-spacing: 0.15pt; background: white none repeat scroll 0% 0%;\">&nbsp;come recita un vecchio adagio<\/span><strong>.<\/strong><\/span><\/p>\n<p style=\"text-align: justify;\"><span style=\"color: black;\">Il mondo dell&#8217;agricoltura associa il periodo autunnale, ancora tiepido e soleggiato, grazie&nbsp;<\/span><span style=\"color: #1f1f1f; letter-spacing: 0.15pt; background: white none repeat scroll 0% 0%;\">all\u2019espansione dell\u2019anticiclone dalla Spagna verso tutto il Mediterraneo, con condizioni di alta pressione, alte temperature e bel tempo,&nbsp;<\/span><span style=\"color: black;\">alla prima spillatura del vino novello.<\/span><\/p>\n<p style=\"text-align: justify;\"><em><span style=\"color: black; font-style: normal;\">Biblicamente<\/span><\/em><span style=\"color: black;\">, invece, <strong>la ricorrenza \u00e8 legata&nbsp;alla figura di&nbsp;<strong>San Martino di Tours<\/strong><\/strong>: la storia narra&nbsp;di come&nbsp;<strong><span style=\"font-weight: normal;\">Martino<\/span><\/strong>, soldato dell&#8217;impero romano, <strong>nell&#8217;inverno del<\/strong>&nbsp;<strong>335&nbsp;<\/strong>e probabilmente <strong>nella<\/strong>&nbsp;<strong>notte dell&#8217;11 novembre,<\/strong>&nbsp;usc<\/span><a title=\"san martino festa mozzarella e vino\" href=\"https:\/\/www.flickr.com\/photos\/91470992@N02\/51629558242\/in\/photostream\/\" data-flickr-embed=\"true\"><img loading=\"lazy\" decoding=\"async\" style=\"margin: 5px; float: right;\" src=\"https:\/\/live.staticflickr.com\/65535\/51629558242_62cfa0fae5_w.jpg\" alt=\"san martino festa mozzarella e vino\" width=\"400\" height=\"225\" \/><\/a><span style=\"color: black;\">endo per una ronda notturna a cavallo da una delle porte della citt\u00e0 francese di Amiens dove viveva, si imbatte in un povero&nbsp;mercante seminudo e<\/span><span style=\"color: black;\">d infreddolito causa il maltempo. Mosso da piet\u00e0 fraterna&nbsp;<strong><span style=\"font-weight: normal;\">Martino<\/span>&nbsp;<\/strong>decise di tagliare il proprio mantello militare,&nbsp;<em>di lana<\/em>, e di darne met\u00e0 al povero. Improvvisamente un bagliore di sole caldo quasi estivo squarci\u00f2 il cielo freddo di novembre: era&nbsp;<strong>l&#8217;estate di San Martino.<\/strong><\/span><strong><span style=\"color: red;\">&nbsp;&nbsp;<\/span><\/strong><\/p>\n<p style=\"text-align: justify;\">Dopo quella notte&nbsp;Ges\u00f9&nbsp;giunse in sogno a&nbsp;Martino: era coperto con met\u00e0 del suo mantello.&nbsp;Martino da Tours, nato intorno al&nbsp;317&nbsp;da una nobile famiglia, a seguito dell&#8217;episodio del mantello si&nbsp;convert\u00ec al cristianesimo, fu battezzato e dopo venti anni di carriera militare, ossia nel&nbsp;371,&nbsp;fu proclamato&nbsp;Vescovo di Tours.&nbsp;Fond\u00f2 il monastero di&nbsp;Ligug\u00e9, il pi\u00f9 antico d\u2019Europa e mor\u00ec l\u20198 novembre del 397, a Candes, vicino a Tours.&nbsp;<\/p>\n<p style=\"text-align: justify;\"><span style=\"color: black;\">E per festegg<\/span><span style=\"color: black;\">iare la<strong>&nbsp;6\u00b0 edizione di San Martino: festa della mozzarella e del buon vino,&nbsp;<\/strong><em><span style=\"font-style: normal;\">L&#8217;Albero Verde della Vita<\/span><\/em><strong><span style=\"font-weight: normal;\">,&nbsp;<\/span><\/strong>ti aspetta<strong>&nbsp;sabato&nbsp;13 novembre&nbsp;2021 alle ore&nbsp;20:30 all&#8217;Esperia H<\/strong><\/span><a title=\"san martino festa mozzarella e vino\" href=\"https:\/\/www.flickr.com\/photos\/91470992@N02\/51630380756\/in\/photostream\/\" data-flickr-embed=\"true\"><img loading=\"lazy\" decoding=\"async\" style=\"margin: 5px; float: left;\" src=\"https:\/\/live.staticflickr.com\/65535\/51630380756_9b242fa899_w.jpg\" alt=\"san martino festa mozzarella e vino\" width=\"400\" height=\"225\" \/><\/a><span style=\"color: black;\"><strong>otel,&nbsp;<\/strong>sala ricevimenti, sita in Sammichele di Bari alla via G. Verga n. 18.<\/span><\/p>\n<p style=\"text-align: justify;\"><strong><span style=\"color: black;\">La serata, organizzata dall\u2019associazione \u201cL\u2019Albero Verde della Vita\u201d unitamente a<\/span><\/strong><span style=\"color: black;\">l&nbsp;<em><span style=\"font-style: normal;\">\u201cCaseificio Capurso Azienda Casearia srl\u201d, a Nettis Martino \u2013 Caseificio, al caseificio artigia<\/span><\/em><\/span><span style=\"color: black;\"><em><span style=\"font-style: normal;\">nale Masseria Corvello di Michele Spinelli, alla macelleria Il Buongustaio, alla pizzeria La Lira, a Jo D\u00e0 Pub, pizzeria forno a legna, a Cuor di Mandorla, a La<\/span><\/em><strong><i>&nbsp;<\/i><\/strong><em><span style=\"font-style: normal;\">Masseria snc di Cantore Filippo e Giuseppe \u2013 Frantoio oleario e azienda agricola<\/span><\/em><strong><i>,&nbsp;<\/i><\/strong><em><span style=\"font-style: normal;\">all\u2019Ottica Vasco: Ottica, Lenti a Contatto ed Occhiali &#8211; Vendita al Dettaglio di Angelo Vasco, ad Elettrocar di Montuoso Domenico &amp; C. Snc, al Centro Assistenza Pneumatici Milano Ottavio di Milano Giovanni, a FRA.CAR S.r.l. punto vendita Peugeot, a Colapietro Idrotermica impianti idrici, ad Edilizia <\/span><\/em><\/span><span style=\"color: black;\"><em><span style=\"font-style: normal;\">f.lli Volaj s.r.l., all\u2019Agenzia di Viaggi Last Minute Tour &#8211; tutti i viaggi che vuoi, a Coffee Shop di Daniele Giandomenico, a Mondo Fiore di Antonella Bitetti, a G Cosmetici di Giustina Gisotti, a Z<\/span><\/em><\/span><a title=\"san martino festa mozzarella e vino\" href=\"https:\/\/www.flickr.com\/photos\/91470992@N02\/51631029834\/in\/photostream\/\" data-flickr-embed=\"true\"><img loading=\"lazy\" decoding=\"async\" style=\"margin: 5px; float: right;\" src=\"https:\/\/live.staticflickr.com\/65535\/51631029834_5a82c6a321_w.jpg\" alt=\"san martino festa mozzarella e vino\" width=\"400\" height=\"266\" \/><\/a><span style=\"color: black;\"><em><span style=\"font-style: normal;\">urich assicurazioni, Agenzia di Via Regina Elena di Gioi<\/span><\/em><\/span><span style=\"color: black;\"><em><span style=\"font-style: normal;\">a del Colle, a Ribelli con Stile, parrucchiera di Miriam Antonicelli, a Norma J. salone di bellezza di Milena <\/span><\/em><\/span><span style=\"color: black;\"><em><span style=\"font-style: normal;\">Capurso, a Scarpe Diem Outlet di Gioia del Colle, a Centrone Conserve Italiane di Conversano, a La Brace macelleria osteria, alla Cantina dei Fragni\/Azienda Agricola Masseria Procida <\/span><\/em><\/span><span style=\"color: black;\"><em><span style=\"font-style: normal;\">e a Centovignali &#8211; i vini che raccontano la Puglia di Sammichele di Bari,<\/span><\/em><strong><i>&nbsp;<\/i><\/strong><em><span style=\"font-style: normal;\">alla Casa Vinicola Coppi<\/span><\/em><strong><i>&nbsp;<\/i><\/strong><em><span style=\"font-style: normal;\">di Turi,<\/span><\/em><strong><i>&nbsp;<\/i><\/strong><em><span style=\"font-style: normal;\">al Panificio-Biscottificio<\/span><\/em><strong><i>&nbsp;<\/i><\/strong><em><span style=\"font-style: normal;\">di Giuseppe Cuscito<\/span><\/em><strong>, <\/strong><strong><span style=\"font-weight: normal;\">all\u2019<span>\u201cAssociazione Italiana Sommeliers \u2013 Puglia A.I<\/span><\/span><\/strong><\/span><span style=\"color: black;\"><strong><span style=\"font-weight: normal;\"><span>.S. \u2013 delegazione Murgia\u201d ed al periodico La Linfa,<\/span><\/span><\/strong><em>&nbsp;<\/em>offre la degustazione di prodotti caseari e vini pugliesi, lotteria a premi&nbsp;e divertimento a ritmo di musica con il&nbsp;<strong>dj Antonio Chietera.<\/strong><\/span><\/p>\n<p style=\"text-align: justify;\"><span style=\"color: black;\">Se vuoi maggiori informazioni per prenotare puoi scrivere una mail all&#8217;indirizzo&nbsp;<strong><span style=\"font-weight: normal;\"><a href=\"mailto:segreteria@alberoverdedellavita.org\">segreteria<\/a><\/span><\/strong><\/span><span style=\"color: black;\"><strong><span style=\"font-weight: normal;\"><a href=\"mailto:segreteria@alberoverdedellavita.org\">@alberoverdedellavita.org<\/a> <\/span><\/strong>o contattarci al numero&nbsp;<strong><span style=\"font-weight: normal;\">391.341.99.61.<\/span><\/strong>&nbsp;Affrettati hai tempo fino alle ore&nbsp;<strong><span style=\"font-weight: normal;\">12:00&nbsp;<\/span><\/strong>del&nbsp;<strong><span style=\"font-weight: normal;\">13 novembre 2021.<\/span><\/strong>&nbsp;<\/span><\/p>\n<p style=\"text-align: justify;\"><strong><span style=\"color: black; font-weight: normal;\">Comunicare eventuali intolleranze alimentari.<\/span><\/strong><\/p>\n<p style=\"text-align: justify;\"><strong><span style=\"color: black;\">Il ricavato della serata sar\u00e0 devoluto<\/span><\/strong><strong><span style=\"color: black; font-weight: normal;\"> per la costruzione della \u201cCasa di Accoglienza per Persone Anziane Autosufficienti\u201d.<\/span><\/strong><\/p>\n<p style=\"text-align: right;\" align=\"right\"><strong>L\u2019Albero Verde della Vita<\/strong><\/p>\n<p>&nbsp;<\/p>\n","protected":false},"excerpt":{"rendered":"","protected":false},"author":1,"featured_media":0,"comment_status":"open","ping_status":"closed","sticky":false,"template":"","format":"standard","meta":{"colormag_page_container_layout":"default_layout","colormag_page_sidebar_layout":"default_layout","footnotes":""},"categories":[7],"tags":[],"class_list":["post-66269","post","type-post","status-publish","format-standard","hentry","category-attualita"],"_links":{"self":[{"href":"https:\/\/archiviogioia.lavocedelpaese.info\/index.php?rest_route=\/wp\/v2\/posts\/66269","targetHints":{"allow":["GET"]}}],"collection":[{"href":"https:\/\/archiviogioia.lavocedelpaese.info\/index.php?rest_route=\/wp\/v2\/posts"}],"about":[{"href":"https:\/\/archiviogioia.lavocedelpaese.info\/index.php?rest_route=\/wp\/v2\/types\/post"}],"author":[{"embeddable":true,"href":"https:\/\/archiviogioia.lavocedelpaese.info\/index.php?rest_route=\/wp\/v2\/users\/1"}],"replies":[{"embeddable":true,"href":"https:\/\/archiviogioia.lavocedelpaese.info\/index.php?rest_route=%2Fwp%2Fv2%2Fcomments&post=66269"}],"version-history":[{"count":0,"href":"https:\/\/archiviogioia.lavocedelpaese.info\/index.php?rest_route=\/wp\/v2\/posts\/66269\/revisions"}],"wp:attachment":[{"href":"https:\/\/archiviogioia.lavocedelpaese.info\/index.php?rest_route=%2Fwp%2Fv2%2Fmedia&parent=66269"}],"wp:term":[{"taxonomy":"category","embeddable":true,"href":"https:\/\/archiviogioia.lavocedelpaese.info\/index.php?rest_route=%2Fwp%2Fv2%2Fcategories&post=66269"},{"taxonomy":"post_tag","embeddable":true,"href":"https:\/\/archiviogioia.lavocedelpaese.info\/index.php?rest_route=%2Fwp%2Fv2%2Ftags&post=66269"}],"curies":[{"name":"wp","href":"https:\/\/api.w.org\/{rel}","templated":true}]}}