{"id":66274,"date":"2021-11-02T08:20:34","date_gmt":"2021-11-02T08:20:34","guid":{"rendered":"https:\/\/archiviogioia.lavocedelpaese.info\/?p=66274"},"modified":"2021-11-02T08:20:34","modified_gmt":"2021-11-02T08:20:34","slug":"il-36d-stormo-caccia-apre-le-porte-alla-cittadinanza","status":"publish","type":"post","link":"https:\/\/archiviogioia.lavocedelpaese.info\/?p=66274","title":{"rendered":"IL 36\u00b0 STORMO CACCIA APRE LE PORTE ALLA CITTADINANZA"},"content":{"rendered":"<p><a title=\"festa 4 novembre\" href=\"https:\/\/www.flickr.com\/photos\/91470992@N02\/48991272521\" data-flickr-embed=\"true\"><img loading=\"lazy\" decoding=\"async\" style=\"display: block; margin-left: auto; margin-right: auto;\" src=\"https:\/\/live.staticflickr.com\/65535\/48991272521_836e7c32a0_o.jpg\" alt=\"festa 4 novembre\" width=\"320\" height=\"240\" \/><\/a><\/p>\n<p><!--more--><\/p>\n<p style=\"margin-bottom: 0.0001pt; background: white none repeat scroll 0% 0%; text-align: justify;\"><a title=\"4 novembre 2021 festa forze armate\" href=\"https:\/\/www.flickr.com\/photos\/91470992@N02\/51649963299\/in\/dateposted\/\" data-flickr-embed=\"true\"><img loading=\"lazy\" decoding=\"async\" style=\"margin: 5px; float: left;\" src=\"https:\/\/live.staticflickr.com\/65535\/51649963299_572d27f0f5.jpg\" alt=\"4 novembre 2021 festa forze armate\" width=\"343\" height=\"500\" \/><\/a><span style=\"color: #333333; background: white none repeat scroll 0% 0%;\">\u201c<strong>Gioved\u00ec 4 novembre p.v., in occasione del \u201cGiorno dell\u2019Unit\u00e0 Nazionale\u201d e della \u201cGiornata delle Forze Armate\u201d<\/strong>, <strong>il 36\u00b0 Stormo Caccia<\/strong> di Gioia del Colle, per consolidare il rapporto con i cittadini e far conoscere le attivit\u00e0 quotidianamente svolte al servizio della collettivit\u00e0, <strong>aprir\u00e0 la base al pubblico<\/strong>.<\/span><\/p>\n<p style=\"margin-bottom: 0.0001pt; background: white none repeat scroll 0% 0%; text-align: justify;\"><strong><span style=\"color: #333333; background: white none repeat scroll 0% 0%;\">A partire dalle ore 10:00<\/span><\/strong><span style=\"color: #333333; background: white none repeat scroll 0% 0%;\">, i cittadini avranno la possibilit\u00e0 di assistere a una <strong>mostra statica dei velivoli<\/strong> di stanza presso il 36\u00b0 Stormo Caccia e l\u201984\u00b0 Centro C.S.A.R., <strong>dei materiali<\/strong>, <strong>dell\u2019armamento<\/strong>, <strong>delle attrezzature<\/strong> per il contrasto alla minaccia chimica, batteriologica, radiologica e nucleare, nonch\u00e9 degli automezzi in dotazione allo Stormo. <\/span><\/p>\n<p style=\"margin-bottom: 0.0001pt; background: white none repeat scroll 0% 0%; text-align: justify;\"><strong><span style=\"color: #333333; background: white none repeat scroll 0% 0%;\">Il personale militare sar\u00e0 a disposizione dei visitatori<\/span><\/strong><span style=\"color: #333333; background: white none repeat scroll 0% 0%;\"> per informazioni e per condividere il vissuto quotidiano di uno dei Reparti di punta dell\u2019Aeronautica Militare.<\/span><\/p>\n<p style=\"margin-bottom: 0.0001pt; background: white none repeat scroll 0% 0%; text-align: justify;\"><strong><span style=\"color: #333333; background: white none repeat scroll 0% 0%;\">Il personale del 36\u00b0 Stormo Caccia sar\u00e0 altres\u00ec presente<\/span><\/strong><span style=\"color: #333333; background: white none repeat scroll 0% 0%;\"> <strong>nelle celebrazioni<\/strong> che si terranno nella citt\u00e0 di Gioia del Colle, presso il Sacrario d\u2019Oltremare di Bari con Bandiera di Guerra e nei Comuni limitrofi, in commemorazione dei caduti di tutte le guerre\u201d.<\/span><\/p>\n<div style=\"margin-bottom: 0.0001pt; text-align: right;\" align=\"right\"><strong><span>Ufficio Pubblica Informazione e Comunicazione<\/span><\/strong><\/div>\n<div style=\"margin-bottom: 0.0001pt; text-align: right; background: white none repeat scroll 0% 0%;\" align=\"right\"><strong><span style=\"color: #333333; background: white none repeat scroll 0% 0%;\">36\u00b0 Stormo Caccia<\/span><\/strong><\/div>\n<p>&nbsp;<\/p>\n","protected":false},"excerpt":{"rendered":"","protected":false},"author":1,"featured_media":0,"comment_status":"open","ping_status":"closed","sticky":false,"template":"","format":"standard","meta":{"colormag_page_container_layout":"default_layout","colormag_page_sidebar_layout":"default_layout","footnotes":""},"categories":[7],"tags":[],"class_list":["post-66274","post","type-post","status-publish","format-standard","hentry","category-attualita"],"_links":{"self":[{"href":"https:\/\/archiviogioia.lavocedelpaese.info\/index.php?rest_route=\/wp\/v2\/posts\/66274","targetHints":{"allow":["GET"]}}],"collection":[{"href":"https:\/\/archiviogioia.lavocedelpaese.info\/index.php?rest_route=\/wp\/v2\/posts"}],"about":[{"href":"https:\/\/archiviogioia.lavocedelpaese.info\/index.php?rest_route=\/wp\/v2\/types\/post"}],"author":[{"embeddable":true,"href":"https:\/\/archiviogioia.lavocedelpaese.info\/index.php?rest_route=\/wp\/v2\/users\/1"}],"replies":[{"embeddable":true,"href":"https:\/\/archiviogioia.lavocedelpaese.info\/index.php?rest_route=%2Fwp%2Fv2%2Fcomments&post=66274"}],"version-history":[{"count":0,"href":"https:\/\/archiviogioia.lavocedelpaese.info\/index.php?rest_route=\/wp\/v2\/posts\/66274\/revisions"}],"wp:attachment":[{"href":"https:\/\/archiviogioia.lavocedelpaese.info\/index.php?rest_route=%2Fwp%2Fv2%2Fmedia&parent=66274"}],"wp:term":[{"taxonomy":"category","embeddable":true,"href":"https:\/\/archiviogioia.lavocedelpaese.info\/index.php?rest_route=%2Fwp%2Fv2%2Fcategories&post=66274"},{"taxonomy":"post_tag","embeddable":true,"href":"https:\/\/archiviogioia.lavocedelpaese.info\/index.php?rest_route=%2Fwp%2Fv2%2Ftags&post=66274"}],"curies":[{"name":"wp","href":"https:\/\/api.w.org\/{rel}","templated":true}]}}