{"id":66301,"date":"2021-11-05T09:32:37","date_gmt":"2021-11-05T09:32:37","guid":{"rendered":"https:\/\/archiviogioia.lavocedelpaese.info\/?p=66301"},"modified":"2021-11-05T09:32:37","modified_gmt":"2021-11-05T09:32:37","slug":"guendalina-su-rai1-e-canale5-in-imma-tataranni-e-una-famiglia-per-bene-2","status":"publish","type":"post","link":"https:\/\/archiviogioia.lavocedelpaese.info\/?p=66301","title":{"rendered":"Guendalina su Rai1 e Canale5 in \u201cImma Tataranni\u201d e \u201cUna famiglia per bene\u201d"},"content":{"rendered":"<p><a title=\"guendalina losito\" href=\"https:\/\/www.flickr.com\/photos\/91470992@N02\/51657398051\/in\/dateposted\/\" data-flickr-embed=\"true\"><img loading=\"lazy\" decoding=\"async\" style=\"display: block; margin-left: auto; margin-right: auto;\" src=\"https:\/\/live.staticflickr.com\/65535\/51657398051_34c5b61040_o.jpg\" alt=\"guendalina losito\" width=\"320\" height=\"240\" \/><\/a><\/p>\n<p><!--more--><\/p>\n<p style=\"margin-bottom: 0.0001pt; text-align: justify;\"><a title=\"guendalina losito\" href=\"https:\/\/www.flickr.com\/photos\/91470992@N02\/51658263665\/in\/photostream\/\" data-flickr-embed=\"true\"><img loading=\"lazy\" decoding=\"async\" style=\"margin: 5px; float: left;\" src=\"https:\/\/live.staticflickr.com\/65535\/51658263665_fa1c7ac008.jpg\" alt=\"guendalina losito\" width=\"334\" height=\"500\" \/><\/a> La diciassettenne attrice gioiese <strong>Guendalina Losito<\/strong> impegnata su vari set nei mesi scorsi, approda nuovamente sugli schermi: nelle vesti \u201cda Halloween\u201d &#8211; trucco incluso &#8211; di <strong>Bea<\/strong>, amica del cuore della figlia di <strong>Imma Tataranni<\/strong> marted\u00ec 2 novembre su Rai 1 in prima serata, e in quelle di Maddalena in una &#8220;Una famiglia per bene&#8221;, fiction di quattro puntate (in ogni puntata due episodi da 50 minuti) diretta da Stefano Reali su Canale 5, sempre in prima serata il 3 novembre.<\/p>\n<p style=\"margin-bottom: 0.0001pt; text-align: justify;\">Quest\u2019ultima realistica fiction, tratta dal romanzo di Rosa Ventrella \u201c<strong>Storia di una famiglia per bene<\/strong>\u201d, \u00e8 stata realizzata in Puglia, nella Bari vecchia, <strong><span style=\"font-weight: normal;\">Ostuni,<\/span><\/strong><strong>&nbsp;<\/strong><strong><span style=\"font-weight: normal;\">Polignano a Mare<\/span><\/strong><strong>,&nbsp;<\/strong><strong><span style=\"font-weight: normal;\">Conversano,<\/span><\/strong><strong>&nbsp;<\/strong><strong><span style=\"font-weight: normal;\">Monopoli<\/span><\/strong>e<strong><span style=\"font-weight: normal;\">Fasano<\/span><\/strong>in sole 14 settimane, da marzo a giugno scorso.<\/p>\n<p style=\"margin-bottom: 0.0001pt; text-align: justify;\">Una intensa miniserie di genere drammatico &#8211; noir ambientata nella Bari degli anni \u201980, vede nel cast <strong>Giuseppe Zeno<\/strong> (bravissimo nel dar volto e voce al capofamiglia Antonio De Santis, con tutti le sue coriacee fragilit\u00e0), <strong>Simona Cavallari<\/strong> (splendida Teresa, madre del sud, rassegnata ad un destino scelto per amore), <strong>Vanni Bramati<\/strong> (don Nicola Straziota), <strong>Carmine Buschini<\/strong> (interpreter\u00e0 Michele adulto), <strong>Federica Torchetti<\/strong> (Maria De Santis adulta), <strong>Alessio Gallo<\/strong> (Carlo, fratello di Michele) e <strong>Sonia Aquino<\/strong> (Angelica, moglie di don Nicola).<\/p>\n<p style=\"margin-bottom: 0.0001pt; text-align: justify;\">Ad interpretare l\u2019adolescente Michele Straziota \u00e8 <strong>Andrea Arru<\/strong>, mentre la bravissima <strong>Silvia Rossi<\/strong> \u00e8 nella fiction Maria De Santis ancora ragazzina. Prodotta da <em><strong><span style=\"font-style: normal;\">RTI<\/span><\/strong><\/em>in collaborazione con <em><strong><span style=\"font-style: normal;\">11 Marzo Film<\/span><\/strong><\/em><i> <\/i>e<i> <\/i><em><strong><span style=\"font-style: normal;\">Apulia Film Commission,<\/span><\/strong><\/em><em><span style=\"font-style: normal;\">l<\/span><\/em><em><span style=\"font-style: normal;\">a storia narra di due <\/span><\/em>famiglie da sempre contrapposte: De Santis e Straziota, pescatori e contrabbandieri, vinti e vincenti.<\/p>\n<p style=\"margin-bottom: 0.0001pt; text-align: justify;\">\u201cMaria e Michele si incontran<a title=\"guendalina losito\" href=\"https:\/\/www.flickr.com\/photos\/91470992@N02\/51658088254\/in\/dateposted\/\" data-flickr-embed=\"true\"><img loading=\"lazy\" decoding=\"async\" style=\"margin: 5px; float: right;\" src=\"https:\/\/live.staticflickr.com\/65535\/51658088254_51cf55782f_w.jpg\" alt=\"guendalina losito\" width=\"350\" height=\"350\" \/><\/a>o sfidando quest\u2019odio, ed il loro legame si nutre anche della speranza di realizzare i propri sogni e passioni: lo studio, la musica. Attraverso il loro non facile amore assistiamo cos\u00ec alla riscrittura di un destino che sembrava gi\u00e0 segnato.\u201d<\/p>\n<p style=\"margin-bottom: 0.0001pt; text-align: justify;\">&nbsp;<strong>Molto intensi e nella parte tutti gli attori<\/strong>, in grado di immergersi <strong>nella Bari di qu<\/strong><strong>egli anni<\/strong>, nelle difficolt\u00e0 delle famiglie umili ed oneste, <strong>nella voglia di riscatto dei pi\u00f9 giovani<\/strong>, <strong>negli atteggiamenti <\/strong>a volte violenti, altri intimidatori, pur sempre <strong>\u201cmafiogeni\u201d<\/strong> <strong>di quel sottobosco di malaffare che<\/strong>, purtroppo,<strong> spesso solo le persone per b<\/strong><strong>ene riescono ad arginare.<\/strong><\/p>\n<p style=\"margin-bottom: 0.0001pt; text-align: justify;\">Un caso pi\u00f9 unico che raro, ritrovarsi in pi\u00f9 giorni della stessa settimana in diverse produzioni!<\/p>\n<p style=\"margin-bottom: 0.0001pt; text-align: justify;\"><span>Guendalina \u00e8 decisamente a suo agio nelle parti interpretate, pur in un diverso pathos \u201cstorico-sociale\u201d con la sua freschezza d\u00e0 vita alla complicit\u00e0 giocosa di Bea ed alla <\/span><a title=\"guendalina losito\" href=\"https:\/\/www.flickr.com\/photos\/91470992@N02\/51658286860\/in\/photostream\/\" data-flickr-embed=\"true\"><img loading=\"lazy\" decoding=\"async\" style=\"margin: 5px; float: left;\" src=\"https:\/\/live.staticflickr.com\/65535\/51658286860_bbebdf41c4_w.jpg\" alt=\"guendalina losito\" width=\"300\" height=\"545\" \/><\/a><span>pi\u00f9 appassionata Maddalena, <\/span>una ragazzina orfana dei genitori, cresciuta nei vicoli del centro storico barese da sua nonna (la Masciara), ammaliata dallo sguardo di Michele Straziota di cui si innamora ed in lotta con s\u00e9 stessa e l\u2019invidia verso la sua amica di sempre, Maria che di Michele ha rubato il cuore.<\/p>\n<p style=\"margin-bottom: 0.0001pt; text-align: justify;\">Della brillante studentessa del <strong>liceo Classico P. Virgilio Marone<\/strong>, attrice, danzatrice e modella abbiamo scritto in diverse occasioni, seguendola nel suo percorso artistico.<\/p>\n<p style=\"margin-bottom: 0.0001pt; text-align: justify;\">La conferma di questo ruolo arriv\u00f2 inaspettata a settembre dello scorso anno, dopo un primo provino effettuato a giugno, mentre registrava le riprese della seconda stagione della fiction del regista <strong>Francesco Amato &#8220;Imma Tataranni &#8211; sostituto procuratore&#8221;<\/strong> in cui era stato confermato anche il personaggio di Bea.<\/p>\n<p style=\"margin-bottom: 0.0001pt; text-align: justify;\">A causa degli slittamenti per il covid entrambe le serie hanno subito dei ritardi sui tempi di inizio riprese. Queste due esperienze hanno permesso a Guenda di recitare accanto a grandi nomi del cinema e della televisione italiana, senza per altro penalizzarla a scuola.<\/p>\n<p style=\"margin-bottom: 0.0001pt; text-align: justify;\"><span>\u201c\u2026 La recitazione &#8211; confessa Guenda &#8211; \u00e8 un\u2019arte con molti pi\u00f9 segreti di quanti se ne possano immaginare: \u00e8 ci\u00f2 che racchiude la naturalezza di uno sguardo insieme a dei movimenti che nella vita reale non faresti mai. E\u2019 istinto ma profonda riflessione, intuizione ma memoria. Da piccola, quando ho iniziato con i primi provini, sognavo di vivere la storia di una bambina che, grazie alla sua predisposizione, avrebbe costruito una brillante carriera; adesso, a 17 anni e mezzo, mi \u00e8 ben chiaro invece che nulla \u00e8 dovuto: la totale dedizione, lo studio, l\u2019esercizio e gli errori sono imprescindibili per raggiungere qualunque obiettivo. Ora sto raccogliendo i frutti di quasi sei mesi di lavoro ad intermittenza, ammetto non senza paura del giudizio, soprattutto da parte di me stessa. [\u2026] Avere la consapevolezza del grande numero di gente c<\/span><a title=\"guendalina losito\" href=\"https:\/\/www.flickr.com\/photos\/91470992@N02\/51657618163\/in\/photostream\/\" data-flickr-embed=\"true\"><img loading=\"lazy\" decoding=\"async\" style=\"margin: 5px; float: right;\" src=\"https:\/\/live.staticflickr.com\/65535\/51657618163_82fbc8b419_w.jpg\" alt=\"guendalina losito\" width=\"331\" height=\"400\" \/><\/a><span>he guarder\u00e0 entrambe le serie mi fa uno strano affetto, so<\/span><span>prattutto adesso che, dopo la prima puntata, la serie Rai ha sbancato l\u2019auditel di prima serata con uno share <\/span><span>al 24.7%. Cos\u00ec, mentre da una parte mi interfaccio a questo mondo, dall\u2019altra continuo ad essere una ragazza che condivide gioie e dolori con i suoi coetanei: due vite agli antipodi che formano tutta me stessa\u2026\u201d&nbsp;<\/span><\/p>\n<p style=\"margin-bottom: 0.0001pt; text-align: justify;\">Ricordiamo che Guendalina Losito <span>allieva del corso di recitazione cinematografica condotto dalla docente <strong>Mariapia Autorino<\/strong> di \u201c<strong>OltrePalco ricerche teatrali<\/strong>\u201d, nelle scuderie dell\u2019agenzia \u201c<strong>Studio Emme<\/strong>\u201d<\/span>, due anni fa \u00e8 stata protagonista principale dell\u2019\u201c<strong>Invisibile essenza dell\u2019anima<\/strong>\u201d di <strong>Leonardo Ginefra<\/strong>, e di esperienze anche importanti ne ha vissute molte.<\/p>\n<p style=\"margin-bottom: 0.0001pt; text-align: justify;\">Nel 2018 era nel cast di \u201c<strong>Basta un paio di Baffi<\/strong>\u201d in onda in Rai per la regia di Fabrizio Costa. Nell\u2019ottobre dello stesso anno ha avuto inizio la sua avventura nella fiction Rai su Imma Tataranni. Nel 2016 ha partecipato a \u201c<strong>Malattie misteriose<\/strong>\u201d in onda su Deejay TV Nove.<\/p>\n<p style=\"margin-bottom: 0.0001pt; text-align: justify;\">Nel 2013 era nel docu-film di Micky D\u2019Aquino \u201c<strong>Una vita spezzata<\/strong>\u201d, nel cortometraggio di Dario Acocella \u201c<strong>Piccoli poteri<\/strong>\u201d, nella fiction su Rai 1 \u201c<strong>Pietro Mennea la Freccia del Sud<\/strong>\u201d di Ricky Tognazzi, in \u201c<strong>Dove chi entra urla<\/strong>\u201d di Fabrizio Pastore e ha avuto anche un<a title=\"guendalina losito\" href=\"https:\/\/www.flickr.com\/photos\/91470992@N02\/51657398006\/in\/photostream\/\" data-flickr-embed=\"true\"><img loading=\"lazy\" decoding=\"async\" style=\"margin: 5px; float: left;\" src=\"https:\/\/live.staticflickr.com\/65535\/51657398006_77c310c7e0_w.jpg\" alt=\"guendalina losito\" width=\"400\" height=\"225\" \/><\/a> piccolo ruolo per una fiction dal titolo <strong>Furore2<\/strong> in onda su Canale 5.<\/p>\n<p style=\"text-align: justify;\">Ha inoltre posato per cataloghi di moda nazionale e internazionale (Petit, Veneziano, Gaialuna, Incanto, luxury brand Nunzia Corinna), partecipato a servizi pubblicitari su prestigiose riviste (Vanity Fair, Grazia, Gioia, Gente\u2026) ed anche per la Confindustria, ed \u00e8 stata invitata a registrare spot televisivi con <strong>Bianca Guaccero<\/strong> ed un videoclip con <strong>Alessandra<\/strong><strong> Amoroso<\/strong>. E\u2019 stata anche testimonial della Lol Surprise, e \u201cmodella\u201d della make up artist Luna Taddonio negli studi di \u201cBuon pomeriggio\u201d di Telenorba oltre ad aver partecipato al workshop tenuto dal regista <strong>Matteo Garrone<\/strong> a Pisticci durante la Lucania Film Festival.<\/p>\n<p><a title=\"guendalina losito\" href=\"https:\/\/www.flickr.com\/photos\/91470992@N02\/51657453131\/in\/dateposted\/\" data-flickr-embed=\"true\"><img loading=\"lazy\" decoding=\"async\" src=\"https:\/\/live.staticflickr.com\/65535\/51657453131_248d37043b_c.jpg\" alt=\"guendalina losito\" width=\"670\" height=\"883\" \/><\/a><\/p>\n","protected":false},"excerpt":{"rendered":"","protected":false},"author":1,"featured_media":0,"comment_status":"open","ping_status":"closed","sticky":false,"template":"","format":"standard","meta":{"colormag_page_container_layout":"default_layout","colormag_page_sidebar_layout":"default_layout","footnotes":""},"categories":[7],"tags":[],"class_list":["post-66301","post","type-post","status-publish","format-standard","hentry","category-attualita"],"_links":{"self":[{"href":"https:\/\/archiviogioia.lavocedelpaese.info\/index.php?rest_route=\/wp\/v2\/posts\/66301","targetHints":{"allow":["GET"]}}],"collection":[{"href":"https:\/\/archiviogioia.lavocedelpaese.info\/index.php?rest_route=\/wp\/v2\/posts"}],"about":[{"href":"https:\/\/archiviogioia.lavocedelpaese.info\/index.php?rest_route=\/wp\/v2\/types\/post"}],"author":[{"embeddable":true,"href":"https:\/\/archiviogioia.lavocedelpaese.info\/index.php?rest_route=\/wp\/v2\/users\/1"}],"replies":[{"embeddable":true,"href":"https:\/\/archiviogioia.lavocedelpaese.info\/index.php?rest_route=%2Fwp%2Fv2%2Fcomments&post=66301"}],"version-history":[{"count":0,"href":"https:\/\/archiviogioia.lavocedelpaese.info\/index.php?rest_route=\/wp\/v2\/posts\/66301\/revisions"}],"wp:attachment":[{"href":"https:\/\/archiviogioia.lavocedelpaese.info\/index.php?rest_route=%2Fwp%2Fv2%2Fmedia&parent=66301"}],"wp:term":[{"taxonomy":"category","embeddable":true,"href":"https:\/\/archiviogioia.lavocedelpaese.info\/index.php?rest_route=%2Fwp%2Fv2%2Fcategories&post=66301"},{"taxonomy":"post_tag","embeddable":true,"href":"https:\/\/archiviogioia.lavocedelpaese.info\/index.php?rest_route=%2Fwp%2Fv2%2Ftags&post=66301"}],"curies":[{"name":"wp","href":"https:\/\/api.w.org\/{rel}","templated":true}]}}