{"id":66335,"date":"2021-11-17T08:17:12","date_gmt":"2021-11-17T08:17:12","guid":{"rendered":"https:\/\/archiviogioia.lavocedelpaese.info\/?p=66335"},"modified":"2021-11-17T08:17:12","modified_gmt":"2021-11-17T08:17:12","slug":"giornata-mondiale-del-tumore-al-pancreas-convegno-al-miullivideo","status":"publish","type":"post","link":"https:\/\/archiviogioia.lavocedelpaese.info\/?p=66335","title":{"rendered":"Giornata mondiale del tumore al pancreas. Convegno al Miulli\/video"},"content":{"rendered":"<p><a title=\"Facciamo-luce-sul-tumore-al-pancreas-1000x675\" href=\"https:\/\/www.flickr.com\/photos\/91470992@N02\/51685706407\/in\/dateposted\/\" data-flickr-embed=\"true\"><img loading=\"lazy\" decoding=\"async\" style=\"display: block; margin-left: auto; margin-right: auto;\" src=\"https:\/\/live.staticflickr.com\/65535\/51685706407_bba79748b7_z.jpg\" alt=\"Facciamo-luce-sul-tumore-al-pancreas-1000x675\" width=\"320\" height=\"240\" \/><\/a><\/p>\n<p><!--more--><\/p>\n<p style=\"text-align: justify;\"><a title=\"Miulli-in-viola-Acquaviva-delle-Fonti\" href=\"https:\/\/www.flickr.com\/photos\/91470992@N02\/51687174914\/in\/photostream\/\" data-flickr-embed=\"true\"><img loading=\"lazy\" decoding=\"async\" style=\"margin: 5px; float: left;\" src=\"https:\/\/live.staticflickr.com\/65535\/51687174914_85d4507b5f_w.jpg\" alt=\"Miulli-in-viola-Acquaviva-delle-Fonti\" width=\"400\" height=\"208\" \/><\/a><strong>\u201c<\/strong>Si rinnova anche per il 2021 <strong>l\u2019impegno dell\u2019Ospedale Miulli nella prevenzione e cura del tumore al pancreas<\/strong>. In occasione della Giornata Mondiale che si celebra ogni anno a novembre, <strong>l\u2019Ente di Acquaviva delle Fonti si illuminer\u00e0 di viola<\/strong> per sensibilizzare l\u2019utenza sulla necessit\u00e0 di un approccio multidisciplinare alla patologia. Infatti, solo il coinvolgimento di vari specialisti impegnati nella lotta contro il cancro pu\u00f2 indirizzare correttamente il paziente verso la cura. Inoltre, nella giornata del <strong>19 novembre<\/strong>, il Miulli ha organizzato un <strong>convegno<\/strong> dal titolo \u201c<strong>Tumore al Pancreas: Management Multidisciplinare<\/strong>\u201d, che vede come responsabile scientifico il dott. <strong>Riccardo Memeo<\/strong>, Direttore della U.O.C. di Chirurgia Epatobiliopancreatica del Miulli.<\/p>\n<p style=\"text-align: justify;\">Il tumore al pancreas necessita di una <strong>gestione multidisciplinare del paziente<\/strong>. In questo contesto il medico di base gioca un ruolo essenziale che va ad integrarsi con il piano diagnostico e terapeutico. Quale opportunit\u00e0 offre la <strong>rete oncologica regionale<\/strong> e come \u00e8 strutturata la <strong>Pancreas Unit<\/strong>? Il <strong>C.O.R.O.<\/strong> ha il ruolo di accogliere, orientare, informare e non mancher\u00e0 approfondimento sulla sua mission. A chiusura dell\u2019evento i discenti saranno coinvolti in uno stimolante confronto che vedr\u00e0 la partecipazione di figure professionali quali radiologo, endoscopista, radiologo interventista, chirurgo, oncologo, anatomopatologo, ra<a title=\"miulli-front-orizzontale\" href=\"https:\/\/www.flickr.com\/photos\/91470992@N02\/51686766793\/in\/photostream\/\" data-flickr-embed=\"true\"><img loading=\"lazy\" decoding=\"async\" style=\"margin: 5px; float: right;\" src=\"https:\/\/live.staticflickr.com\/65535\/51686766793_d72cb01078_w.jpg\" alt=\"miulli-front-orizzontale\" width=\"400\" height=\"250\" \/><\/a>dioterapista, anestesista e terapista del dolore.<\/p>\n<p style=\"text-align: justify;\"><strong>L\u2019Evento RES<\/strong> \u00e8 gratuito ed \u00e8 aperto a un massimo di 50 Medici Chirurghi specialisti o specializzandi in anatomia patologica, anestesia e rianimazione, chirurgia generale, gastroenterologia, medicina generale, oncologia, radiologia, radioterapia, terapia del dolore.<\/p>\n<p style=\"text-align: justify;\"><strong>L\u2019Evento FAD<\/strong> \u00e8 gratuito ed \u00e8 aperto a un massimo di 100 Medici Chirurghi specialisti o specializzandi in anatomia patologica, anestesia e rianimazione, chirurgia generale, gastroenterologia, medicina generale, oncologia, radiologia, radioterapia, terapia del dolore.<\/p>\n<p style=\"text-align: justify;\">L\u2019Evento, accreditato in modalit\u00e0 FAD Asincrona, \u00e8 inserito nel programma di formazione E.C.M. e d\u00e0 diritto a 4 crediti per ottenere i quali \u00e8 necessaria la partecipazione al 100% dell\u2019attivit\u00e0 formativa e il superamento della verifica di apprendimento.<\/p>\n<p style=\"text-align: justify;\"><strong>Per iscrizioni<\/strong>: <a href=\"https:\/\/aimseventi.it\/tumore-al-pancreas-management-multidisciplinare\/\" target=\"_blank\" rel=\"noopener\">https:\/\/aimseventi.it\/tumore-al-pancreas-management-multidisciplinare\/<\/a><\/p>\n<p style=\"text-align: justify;\">La Giornata Mondiale sul tumore al pancreas \u00e8 stata istituita dalla World Pancreatic Cancer Coalition, che coinvolge oltre 95 organizzazioni provenienti da 35 Paesi.<\/p>\n<p style=\"text-align: justify;\">Oltre al Miulli, tante saranno le iniziative organizzate nel mese di Novembre e, in particolare, in occasione della Giornata Mondiale sul Tumore al Pancreas. In tutto il mondo, edifici e luoghi simbolici si illumineranno di viola, dalle Cascate del Niagara, sull\u2019Opera House di Sidney, a Trafalgar Square a Londra e la Skyline di Chicago\u201d.<\/p>\n<p style=\"text-align: right;\" align=\"right\"><strong>Ufficio Stampa Ospedale Miulli <\/strong><\/p>\n<p><iframe loading=\"lazy\" src=\"https:\/\/www.youtube.com\/embed\/NxBttKVFDVI\" width=\"640\" height=\"365\" allowfullscreen=\"allowfullscreen\" title=\"YouTube video player\" allow=\"accelerometer; autoplay; clipboard-write; encrypted-media; gyroscope; picture-in-picture\"><\/iframe><\/p>\n","protected":false},"excerpt":{"rendered":"","protected":false},"author":1,"featured_media":0,"comment_status":"open","ping_status":"closed","sticky":false,"template":"","format":"standard","meta":{"colormag_page_container_layout":"default_layout","colormag_page_sidebar_layout":"default_layout","footnotes":""},"categories":[7],"tags":[],"class_list":["post-66335","post","type-post","status-publish","format-standard","hentry","category-attualita"],"_links":{"self":[{"href":"https:\/\/archiviogioia.lavocedelpaese.info\/index.php?rest_route=\/wp\/v2\/posts\/66335","targetHints":{"allow":["GET"]}}],"collection":[{"href":"https:\/\/archiviogioia.lavocedelpaese.info\/index.php?rest_route=\/wp\/v2\/posts"}],"about":[{"href":"https:\/\/archiviogioia.lavocedelpaese.info\/index.php?rest_route=\/wp\/v2\/types\/post"}],"author":[{"embeddable":true,"href":"https:\/\/archiviogioia.lavocedelpaese.info\/index.php?rest_route=\/wp\/v2\/users\/1"}],"replies":[{"embeddable":true,"href":"https:\/\/archiviogioia.lavocedelpaese.info\/index.php?rest_route=%2Fwp%2Fv2%2Fcomments&post=66335"}],"version-history":[{"count":0,"href":"https:\/\/archiviogioia.lavocedelpaese.info\/index.php?rest_route=\/wp\/v2\/posts\/66335\/revisions"}],"wp:attachment":[{"href":"https:\/\/archiviogioia.lavocedelpaese.info\/index.php?rest_route=%2Fwp%2Fv2%2Fmedia&parent=66335"}],"wp:term":[{"taxonomy":"category","embeddable":true,"href":"https:\/\/archiviogioia.lavocedelpaese.info\/index.php?rest_route=%2Fwp%2Fv2%2Fcategories&post=66335"},{"taxonomy":"post_tag","embeddable":true,"href":"https:\/\/archiviogioia.lavocedelpaese.info\/index.php?rest_route=%2Fwp%2Fv2%2Ftags&post=66335"}],"curies":[{"name":"wp","href":"https:\/\/api.w.org\/{rel}","templated":true}]}}