{"id":66347,"date":"2021-11-22T19:44:16","date_gmt":"2021-11-22T19:44:16","guid":{"rendered":"https:\/\/archiviogioia.lavocedelpaese.info\/?p=66347"},"modified":"2021-11-22T19:44:16","modified_gmt":"2021-11-22T19:44:16","slug":"resextensa-calling-alle-sfide-24-25-26-novembre","status":"publish","type":"post","link":"https:\/\/archiviogioia.lavocedelpaese.info\/?p=66347","title":{"rendered":"RESEXTENSA CALLING \u2026 ALLE SFIDE! 24-25-26 NOVEMBRE"},"content":{"rendered":"<p><a title=\"ResExtensa-Dance-Company\" href=\"https:\/\/www.flickr.com\/photos\/91470992@N02\/51697439732\/in\/dateposted\/\" data-flickr-embed=\"true\"><img loading=\"lazy\" decoding=\"async\" style=\"display: block; margin-left: auto; margin-right: auto;\" src=\"https:\/\/live.staticflickr.com\/65535\/51697439732_ae042c721c_o.jpg\" alt=\"ResExtensa-Dance-Company\" width=\"320\" height=\"240\" \/><\/a><\/p>\n<p><!--more--><\/p>\n<p style=\"margin-bottom: 0.0001pt; text-align: justify;\"><a title=\"Elisa Barucchieri\" href=\"https:\/\/www.flickr.com\/photos\/91470992@N02\/51698906969\/in\/photostream\/\" data-flickr-embed=\"true\"><img loading=\"lazy\" decoding=\"async\" style=\"margin: 5px; float: left;\" src=\"https:\/\/live.staticflickr.com\/65535\/51698906969_5b8e34a9eb_n.jpg\" alt=\"Elisa Barucchieri\" width=\"320\" height=\"317\" \/><\/a> <span>\u201cContagiare tutti di bellezza e sorrisi intercettare la gente e ricordare che lo spettacolo dal vivo \u00e8 emozione, leggerezza, bellezza insieme anche quando si parla di cose serie\u2026 \u201c<\/span><\/p>\n<p style=\"margin-bottom: 0.0001pt; text-align: justify;\"><span>In queste parole di <strong>Elisa Barucchieri<\/strong>, l\u2019essenza di \u201cResExtensa Calling \u2026 alle sfide\u201d, un progetto-festival giunto alla sua sesta edizione e finalmente approdato anche a Gioia, presentato il 19 novembre nella Sala Giunta della Citt\u00e0 Metropolitana al cospetto del consigliere metropolitano di Bari con delega alla<span style=\"color: #0d0d0d;\">&nbsp;Cultura <strong>Francesca Pietroforte<\/strong>, dell\u2019assessore alla Cultura <strong>Lucio Romano<\/strong> e di Elisa Barucchieri, danzatrice, coreografa e fondatrice di ResExtensa.<\/span><\/span><\/p>\n<p style=\"margin-bottom: 0.0001pt; text-align: justify;\"><span>Un<\/span><span> progetto innovativo dedicato alla danza ed al superamento delle difficolt\u00e0, pensato come una chiamata all\u2019incontro tra gli artisti, le arti, i saperi e anche con i sapori.<\/span><\/p>\n<p style=\"margin-bottom: 0.0001pt; text-align: justify;\"><span>Tre giornate dal 24 al 26 novembre 2021 per esplorare e vivere la danza in tutte le sue sfaccettature, una danza senza limiti, che accetta le sfide e che sa coinvolgere. Quest\u2019anno, infatti, il festival \u00e8 dedicato al tema di andare oltre p<\/span><span>er superare barriere, pregiudizi, difficolt\u00e0, paure, superare insomma gli ostacoli per giungere ai propri sogni. <\/span><\/p>\n<p style=\"margin-bottom: 0.0001pt; text-align: justify;\"><span>Si \u00e8 cominciato domenic<\/span><a title=\"ResExtensa-Dance-Company\" href=\"https:\/\/www.flickr.com\/photos\/91470992@N02\/51698509363\/in\/photostream\/\" data-flickr-embed=\"true\"><img loading=\"lazy\" decoding=\"async\" style=\"margin: 5px; float: right;\" src=\"https:\/\/live.staticflickr.com\/65535\/51698509363_37e8b75e9d_w.jpg\" alt=\"ResExtensa-Dance-Company\" width=\"400\" height=\"267\" \/><\/a><span>a 21 novembre mattina con un fuori programma:<strong> \u201c<i>Toitoi Cirque Parade!\u201d<\/i> <\/strong>una parata colorata cha parte alle ore 10.30 dalla stazione di Gioia e attraverser\u00e0 le vie della citt\u00e0 (in particolare via Roma) organizzata da ResExtensa e l\u2019associazione Ombre e che coinvolger\u00e0 <strong>A.So.Tu.Dis<\/strong> Associazione per il Sostegno e la Tutela dei Disabili &#8211; di Gioia del Colle, Bari <strong>ZeroBarriere<\/strong>, <strong>Le Zzanzare<\/strong> e l\u2019associazione <strong>Teniamoci per Mano &#8211; Clownterapia Distretto Bari<\/strong>, <strong>Teatralmente Gioia<\/strong> e <strong>New Laboratorio del Movimento<\/strong>, oltre numerosi artisti di strada che collaborano con ResExtensa da anni, per grandi eventi, spettacoli e spettacoli per famiglie.<\/span><\/p>\n<p style=\"margin-bottom: 0.0001pt; text-align: justify;\"><span>Anche chi non pu\u00f2 camminare pu\u00f2 danzare: questa \u00e8 la prima sfida del progetto che si realizza con l\u2019appuntamento mattutino <\/span><span>\u201c<strong>Il Quinto Elemento<\/strong><i>: <strong>La Gioia!<\/strong><\/i><strong>\u201d<\/strong>, <strong>p<\/strong><\/span><span><strong>rogetto di danza aerea integrata<\/strong>, gi\u00e0 vincitore del <strong>Bando Scena Unita<\/strong>. <\/span><\/p>\n<p style=\"margin-bottom: 0.0001pt; text-align: justify;\"><span>Un laboratorio di danza con i diversamente abili e danzatori professionisti che si cimentano per la prima volta nella danza aerea, guidato dai professionisti di ResExtensa, realizzato in collaborazione con <span>Bari ZeroBarriere, Le Zzanzare, A.So.Tu.Dis.<\/span> <span>(con un ringraziamento particolare al dottore <strong>Francesco Manfredi<\/strong>). <\/span><\/span><a title=\"ResExtensa-Dance-Company\" href=\"https:\/\/www.flickr.com\/photos\/91470992@N02\/51698509373\/in\/photostream\/\" data-flickr-embed=\"true\"><img loading=\"lazy\" decoding=\"async\" style=\"margin: 5px; float: left;\" src=\"https:\/\/live.staticflickr.com\/65535\/51698509373_030b0bc68f_w.jpg\" alt=\"ResExtensa-Dance-Company\" width=\"400\" height=\"400\" \/><\/a><\/p>\n<p style=\"margin-bottom: 0.0001pt; text-align: justify;\"><span>Ognuna delle tre serate (sipario ore 20.30) sar\u00e0 aperta dal geniale e istrionico professor <strong>Trifone Gargano<\/strong> che con ResExtensa presenter\u00e0 le cantiche de <strong>La Divina Commedia<\/strong>. Un racconto originale delle tre Cantiche guider\u00e0 gli spettatori sui temi degli spettacoli di danza. E prima degli spettacoli all\u2019esterno del Teatro Rossini, ore 19.30, si esibiranno i fantastici artisti nouveau cirque in un <i>ToiToi Cirque <\/i>speciale (Yin&amp;Yang, Giuseppe Dely de Marzo e Niky Gianky). <\/span><\/p>\n<p style=\"margin-bottom: 0.0001pt; text-align: justify;\"><span>Nel denso programma segnaliamo due prime regionali: \u201c<strong><i>BBF-Broken Bright Flowers<\/i><\/strong>, di Giordano Orchi, progetto e coreografo sostenuti da <span>AREA Mediterranea<\/span> \u2013 <span>\u201cresidenze d\u2019artisti nei territori\u201d \u2013 prima residenza di danza in Puglia<\/span> e \u201c<strong><i>Bianchi Sentieri<\/i><\/strong>\u201d, coproduzione ResExtensa Dance Company e compagnia Giardino Chiuso di San Gimignano e Fabbrica Europa. La prima creazione di danza che ha ricevuto il <span>patrocinio dall&#8217;Associazione Beni Italiani Patrimonio Mondiale<\/span>. Ogni sera alla fine, ci sar\u00e0 incontro con gli artisti.<\/span><\/p>\n<p style=\"margin-bottom: 0.0001pt; text-align: justify;\"><strong><span>\u201cLa Danza \u00e8 Possibile?\u201d<\/span><\/strong><span> \u00e8 la domanda a cui daranno risposta nella conferenza del 26 novembre <strong>Michele Trimarchi<\/strong>, docente di Economia Pubblica (Catanzaro), Cultural Economics (IED Firenze) e Lateral Thinking (IED Roma), fondatore e presidente di Tools for Culture, non profit attiva nel campo della progettazione strategica per l\u2019arte e la cultura, <strong>Pierpaolo Pascali <\/strong>dirigente AGIS (Associazione Generale Italiana dello Spettacolo), <strong>Gemma Di Tullio<\/strong> responsabile delle Attivit\u00e0 di Danza del Teatro Pubblico Pugliese, <strong>Carmelo Grassi<\/strong>, direttore artistico del Nuovo Teatro Verdi e attuale consigliere della Regione Puglia e Francesca Rossini Agis Puglia e Basilicata.<\/span><a title=\"resextensa_elisa-barucchieri10\" href=\"https:\/\/www.flickr.com\/photos\/91470992@N02\/51698906944\/in\/photostream\/\" data-flickr-embed=\"true\"><img loading=\"lazy\" decoding=\"async\" style=\"margin: 5px; float: right;\" src=\"https:\/\/live.staticflickr.com\/65535\/51698906944_886389193f_w.jpg\" alt=\"resextensa_elisa-barucchieri10\" width=\"400\" height=\"288\" \/><\/a><\/p>\n<p style=\"margin-bottom: 0.0001pt; text-align: justify;\"><span>\u201c<strong><i>ResExtensa Calling \u2026 alle sfide!<\/i><\/strong><i>\u201d <\/i><span>porta la danza ovunque, anche a scuola:<i> <\/i>sono <\/span><\/span><span><span>in programma anche due matin\u00e9e nelle scuole di Gioia del Colle, al <strong>Liceo classico Publio Virgilio Marone e all\u2019IISS Ricciotto Canudo<\/strong>.<i> <\/i><\/span>Un <i>flashmob<\/i> per promuovere la curiosit\u00e0 per le arti, e in particolare per affrontare in maniera creativa ed emotiva le tematiche sollevate dalla Giornata internazionale per l&#8217;eliminazione della violenza contro le donne. <\/span><\/p>\n<p style=\"margin-bottom: 0.0001pt; text-align: justify;\"><strong><span>IL PROGRAMMA<\/span><\/strong><\/p>\n<div style=\"margin-bottom: 0.0001pt; text-align: justify;\"><strong><span>21 novembre<\/span><\/strong><\/div>\n<div style=\"margin-bottom: 0.0001pt; text-align: justify;\"><i><span>Toitoi Cirque Parade!<\/span><\/i><span> con Le Zzanzare, Bari Zerobarriere, Asotudis, Ombre e Teniamoci per Mano Onlus<\/span><\/div>\n<p style=\"margin-bottom: 0.0001pt; text-align: justify;\"><strong><span>24 novembre<i><\/i><\/span><\/strong><\/p>\n<div style=\"margin-bottom: 0.0001pt; text-align: justify;\"><i><span style=\"text-decoration: underline;\"><span>Mattina \u2013 ore 9.30<\/span><\/span><\/i><i><span><span>&nbsp;&nbsp;&nbsp;&nbsp;&nbsp; <\/span><\/span><\/i><\/div>\n<div style=\"margin-bottom: 0.0001pt; text-align: justify;\"><i><span>-Genere Viola <\/span><\/i><span>\u2013 a cura di Ombre e ResExtensa \u2013 flashmob di danza al Liceo classico Publio Virgilio Marone<\/span><\/div>\n<div style=\"margin-bottom: 0.0001pt; text-align: justify;\"><span>&#8211;<i>Il Quinto Elemento: La Gioia!<\/i> LAB \u2013 ResExtensa, progetto Scena Unita<\/span><\/div>\n<div style=\"margin-bottom: 0.0001pt; text-align: justify;\"><i><span style=\"text-decoration: underline;\"><span>Ore 19.30<\/span><\/span><\/i><i><span><\/span><\/i><\/div>\n<div style=\"margin-bottom: 0.0001pt; text-align: justify;\"><i><span>-Toitoi Cirque<\/span><\/i><span>&#8211; a cura di Giuseppe Dely De Marzo<\/span><\/div>\n<div style=\"margin-bottom: 0.0001pt; text-align: justify;\"><i><span>-Bianchi Senti<\/span><\/i><a title=\"ResExtensa-Dance-Company\" href=\"https:\/\/www.flickr.com\/photos\/91470992@N02\/51698509353\/in\/photostream\/\" data-flickr-embed=\"true\"><img loading=\"lazy\" decoding=\"async\" style=\"margin: 5px; float: left;\" src=\"https:\/\/live.staticflickr.com\/65535\/51698509353_e6db1ffa77.jpg\" alt=\"ResExtensa-Dance-Company\" width=\"400\" height=\"567\" \/><\/a><i><span>eri <\/span><\/i><span>GIARDINO CHIUSO\/RESEXTENSA<\/span><\/div>\n<div style=\"margin-bottom: 0.0001pt; text-align: justify;\"><i><span>-Dante\u2019s Calling\u2026 #1<\/span><\/i><span>, a cura di Trifone Gargano e ResExtensa<\/span><\/div>\n<div style=\"margin-bottom: 0.0001pt; text-align: justify;\"><i><span>-La danza del vento<\/span><\/i><span> LES ARTS (scuola di danza di Gioia del Colle)<\/span><\/div>\n<div style=\"margin-bottom: 0.0001pt; text-align: justify;\"><i><span>-Credevo Mi Amasse<\/span><\/i><span> COMPAGNIA ALTRADANZA <\/span><\/div>\n<p style=\"margin-bottom: 0.0001pt; text-align: justify;\"><strong><span>25 novembre<span>&nbsp;&nbsp;&nbsp;&nbsp;&nbsp; <\/span><\/span><\/strong><\/p>\n<div style=\"margin-bottom: 0.0001pt; text-align: justify;\"><i><span style=\"text-decoration: underline;\"><span>Mattina \u2013 ore 9.30<\/span><\/span><\/i><i><span><span>&nbsp;&nbsp;&nbsp;&nbsp;&nbsp; <\/span><\/span><\/i><\/div>\n<div style=\"margin-bottom: 0.0001pt; text-align: justify;\"><i><span>-Genere Viola <\/span><\/i><span>\u2013 a cura di Ombre e ResExtensa, flashmob di danza all\u2019IISS Ricciotto Canudo<\/span><\/div>\n<div style=\"margin-bottom: 0.0001pt; text-align: justify;\"><i><span>-Il Quinto Elemento: La Gioia!<\/span><\/i><span> LAB \u2013 ResExtensa, progetto Scena Unita<\/span><\/div>\n<div style=\"margin-bottom: 0.0001pt; text-align: justify;\"><i><span style=\"text-decoration: underline;\"><span>Ore 19.30<\/span><\/span><\/i><i><span><\/span><\/i><\/div>\n<div style=\"margin-bottom: 0.0001pt; text-align: justify;\"><i><span>-Toitoi Cirque<\/span><\/i><span> \u2013 a cura di YIN &amp; YANG<\/span><\/div>\n<div style=\"margin-bottom: 0.0001pt; text-align: justify;\"><i><span>-Dante\u2019s Calling\u2026 #2<\/span><\/i><span>, a cura di Trifone Gargano e ResExtensa <\/span><\/div>\n<div style=\"margin-bottom: 0.0001pt; text-align: justify;\"><i><span>-Instead \u2013 story of a fall <\/span><\/i><span>LES ARTS &#8211; (scuola di danza di Gioia del Colle)<\/span><\/div>\n<div style=\"margin-bottom: 0.0001pt; text-align: justify;\"><i><span>-Luce de l\u2019Occhi<\/span><\/i><span> FRANCESCO BAX <\/span><\/div>\n<div style=\"margin-bottom: 0.0001pt; text-align: justify;\"><i><span>-Divine <\/span><\/i><span>COMPAGNIA ARB<\/span><\/div>\n<p style=\"margin-bottom: 0.0001pt; text-align: justify;\"><strong><span>26 novembre<span>&nbsp;&nbsp;&nbsp;&nbsp;&nbsp; <\/span><\/span><\/strong><\/p>\n<div style=\"margin-bottom: 0.0001pt; text-align: justify;\"><i><span>Mattina \u2013 ore 10.30<span>&nbsp;&nbsp;&nbsp; <\/span><\/span><\/i><\/div>\n<div style=\"margin-bottom: 0.0001pt; text-align: justify;\"><i><span>-Il Quinto Elemento: La Gioia!<\/span><\/i><span> LAB \u2013 ResExtensa, progetto Scena Unita<\/span><\/div>\n<div style=\"margin-bottom: 0.0001pt; text-align: justify;\"><i><span>Pomeriggio \u2013 ore 18 <\/span><\/i><\/div>\n<div style=\"margin-bottom: 0.0001pt; text-align: justify;\"><span>\u201cLA DANZA \u00c8 POSSIBILE?\u201d &#8211; conferenza<\/span><\/div>\n<div style=\"margin-bottom: 0.0001pt; text-align: justify;\"><i><span style=\"text-decoration: underline;\"><span>Ore 19.30<\/span><\/span><\/i><i><span><\/span><\/i><\/div>\n<div style=\"margin-bottom: 0.0001pt; text-align: justify;\"><i><span>-ToiToi Cirque <\/span><\/i><span>\u2013 a cura Giuseppe Dely De Marzo e Yin&amp;Yang<\/span><\/div>\n<div style=\"margin-bottom: 0.0001pt; text-align: justify;\"><i><span>-Dante\u2019s Calling\u2026 #3<\/span><\/i><span>, a cura di Trifone Gargano e ResExtensa<\/span><\/div>\n<div style=\"margin-bottom: 0.0001pt; text-align: justify;\"><i><span>-Il Quinto Elemento: La Gioia!<\/span><\/i><span> RESEXTENSA DANCE COMPANY &amp; FRIENDS<\/span><\/div>\n<div style=\"margin-bottom: 0.0001pt; text-align: justify;\"><i><span>-Mixed Bill<\/span><\/i><span> &#8211; NEW LABORATORIO DEL MOVIMENTO &#8211; (scuola di danza di Gioia del Colle)<\/span><\/div>\n<div style=\"margin-bottom: 0.0001pt; text-align: justify;\"><i><span>-Oppio<\/span><\/i><span> COMPAGNIA FRANCESCA SELVA <\/span><\/div>\n<div style=\"margin-bottom: 0.0001pt; text-align: justify;\"><i><span>-BBF &#8211; Bright Broken Flowers<\/span><\/i><span> GIORDANO ORCHI &#8211; Progetto AREA Mediterranea, residenza 2021<\/span><\/div>\n<p style=\"margin-bottom: 0.0001pt; text-align: justify;\"><span><strong>Ingresso 10 euro e ridotto 5 euro. Abbonamento 15 euro<\/strong>. Info 333.711.06.77 &#8211; <a href=\"mailto:prenotazioni@resextensa.it\">prenotazioni@resextensa.it<\/a><\/span><\/p>\n<p>&nbsp;<\/p>\n","protected":false},"excerpt":{"rendered":"","protected":false},"author":1,"featured_media":0,"comment_status":"open","ping_status":"closed","sticky":false,"template":"","format":"standard","meta":{"colormag_page_container_layout":"default_layout","colormag_page_sidebar_layout":"default_layout","footnotes":""},"categories":[7],"tags":[],"class_list":["post-66347","post","type-post","status-publish","format-standard","hentry","category-attualita"],"_links":{"self":[{"href":"https:\/\/archiviogioia.lavocedelpaese.info\/index.php?rest_route=\/wp\/v2\/posts\/66347","targetHints":{"allow":["GET"]}}],"collection":[{"href":"https:\/\/archiviogioia.lavocedelpaese.info\/index.php?rest_route=\/wp\/v2\/posts"}],"about":[{"href":"https:\/\/archiviogioia.lavocedelpaese.info\/index.php?rest_route=\/wp\/v2\/types\/post"}],"author":[{"embeddable":true,"href":"https:\/\/archiviogioia.lavocedelpaese.info\/index.php?rest_route=\/wp\/v2\/users\/1"}],"replies":[{"embeddable":true,"href":"https:\/\/archiviogioia.lavocedelpaese.info\/index.php?rest_route=%2Fwp%2Fv2%2Fcomments&post=66347"}],"version-history":[{"count":0,"href":"https:\/\/archiviogioia.lavocedelpaese.info\/index.php?rest_route=\/wp\/v2\/posts\/66347\/revisions"}],"wp:attachment":[{"href":"https:\/\/archiviogioia.lavocedelpaese.info\/index.php?rest_route=%2Fwp%2Fv2%2Fmedia&parent=66347"}],"wp:term":[{"taxonomy":"category","embeddable":true,"href":"https:\/\/archiviogioia.lavocedelpaese.info\/index.php?rest_route=%2Fwp%2Fv2%2Fcategories&post=66347"},{"taxonomy":"post_tag","embeddable":true,"href":"https:\/\/archiviogioia.lavocedelpaese.info\/index.php?rest_route=%2Fwp%2Fv2%2Ftags&post=66347"}],"curies":[{"name":"wp","href":"https:\/\/api.w.org\/{rel}","templated":true}]}}