{"id":66409,"date":"2021-12-04T09:01:05","date_gmt":"2021-12-04T09:01:05","guid":{"rendered":"https:\/\/archiviogioia.lavocedelpaese.info\/?p=66409"},"modified":"2021-12-04T09:01:05","modified_gmt":"2021-12-04T09:01:05","slug":"qspariti-750milioni-di-vecchie-lireq-la-disperazione-di-ottavio-temperato","status":"publish","type":"post","link":"https:\/\/archiviogioia.lavocedelpaese.info\/?p=66409","title":{"rendered":"&#8220;Spariti 750milioni di vecchie lire&#8221;. La disperazione di Ottavio Temperato"},"content":{"rendered":"<p><a title=\"tommaso\" href=\"https:\/\/www.flickr.com\/photos\/91470992@N02\/51724677900\/in\/dateposted\/\" data-flickr-embed=\"true\"><img loading=\"lazy\" decoding=\"async\" style=\"display: block; margin-left: auto; margin-right: auto;\" src=\"https:\/\/live.staticflickr.com\/65535\/51724677900_33ed712c62_z.jpg\" alt=\"tommaso\" width=\"320\" height=\"240\" \/><\/a><\/p>\n<p><!--more--><\/p>\n<p style=\"text-align: justify;\"><a title=\"le iene\" href=\"https:\/\/www.flickr.com\/photos\/91470992@N02\/51724677930\/in\/photostream\/\" data-flickr-embed=\"true\"><img loading=\"lazy\" decoding=\"async\" style=\"margin: 5px; float: left;\" src=\"https:\/\/live.staticflickr.com\/65535\/51724677930_2a5b2819d6_w.jpg\" alt=\"le iene\" width=\"400\" height=\"225\" \/><\/a><span><strong>Ottavio Temperato, 84 anni<\/strong>, di Gioia del Colle, dall\u2019et\u00e0 di 11 anni ha fatto il venditore ambulante. <strong>Nell\u2019intervista rilasciata a Luigi Pelazza,<\/strong> per la trasmissione di Mediaset, <strong>Le Iene, ha raccontato che tutti i suoi soldi risparmiati in circa 70 anni di lavoro<\/strong> (circa 750 milioni di vecchie lire) e <strong>messi in banca dal 1987 al 1995 sono spariti<\/strong>. Che il suo conto corrente bancario risulterebbe sia stato chiuso, nel mese di luglio 2002, con una richiesta di chiusura con firma apocrifa (falsa), cio\u00e8 non sua. Chi ha firmato realmente? <strong>Cosa sia successo esattamente non \u00e8 dato sapere<\/strong>. Nel servizio, registrato e andato in onda su Italia1 il 30 novembre scorso, <strong>i funzionari della banca interessata, mai nominata o inquadrata nel servizio, cos\u00ec come il cassiere<\/strong> a cui il pensionato, a suo dire, sembrerebbe si sia sempre rivolto per tutte le operazioni da lui effettuate, <strong>non hanno risposto o dato spiegazioni alle domande poste<\/strong> e alle affermazioni fatte dall\u2019inviato de Le Iene. L\u2019unica cosa certa \u00e8 che sia in atto, cos\u00ec \u00e8 stato asserito nel video dal sig. Tommaso Temperato, una bega legale, accesa nel 2016, par<\/span><span>rebbe quando il pensionato venne a conoscenza della chiusura del conto, la cui udienza \u00e8 stata rinviata dal giudice incaricato a marzo 2023.<\/span><a title=\"estratto conto\" href=\"https:\/\/www.flickr.com\/photos\/91470992@N02\/51724450014\/in\/photostream\/\" data-flickr-embed=\"true\"><img loading=\"lazy\" decoding=\"async\" style=\"margin: 5px; float: right;\" src=\"https:\/\/live.staticflickr.com\/65535\/51724450014_056497f534_w.jpg\" alt=\"estratto conto\" width=\"400\" height=\"225\" \/><\/a><\/p>\n<p style=\"text-align: justify;\"><span><strong>Nel frattempo<\/strong>, in attesa degli ulteriori sviluppi che la Iena Pelazza ha promesso di rendere pubblici a seguito di ulteriori sue indagini, <strong>\u00e8 pervenuta in Redazione una mail, a firma di un avvocato<\/strong>, \u201cin <\/span>qualit\u00e0 di difensore di una delle parti coinvolte nel servizio televisivo\u201d (quale parte, se l\u2019Istituto bancario o il cassiere non \u00e8 dato sapere), <strong>in cui lo stesso afferma che \u201csulla vicenda si \u00e8 gi\u00e0 svolto un procedimento penale conclusosi senza accertare alcuna responsabilit\u00e0<\/strong> ed \u00e8 in corso un procedimento civile non ancora definito\u201d.<\/p>\n<p style=\"text-align: justify;\">Una mail in cui, nell\u2019informare che \u201c<strong>Il predetto servizio \u00e8 stato ritenuto gravemente lesivo della reputazione<\/strong> del mio assistito che sta gi\u00e0 predisponendo azioni legali a tutela della sua immagine\u201d, <strong>si invita \u201cad utilizzare la massima cautela nell&#8217;eventuale diffusione della notizia<\/strong> evitando di fare riferimenti a persone che potrebbero essere lese dal servizio in oggetto\u201d.<\/p>\n<p>&nbsp;<\/p>\n","protected":false},"excerpt":{"rendered":"","protected":false},"author":1,"featured_media":0,"comment_status":"open","ping_status":"closed","sticky":false,"template":"","format":"standard","meta":{"colormag_page_container_layout":"default_layout","colormag_page_sidebar_layout":"default_layout","footnotes":""},"categories":[8],"tags":[],"class_list":["post-66409","post","type-post","status-publish","format-standard","hentry","category-cronaca"],"_links":{"self":[{"href":"https:\/\/archiviogioia.lavocedelpaese.info\/index.php?rest_route=\/wp\/v2\/posts\/66409","targetHints":{"allow":["GET"]}}],"collection":[{"href":"https:\/\/archiviogioia.lavocedelpaese.info\/index.php?rest_route=\/wp\/v2\/posts"}],"about":[{"href":"https:\/\/archiviogioia.lavocedelpaese.info\/index.php?rest_route=\/wp\/v2\/types\/post"}],"author":[{"embeddable":true,"href":"https:\/\/archiviogioia.lavocedelpaese.info\/index.php?rest_route=\/wp\/v2\/users\/1"}],"replies":[{"embeddable":true,"href":"https:\/\/archiviogioia.lavocedelpaese.info\/index.php?rest_route=%2Fwp%2Fv2%2Fcomments&post=66409"}],"version-history":[{"count":0,"href":"https:\/\/archiviogioia.lavocedelpaese.info\/index.php?rest_route=\/wp\/v2\/posts\/66409\/revisions"}],"wp:attachment":[{"href":"https:\/\/archiviogioia.lavocedelpaese.info\/index.php?rest_route=%2Fwp%2Fv2%2Fmedia&parent=66409"}],"wp:term":[{"taxonomy":"category","embeddable":true,"href":"https:\/\/archiviogioia.lavocedelpaese.info\/index.php?rest_route=%2Fwp%2Fv2%2Fcategories&post=66409"},{"taxonomy":"post_tag","embeddable":true,"href":"https:\/\/archiviogioia.lavocedelpaese.info\/index.php?rest_route=%2Fwp%2Fv2%2Ftags&post=66409"}],"curies":[{"name":"wp","href":"https:\/\/api.w.org\/{rel}","templated":true}]}}