{"id":66451,"date":"2021-12-16T15:10:22","date_gmt":"2021-12-16T15:10:22","guid":{"rendered":"https:\/\/archiviogioia.lavocedelpaese.info\/?p=66451"},"modified":"2021-12-16T15:10:22","modified_gmt":"2021-12-16T15:10:22","slug":"benny-mola-e-la-notte-della-moda-e-dello-spettacolo-sotto-le-stelle-2","status":"publish","type":"post","link":"https:\/\/archiviogioia.lavocedelpaese.info\/?p=66451","title":{"rendered":"Benny Mola e \u201cLa notte della moda e dello spettacolo sotto le stelle\u201d"},"content":{"rendered":"<p><a title=\"sfilata moda Benny Mola\" href=\"https:\/\/www.flickr.com\/photos\/91470992@N02\/51751543133\/in\/dateposted\/\" data-flickr-embed=\"true\"><img loading=\"lazy\" decoding=\"async\" style=\"display: block; margin-left: auto; margin-right: auto;\" src=\"https:\/\/live.staticflickr.com\/65535\/51751543133_604c00e2a5_o.jpg\" alt=\"sfilata moda Benny Mola\" width=\"320\" height=\"240\" \/><\/a><\/p>\n<p><!--more--><\/p>\n<p style=\"margin-bottom: 0.0001pt; line-height: normal; text-align: justify;\"><a title=\"sfilata moda sotto le stelle benny\" href=\"https:\/\/www.flickr.com\/photos\/91470992@N02\/51751303681\/in\/photostream\/\" data-flickr-embed=\"true\"><img loading=\"lazy\" decoding=\"async\" style=\"margin: 5px; float: left;\" src=\"https:\/\/live.staticflickr.com\/65535\/51751303681_1f7fcc7b2c_z.jpg\" alt=\"sfilata moda sotto le stelle benny\" width=\"400\" height=\"571\" \/><\/a>Benny Mola, titolare di Benny Boutique Pellicceria, il <strong>19 dicembre, dalle 18 alle 24 organizza in via della Repubblica<\/strong>, a ridosso del suo negozio al civico 35, un evento moda molto particolare, <strong>una sfilata tra il pubblico con gli splendidi capi indossati da splendide concorrenti al concorso Miss Italia<\/strong>.<\/p>\n<p style=\"margin-bottom: 0.0001pt; line-height: normal; text-align: justify;\"><strong>Presenter\u00e0 l\u2019incontro Antonella Piccolo<\/strong>\u2026 una vera \u201cfesta\u201d con un Circus Show affidato a <strong>Andrea e Henrrique, il Dj Alvin <\/strong>e persino i fuochi d\u2019artificio della Ditta De Carlo.<\/p>\n<p style=\"margin-bottom: 0.0001pt; line-height: normal; text-align: justify;\">Dopo il periodo buio di pandemia che ha messo a durissima prova il settore dell\u2019abbigliamento, questo incontro sancisce un ritorno (si spera) alla normalit\u00e0!<\/p>\n<p style=\"margin-bottom: 0.0001pt; line-height: normal; text-align: justify;\">\u201cHo potuto organizzare questo evento grazie agli amici sponsor ed alla disponibilit\u00e0 del Comune che mi permetter\u00e0 di far sfilare per strada le modelle. Il negozio sar\u00e0 aperto a tutti\u2026 La prima edizione nel Chiostro ha preceduto di pochi mesi l\u2019inizio del lockdown, speriamo che questa volta vada diversamente. Il 19 dicembre porteremo la moda tra la gente\u2026 un po\u2019 come ho fatto nei mesi scorsi, quando ho portato in casa delle clienti i capi da provare o adattare. Ho viaggiato molto, perch\u00e9 le clienti che vivono fuori regione mi hanno contattato\u2026 E\u2019 stato un po\u2019 come tornare indietro nel tempo\u2026 Siamo sopravvissuti!\u201d<\/p>\n<p style=\"margin-bottom: 0.0001pt; line-height: normal; text-align: justify;\">Benny opera nel campo della moda sin da ragazzo. Inizia con il porta a porta per poi diventare titolare di una prestigiosa boutique grazie anche all\u2019aiuto dei suoi genitori che ancora oggi rappresentano per lui e la sua famiglia un prezioso supporto morale e psicologico. Dopo aver itinerato, per dieci anni \u00e8 in via Roma, ed aver allestito pi\u00f9 negozi, sceglie di fermarsi in via della Repubblica, un bellissimo negozio, raffinato ed elegante, dotato di sistemi di sicurezza ed ogni conforto.<\/p>\n<p style=\"margin-bottom: 0.0001pt; line-height: normal; text-align: justify;\">Che Benny tenga a Gioia, lo conferma la volont\u00e0 di mettersi in gioco e condividere con la comunit\u00e0 la gioia di stare insieme\u2026<\/p>\n<p style=\"margin-bottom: 0.0001pt; line-height: normal; text-align: justify;\">\u201cQuest\u2019anno \u00e8 di moda il colore, la caratteristica dei capi oltre che nella freschezza del taglio, nell\u2019originalit\u00e0 del design \u00e8 proprio nei colori che esprimono un desiderio di rinascita e riscoperta della bellezza\u2026\u201d<\/p>\n<p style=\"margin-bottom: 0.0001pt; line-height: normal; text-align: justify;\">Capi davvero molto belli, adatti ad ogni et\u00e0 e gusto, in grado di far sentire una donna davvero unica!<\/p>\n<p style=\"margin-bottom: 0.0001pt; line-height: normal; text-align: justify;\"><strong>Tra coloro che hanno dato fiducia<\/strong> <strong>ed investito nel suo progetto<\/strong> ricordiamo lo <strong>spaccio aziendale della macelleria Masi<\/strong> che nel corso della serata <strong>offrir\u00e0 degli assaggi delle sue specialit\u00e0<\/strong>, ma anche tanti altri: <strong>Dimartino<\/strong> porte e finestre design, <strong>Elle Auto, Flower Show, Francesco Giordano, LG Centro Dentale, KwikFit Gommista, Centro Acciai Inox, Alimentari Da Giuseppe, ABComputer, La Perla del Doge, il Panificio Alberga, la Trattoria Pugliese, la Pizzeria Marab\u00f9, Coffee Sci\u00f2, la Taverna Romoletto, Qabash e Vivere a colori<\/strong>\u2026 Amici ed esercenti che credono in Benny e sono stati contagiati dal suo entusiasmo.<\/p>\n<p style=\"margin-bottom: 0.0001pt; line-height: normal; text-align: justify;\">In attesa di veder sfilare le modelle e tornare a parlare della Notte della Moda e dello Spettacolo sotto le stelle, ammiriamo due modelli in erba, i figli di Benny pronti a dare il loro contributo in termini di immagine e simpatia!<\/p>\n<p>&nbsp;<\/p>\n","protected":false},"excerpt":{"rendered":"","protected":false},"author":1,"featured_media":0,"comment_status":"open","ping_status":"closed","sticky":false,"template":"","format":"standard","meta":{"colormag_page_container_layout":"default_layout","colormag_page_sidebar_layout":"default_layout","footnotes":""},"categories":[7],"tags":[],"class_list":["post-66451","post","type-post","status-publish","format-standard","hentry","category-attualita"],"_links":{"self":[{"href":"https:\/\/archiviogioia.lavocedelpaese.info\/index.php?rest_route=\/wp\/v2\/posts\/66451","targetHints":{"allow":["GET"]}}],"collection":[{"href":"https:\/\/archiviogioia.lavocedelpaese.info\/index.php?rest_route=\/wp\/v2\/posts"}],"about":[{"href":"https:\/\/archiviogioia.lavocedelpaese.info\/index.php?rest_route=\/wp\/v2\/types\/post"}],"author":[{"embeddable":true,"href":"https:\/\/archiviogioia.lavocedelpaese.info\/index.php?rest_route=\/wp\/v2\/users\/1"}],"replies":[{"embeddable":true,"href":"https:\/\/archiviogioia.lavocedelpaese.info\/index.php?rest_route=%2Fwp%2Fv2%2Fcomments&post=66451"}],"version-history":[{"count":0,"href":"https:\/\/archiviogioia.lavocedelpaese.info\/index.php?rest_route=\/wp\/v2\/posts\/66451\/revisions"}],"wp:attachment":[{"href":"https:\/\/archiviogioia.lavocedelpaese.info\/index.php?rest_route=%2Fwp%2Fv2%2Fmedia&parent=66451"}],"wp:term":[{"taxonomy":"category","embeddable":true,"href":"https:\/\/archiviogioia.lavocedelpaese.info\/index.php?rest_route=%2Fwp%2Fv2%2Fcategories&post=66451"},{"taxonomy":"post_tag","embeddable":true,"href":"https:\/\/archiviogioia.lavocedelpaese.info\/index.php?rest_route=%2Fwp%2Fv2%2Ftags&post=66451"}],"curies":[{"name":"wp","href":"https:\/\/api.w.org\/{rel}","templated":true}]}}