{"id":66608,"date":"2022-01-30T08:09:29","date_gmt":"2022-01-30T08:09:29","guid":{"rendered":"https:\/\/archiviogioia.lavocedelpaese.info\/?p=66608"},"modified":"2022-01-30T08:09:29","modified_gmt":"2022-01-30T08:09:29","slug":"una-donna-e-suo-nipote-investiti-vicino-villa-duse-2","status":"publish","type":"post","link":"https:\/\/archiviogioia.lavocedelpaese.info\/?p=66608","title":{"rendered":"UNA DONNA E SUO NIPOTE INVESTITI VICINO VILLA DUSE"},"content":{"rendered":"<p><a title=\"villa-duse\" href=\"https:\/\/www.flickr.com\/photos\/91470992@N02\/51851948047\/in\/dateposted\/\" data-flickr-embed=\"true\"><img loading=\"lazy\" decoding=\"async\" style=\"display: block; margin-left: auto; margin-right: auto;\" src=\"https:\/\/live.staticflickr.com\/65535\/51851948047_dbf344bdf5_z.jpg\" alt=\"villa-duse\" width=\"320\" height=\"240\" \/><\/a><\/p>\n<p><!--more--><\/p>\n<p style=\"margin-bottom: 0.0001pt; text-align: justify;\"><a title=\"investiti in via Federico II di Svevia\" href=\"https:\/\/www.flickr.com\/photos\/91470992@N02\/51852913566\/in\/photostream\/\" data-flickr-embed=\"true\"><img loading=\"lazy\" decoding=\"async\" style=\"margin: 5px; float: left;\" src=\"https:\/\/live.staticflickr.com\/65535\/51852913566_9a4ef2c7bf_z.jpg\" alt=\"investiti in via Federico II di Svevia\" width=\"400\" height=\"300\" \/><\/a>A dir poco kafkiana la vicenda vissuta da una donna gioiese, Franca M. e da suo nipote, un giovane sedicenne, investiti mentre attraversavano via Federico II di Svevia all\u2019altezza di Villa Duse il 10 gennaio scorso, intorno alle 18.15.<\/p>\n<p style=\"margin-bottom: 0.0001pt; text-align: justify;\">I due poveretti sono stati travolti da un\u2019auto guidata da un giovane, il quale si \u00e8 fermato per prestare soccorso.<\/p>\n<p style=\"margin-bottom: 0.0001pt; text-align: justify;\">Sia la donna che il ragazzo a seguito dell\u2019urto hanno letteralmente fatto un volo, cadendo malamente sull\u2019asfalto. Il ragazzo ha riportato una ferita alla testa che ha richiesto una tac per verificare non ci fossero danni, la donna \u00e8 ancor oggi piena di lividi e dolorante, ed \u00e8 proprio il caso di dire che \u00e8 andata bene, in quanto non ha riportato fratture, come temuto in un primo momento.<\/p>\n<p style=\"margin-bottom: 0.0001pt; text-align: justify;\">L\u2019autista della vettura che ha investito i due gioiesi ha dato delle generalit\u00e0 ma senza mostrare i propri documenti. Ha infatti detto di chiamarsi Nuzzolese, di lavorare ad Acquaviva e di essere originario di Altamura.<\/p>\n<p style=\"margin-bottom: 0.0001pt; text-align: justify;\">Scossi dall\u2019accaduto, n\u00e9 la donna n\u00e9 suo nipote, che nella caduta aveva anche perso gli occhiali, hanno pensato di appuntarsi la targa dell\u2019auto, d&#8217;altronde la presenza di testimoni e la gentilezza dell\u2019uomo non facevano presagire che si sarebbe eclissato subito dopo averli accompagnati non al Pronto soccorso, come forse sarebbe stato pi\u00f9 logico, ma a casa.<\/p>\n<p style=\"margin-bottom: 0.0001pt; text-align: justify;\">Infatti, mentre i due salivano nella propria abitazione spiegando ai propri cari l\u2019accaduto, l\u2019investitore \u00e8 andato via ed il genero della signora non ha potuto chiedere gli estremi dell\u2019assicurazione.<\/p>\n<p style=\"margin-bottom: 0.0001pt; text-align: justify;\">Da qui la necessit\u00e0 di rivolgere un appello a coloro che erano presenti all\u2019incidente, affinch\u00e9 si recuperino notizie sul tipo di auto, forse una 500 CC, e sulla targa della vettura.<\/p>\n<p style=\"margin-bottom: 0.0001pt; text-align: justify;\">Nel caso si abbiano notizie, per entrare in contatto con la signora Franca si prega di rivolgersi alla redazione su fb o inviando una mail a <a href=\"mailto:redazione@gioianet.it\">redazione@gioianet.it<\/a>.<\/p>\n<p>&nbsp;<\/p>\n","protected":false},"excerpt":{"rendered":"","protected":false},"author":1,"featured_media":0,"comment_status":"open","ping_status":"closed","sticky":false,"template":"","format":"standard","meta":{"colormag_page_container_layout":"default_layout","colormag_page_sidebar_layout":"default_layout","footnotes":""},"categories":[8],"tags":[],"class_list":["post-66608","post","type-post","status-publish","format-standard","hentry","category-cronaca"],"_links":{"self":[{"href":"https:\/\/archiviogioia.lavocedelpaese.info\/index.php?rest_route=\/wp\/v2\/posts\/66608","targetHints":{"allow":["GET"]}}],"collection":[{"href":"https:\/\/archiviogioia.lavocedelpaese.info\/index.php?rest_route=\/wp\/v2\/posts"}],"about":[{"href":"https:\/\/archiviogioia.lavocedelpaese.info\/index.php?rest_route=\/wp\/v2\/types\/post"}],"author":[{"embeddable":true,"href":"https:\/\/archiviogioia.lavocedelpaese.info\/index.php?rest_route=\/wp\/v2\/users\/1"}],"replies":[{"embeddable":true,"href":"https:\/\/archiviogioia.lavocedelpaese.info\/index.php?rest_route=%2Fwp%2Fv2%2Fcomments&post=66608"}],"version-history":[{"count":0,"href":"https:\/\/archiviogioia.lavocedelpaese.info\/index.php?rest_route=\/wp\/v2\/posts\/66608\/revisions"}],"wp:attachment":[{"href":"https:\/\/archiviogioia.lavocedelpaese.info\/index.php?rest_route=%2Fwp%2Fv2%2Fmedia&parent=66608"}],"wp:term":[{"taxonomy":"category","embeddable":true,"href":"https:\/\/archiviogioia.lavocedelpaese.info\/index.php?rest_route=%2Fwp%2Fv2%2Fcategories&post=66608"},{"taxonomy":"post_tag","embeddable":true,"href":"https:\/\/archiviogioia.lavocedelpaese.info\/index.php?rest_route=%2Fwp%2Fv2%2Ftags&post=66608"}],"curies":[{"name":"wp","href":"https:\/\/api.w.org\/{rel}","templated":true}]}}