{"id":66721,"date":"2022-03-08T07:27:29","date_gmt":"2022-03-08T07:27:29","guid":{"rendered":"https:\/\/archiviogioia.lavocedelpaese.info\/?p=66721"},"modified":"2022-03-08T07:27:29","modified_gmt":"2022-03-08T07:27:29","slug":"meteo-ritorna-la-neve-anche-a-bassa-quota-2","status":"publish","type":"post","link":"https:\/\/archiviogioia.lavocedelpaese.info\/?p=66721","title":{"rendered":"METEO. RITORNA LA NEVE ANCHE A BASSA QUOTA"},"content":{"rendered":"<p><a title=\"neve a bassa quota\" href=\"https:\/\/www.flickr.com\/photos\/91470992@N02\/51924722202\/in\/dateposted\/\" data-flickr-embed=\"true\"><img loading=\"lazy\" decoding=\"async\" style=\"display: block; margin-left: auto; margin-right: auto;\" src=\"https:\/\/live.staticflickr.com\/65535\/51924722202_3cd8aa83c1_z.jpg\" alt=\"neve a bassa quota\" width=\"320\" height=\"240\" \/><\/a><\/p>\n<p><!--more--><\/p>\n<p style=\"text-align: justify;\"><a title=\"neve\" href=\"https:\/\/www.flickr.com\/photos\/91470992@N02\/51926329695\/in\/dateposted\/\" data-flickr-embed=\"true\"><img loading=\"lazy\" decoding=\"async\" style=\"margin: 5px; float: left;\" src=\"https:\/\/live.staticflickr.com\/65535\/51926329695_e4b802de9b_w.jpg\" alt=\"neve\" width=\"400\" height=\"300\" \/><\/a><strong>\u201cNon \u00e8 ancora finita<\/strong>! La<strong> neve<\/strong>, che nei giorni scorsi \u00e8 tornata prepotentemente a colpire le regioni centrali adriatiche e il Sud, scendendo fino a quote bassissime, <strong>cadr\u00e0 ancora nelle prossime ore<\/strong>, con rischi imminenti per<strong> tutta la giornata di oggi marted\u00ec 8 febbraio<\/strong>.<\/p>\n<p style=\"text-align: justify;\">Ci\u00f2 accadr\u00e0 perch\u00e9 dalla Russia continuer\u00e0 senza sosta ad affluire <strong>aria gelida che sar\u00e0 responsabile, oltre che di un ulteriore calo delle temperature<\/strong>, <strong>anche di fenomeni nevosi<\/strong> che ancora una volta, nelle prossime ore, sfioreranno le zone pianeggianti: a rischio di nuovo i medesimi settori, ovvero le regioni adriatiche del Centro e il Sud.<\/p>\n<p style=\"text-align: justify;\">Gli ultimi aggiornamenti ci mostrano delle vere <span>sorprese<\/span>nella giornata di<span>marted\u00ec 8,<\/span> infatti <strong>le <span>precipitazioni nevose <\/span>saranno nuovamente destinata a colpire il versante adriatico<\/strong>, con i fiocchi pronti a raggiungere straordinariamente ed eccezionalmente anche le pianure e <span>coste <\/span>di <span>Abruzzo<\/span>, <span>Molise <\/span>e <strong>Puglia<\/strong>. Entro la serata di marted\u00ec, inoltre, ulteriori nevicate potranno interessare anche la <span>Calabria <\/span>e la <span>Sicilia centro-settentrionale<\/span> a partire dai 3\/400 metri di quota: un certamente un evento straordinario per queste zone d&#8217;Italia a marzo\u201d.[ilmeteo]<\/p>\n<p>&nbsp;<\/p>\n","protected":false},"excerpt":{"rendered":"","protected":false},"author":1,"featured_media":0,"comment_status":"open","ping_status":"closed","sticky":false,"template":"","format":"standard","meta":{"colormag_page_container_layout":"default_layout","colormag_page_sidebar_layout":"default_layout","footnotes":""},"categories":[8],"tags":[],"class_list":["post-66721","post","type-post","status-publish","format-standard","hentry","category-cronaca"],"_links":{"self":[{"href":"https:\/\/archiviogioia.lavocedelpaese.info\/index.php?rest_route=\/wp\/v2\/posts\/66721","targetHints":{"allow":["GET"]}}],"collection":[{"href":"https:\/\/archiviogioia.lavocedelpaese.info\/index.php?rest_route=\/wp\/v2\/posts"}],"about":[{"href":"https:\/\/archiviogioia.lavocedelpaese.info\/index.php?rest_route=\/wp\/v2\/types\/post"}],"author":[{"embeddable":true,"href":"https:\/\/archiviogioia.lavocedelpaese.info\/index.php?rest_route=\/wp\/v2\/users\/1"}],"replies":[{"embeddable":true,"href":"https:\/\/archiviogioia.lavocedelpaese.info\/index.php?rest_route=%2Fwp%2Fv2%2Fcomments&post=66721"}],"version-history":[{"count":0,"href":"https:\/\/archiviogioia.lavocedelpaese.info\/index.php?rest_route=\/wp\/v2\/posts\/66721\/revisions"}],"wp:attachment":[{"href":"https:\/\/archiviogioia.lavocedelpaese.info\/index.php?rest_route=%2Fwp%2Fv2%2Fmedia&parent=66721"}],"wp:term":[{"taxonomy":"category","embeddable":true,"href":"https:\/\/archiviogioia.lavocedelpaese.info\/index.php?rest_route=%2Fwp%2Fv2%2Fcategories&post=66721"},{"taxonomy":"post_tag","embeddable":true,"href":"https:\/\/archiviogioia.lavocedelpaese.info\/index.php?rest_route=%2Fwp%2Fv2%2Ftags&post=66721"}],"curies":[{"name":"wp","href":"https:\/\/api.w.org\/{rel}","templated":true}]}}