{"id":66722,"date":"2022-03-08T07:15:51","date_gmt":"2022-03-08T07:15:51","guid":{"rendered":"https:\/\/archiviogioia.lavocedelpaese.info\/?p=66722"},"modified":"2022-03-08T07:15:51","modified_gmt":"2022-03-08T07:15:51","slug":"contrasto-al-caro-bollette-le-misure-del-governo-2","status":"publish","type":"post","link":"https:\/\/archiviogioia.lavocedelpaese.info\/?p=66722","title":{"rendered":"CONTRASTO AL CARO BOLLETTE. LE MISURE DEL GOVERNO"},"content":{"rendered":"<p><a title=\"mario draghi e caro bollette\" href=\"https:\/\/www.flickr.com\/photos\/91470992@N02\/51926107833\/in\/dateposted\/\" data-flickr-embed=\"true\"><img loading=\"lazy\" decoding=\"async\" style=\"display: block; margin-left: auto; margin-right: auto;\" src=\"https:\/\/live.staticflickr.com\/65535\/51926107833_1616fa83c0_z.jpg\" alt=\"mario draghi e caro bollette\" width=\"320\" height=\"240\" \/><\/a><\/p>\n<p><!--more--><\/p>\n<p style=\"text-align: justify;\"><a title=\"caro bollette\" href=\"https:\/\/www.flickr.com\/photos\/91470992@N02\/51926649240\/in\/photostream\/\" data-flickr-embed=\"true\"><img loading=\"lazy\" decoding=\"async\" style=\"margin: 5px; float: left;\" src=\"https:\/\/live.staticflickr.com\/65535\/51926649240_9e7e8b9152_w.jpg\" alt=\"caro bollette\" width=\"400\" height=\"525\" \/><\/a> \u201cLa situazione del caro bollette \u00e8 piuttosto critica, per cui al momento lo Stato ha deciso di intervenire con un&nbsp;<strong>nuovo Decreto Energia<\/strong>, introducendo alcune misure per limitare gli effetti collaterali dell\u2019inflazione e degli ultimi avvenimenti mondiali.<\/p>\n<p style=\"text-align: justify;\">Per le nuove misure per l\u2019energia vengono utilizzati nuovi&nbsp;<strong>fondi per 6 miliardi di euro,&nbsp;<\/strong>anche senza scostamento di bilancio. Vengono annullati gli oneri di sistema nelle bollette per le utenze domestiche, rafforzati i bonus sociali gi\u00e0 presenti, e arrivano nuovi aiuti per le imprese.<\/p>\n<p style=\"text-align: justify;\">Con il decreto trova spazio anche l\u2019incentivo alle energie rinnovabili, e diverse ipotesi per aumentare la produzione di gas internamente al paese, oltre alla possibilit\u00e0 di ricorrere nuovamente alle centrali di carbone.<\/p>\n<p style=\"text-align: justify;\"><strong>IL BONUS SOCIALE<\/strong><\/p>\n<p style=\"text-align: justify;\">Il Decreto Energia proroga nuovamente sgravi di diversa natura per limitare il costo eccessivo dell\u2019energia elettrica. Si tratta principalmente di una<strong>&nbsp;eliminazione degli oneri di sistema&nbsp;<\/strong>delle&nbsp;<strong>bollette<\/strong>&nbsp;per il secondo trimestre del 2022, ovvero i mesi che vanno da aprile a giugno. &nbsp;<\/p>\n<p style=\"text-align: justify;\">Si tratta di uno sgravio previsto sia per le bollette dovute alle utenze domestiche che a quelle non di uso domestico. Sono coinvolti nell\u2019annullamento degli oneri anche gli utilizzi di energia elettrica per l\u2019illuminazione pubblica, per la ricarica dei mezzi elettrici, e per utenze con potenza superiore a 16,5 kW.<\/p>\n<p style=\"text-align: justify;\">Per quanto riguarda invece gli sgravi specifici per le famiglie pi\u00f9 in difficolt\u00e0 economica, \u00e8 possibile ancora per diversi mesi ricavare un&nbsp;<strong>risparmio sulle bollette grazie al bonus sociale.<\/strong>&nbsp;Si tratta di una misura gi\u00e0 presente gli scorsi mesi, che ha limitato a molti cittadini l\u2019aumento dei prezzi per l\u2019energia elettrica e per il gas.<\/p>\n<p style=\"text-align: justify;\">A questo proposito viene riconfermato il bonus accessibile dalle famiglie con<strong>&nbsp;ISEE minore di 8.265 euro annui<\/strong>, che sale a 20.000 euro nel caso di famiglie numerose con almeno quattro figli. Il sostegno \u00e8 anche rivolto a chi utilizza per motivi di salute particolari macchinari in casa che funzionano grazie all\u2019energia elettrica.<\/p>\n<p style=\"text-align: justify;\">Il bonus sociale consiste in uno sgravio che va a limitare il prezzo sia dell\u2019energia elettrica che del gas in base all\u2019ISEE, in modo automatico. La proroga continua a riguardare i cittadini in&nbsp;<strong>condizioni economiche svantaggiate<\/strong>&nbsp;o coinvolti in una grave situazione di salute.<\/p>\n<p style=\"text-align: justify;\"><strong>IL PROBLEMA DEL GAS<\/strong><\/p>\n<p style=\"text-align: justify;\">Mentre per l\u2019energia elettrica si studiano nuove possibilit\u00e0 di produzione all\u2019interno del paese, come ad esempio tramite le energie rinnovabili, una preoccupazione maggiore \u00e8 rivolta al gas, la cui fornitura del paese arriva principalmente dalla Russia, e il cui prezzo \u00e8 salito in modo esponenziale anche in questi mesi.<\/p>\n<p style=\"text-align: justify;\">Il Decreto Energia va a fissare ancora per i mesi da aprile a giugno 2022 le&nbsp;<strong>aliquote IVA al 5% sul gas metano utilizzato per uso civile,<\/strong>&nbsp;ma anche industriale. Al momento uno degli obiettivi principali \u00e8 quello di provare a limitare la richiesta di gas russo, incentivando la produzione interna.<\/p>\n<p style=\"text-align: justify;\">A causa della particolare situazione geopolitica che si \u00e8 presentata, al momento si presuppone anche un ritorno all\u2019utilizzo della&nbsp;<strong>produzione a carbone<\/strong>, almeno per un periodo. Un particolare stato di emergenza infatti \u00e8 stato esteso fino alla fine del 2022 proprio a causa delle ultime dinamiche mondiali, per cui l\u2019Italia si muove per correre ai ripari soprattutto dal punto di vista energetico e del gas.<\/p>\n<p style=\"text-align: justify;\">Il problema del gas, come comunicato anche in&nbsp;<strong>conferenza stampa da Mario Draghi<\/strong>, potrebbe essere risolto almeno in parte tramite la riattivazione delle centrali a carbone, e con l\u2019utilizzo di nuove fonti di energia di diverso tipo, come quelle dell\u2019energia rinnovabile.<\/p>\n<p style=\"text-align: justify;\"><strong>Le misure per le imprese<\/strong><\/p>\n<p style=\"text-align: justify;\">Oltre alle difficolt\u00e0 nella copertura delle spese per l\u2019aumento dei prezzi dell\u2019energia elettrica e del gas per le famiglie, a preoccupare i cittadini \u00e8 anche l\u2019aumento dei prezzi per le imprese. Le aziende che utilizzano grandi quantit\u00e0 di materie prime come energia elettrica e gas sono le pi\u00f9 esposte all\u2019aumento dei prezzi dell\u2019ultimo periodo.<\/p>\n<p style=\"text-align: justify;\">Aumento che causa a catena anche una conseguente crescita del costo dei beni finali prodotti, e per cui le spese a carico delle imprese risultano pi\u00f9 ingenti. A questo proposito il&nbsp;<strong>Decreto Energia propone la soluzione di un nuovo credito<\/strong>&nbsp;di imposta per le imprese definite come energivore, ovvero quelle che utilizzano molta energia per produrre, oppure per quelle che utilizzano molto gas.<\/p>\n<p style=\"text-align: justify;\">Si tratta di misure riconfermate e estese anche per i prossimi mesi, in particolare:<\/p>\n<p style=\"text-align: justify;\"><strong>&#8211; Credito di imposta del 20%&nbsp;<\/strong>per l\u2019energia acquistata e utilizzata da aprile a giugno 2022, a fronte di un aumento dei costi superiore al 30% rispetto al 2019;<\/p>\n<p style=\"text-align: justify;\"><strong>&#8211; Credito di imposta per il gas acquistato del 15%<\/strong>&nbsp;per l\u2019acquisto e il consumo di gas nei mesi da aprile a giugno 2022 con costi superiori al 30% in pi\u00f9 rispetto al 2019;<\/p>\n<p style=\"text-align: justify;\"><strong>&#8211; Per il settore dell\u2019autotrasporto&nbsp;<\/strong>vengono riservati 80 milioni di euro come risorse per ammortizzare gli aumenti dei prezzi delle materie prime. Vengono istituiti anche sostegni all\u2019automotive per lo sviluppo sostenibile, e viene proposta una riduzione del costo ai pedaggi per gli autotrasportatori che hanno subito rincari sui carburanti\u201d. <strong>[V. O.]<\/strong><\/p>\n<p>&nbsp;<\/p>\n","protected":false},"excerpt":{"rendered":"","protected":false},"author":1,"featured_media":0,"comment_status":"open","ping_status":"closed","sticky":false,"template":"","format":"standard","meta":{"colormag_page_container_layout":"default_layout","colormag_page_sidebar_layout":"default_layout","footnotes":""},"categories":[7],"tags":[],"class_list":["post-66722","post","type-post","status-publish","format-standard","hentry","category-attualita"],"_links":{"self":[{"href":"https:\/\/archiviogioia.lavocedelpaese.info\/index.php?rest_route=\/wp\/v2\/posts\/66722","targetHints":{"allow":["GET"]}}],"collection":[{"href":"https:\/\/archiviogioia.lavocedelpaese.info\/index.php?rest_route=\/wp\/v2\/posts"}],"about":[{"href":"https:\/\/archiviogioia.lavocedelpaese.info\/index.php?rest_route=\/wp\/v2\/types\/post"}],"author":[{"embeddable":true,"href":"https:\/\/archiviogioia.lavocedelpaese.info\/index.php?rest_route=\/wp\/v2\/users\/1"}],"replies":[{"embeddable":true,"href":"https:\/\/archiviogioia.lavocedelpaese.info\/index.php?rest_route=%2Fwp%2Fv2%2Fcomments&post=66722"}],"version-history":[{"count":0,"href":"https:\/\/archiviogioia.lavocedelpaese.info\/index.php?rest_route=\/wp\/v2\/posts\/66722\/revisions"}],"wp:attachment":[{"href":"https:\/\/archiviogioia.lavocedelpaese.info\/index.php?rest_route=%2Fwp%2Fv2%2Fmedia&parent=66722"}],"wp:term":[{"taxonomy":"category","embeddable":true,"href":"https:\/\/archiviogioia.lavocedelpaese.info\/index.php?rest_route=%2Fwp%2Fv2%2Fcategories&post=66722"},{"taxonomy":"post_tag","embeddable":true,"href":"https:\/\/archiviogioia.lavocedelpaese.info\/index.php?rest_route=%2Fwp%2Fv2%2Ftags&post=66722"}],"curies":[{"name":"wp","href":"https:\/\/api.w.org\/{rel}","templated":true}]}}