{"id":6688,"date":"2010-12-16T23:18:42","date_gmt":"2010-12-16T23:18:42","guid":{"rendered":"https:\/\/archiviogioia.lavocedelpaese.info\/?p=6688"},"modified":"2010-12-16T23:18:42","modified_gmt":"2010-12-16T23:18:42","slug":"violata-la-moschea-gioiese-rubato-anche-il-corano-2","status":"publish","type":"post","link":"https:\/\/archiviogioia.lavocedelpaese.info\/?p=6688","title":{"rendered":"VIOLATA MOSCHEA GIOIESE, RUBATO ANCHE IL CORANO"},"content":{"rendered":"<p><img loading=\"lazy\" decoding=\"async\" class=\" size-full wp-image-6682\" alt=\"musulmani-in-preghiera-pp\" src=\"https:\/\/archiviogioia.lavocedelpaese.info\/wp-content\/uploads\/2010\/12\/musulmani-in-preghiera-pp.jpg\" width=\"320\" height=\"150\" srcset=\"https:\/\/archiviogioia.lavocedelpaese.info\/wp-content\/uploads\/2010\/12\/musulmani-in-preghiera-pp.jpg 320w, https:\/\/archiviogioia.lavocedelpaese.info\/wp-content\/uploads\/2010\/12\/musulmani-in-preghiera-pp-300x141.jpg 300w\" sizes=\"auto, (max-width: 320px) 100vw, 320px\" \/> <\/p>\n<p><!--more--><\/p>\n<p style=\"text-align: justify;\"><strong><img loading=\"lazy\" decoding=\"async\" class=\" alignleft size-full wp-image-6684\" style=\"margin: 4px; float: left;\" alt=\"corano\" src=\"https:\/\/archiviogioia.lavocedelpaese.info\/wp-content\/uploads\/2010\/12\/corano.jpg\" width=\"200\" height=\"150\" \/>Nella notte<\/strong> tra gioved\u00ec e venerd\u00ec della scorsa settimana <strong>un ladro si \u00e8 introdotto nella moschea musulmana sita in via Mazzini <\/strong>ed ha trafugato uno stereo, un apparecchio televisivo ed un borsello contenente il Corano.<\/p>\n<div style=\"text-align: justify;\"><\/div>\n<p style=\"text-align: justify;\"><strong>Il contenitore avr\u00e0 sicuramente ingannato il malvivente<\/strong>, il quale l\u2019ha preso pensando contenesse del denaro.<\/p>\n<div style=\"text-align: justify;\"><\/div>\n<p style=\"text-align: justify;\"><strong>Verificato il contenuto<\/strong>, ritenuto di nessun valore, <strong>se ne \u00e8 prontamente sbarazzato<\/strong>.<\/p>\n<div style=\"text-align: justify;\"><\/div>\n<p style=\"text-align: justify;\">Infatti, <strong>sono state trovate pagine strappate del Corano nei paraggi di Piazza Pinto<\/strong><strong><img loading=\"lazy\" decoding=\"async\" class=\" alignright size-full wp-image-6685\" style=\"margin: 4px; float: right;\" alt=\"musulmani_preghiera--400x300\" src=\"https:\/\/archiviogioia.lavocedelpaese.info\/wp-content\/uploads\/2010\/12\/musulmani_preghiera-400x300.jpg\" width=\"200\" height=\"150\" srcset=\"https:\/\/archiviogioia.lavocedelpaese.info\/wp-content\/uploads\/2010\/12\/musulmani_preghiera-400x300.jpg 400w, https:\/\/archiviogioia.lavocedelpaese.info\/wp-content\/uploads\/2010\/12\/musulmani_preghiera-400x300-300x225.jpg 300w\" sizes=\"auto, (max-width: 200px) 100vw, 200px\" \/><\/strong>, nessuna traccia degli altri oggetti.<\/p>\n<div style=\"text-align: justify;\"><\/div>\n<p style=\"text-align: justify;\"><strong>Profondo il disappunto dell\u2019iman Jalil Abdel Sakini<\/strong>, cui \u00e8 affidata la cura del luogo di culto musulmano.<\/p>\n<div style=\"text-align: justify;\"><\/div>\n<p style=\"text-align: justify;\">\u201c<strong>La nostra moschea<\/strong> \u2013 dichiara Jalil &#8211; <strong>\u00e8 aperta giorno e notte da 18 anni, non si \u00e8 mai verificato nulla del genere<\/strong>. Il luogo deve essere accessibile a tutti coloro che vogliono raccogliersi in preghiera, non si \u00e8 mai pensato potesse essere oggetto di profanazione!\u201d<\/p>\n<div style=\"text-align: justify;\"><\/div>\n<p style=\"text-align: justify;\"><strong>Al danno la beffa<\/strong>. <strong>Dopo qualche giorno ad uno dei musulmani viene proposto \u201cl\u2019acquisto\u201d <\/strong>di uno stereo e di un apparecchio televisivo con le stesse caratteristiche di quelli rubati, da parte di un gioiese.<\/p>\n<div style=\"text-align: justify;\"><\/div>\n<p style=\"text-align: justify;\">Evidentemente <strong>in tali casi \u00e8 pi\u00f9 opportuno \u201crivendere\u201d ai derubati piuttosto che cercare \u201cricettatori\u201d sul mercato<\/strong>.<\/p>\n","protected":false},"excerpt":{"rendered":"","protected":false},"author":1,"featured_media":6682,"comment_status":"open","ping_status":"closed","sticky":false,"template":"","format":"standard","meta":{"colormag_page_container_layout":"default_layout","colormag_page_sidebar_layout":"default_layout","footnotes":""},"categories":[8],"tags":[],"class_list":["post-6688","post","type-post","status-publish","format-standard","has-post-thumbnail","hentry","category-cronaca"],"_links":{"self":[{"href":"https:\/\/archiviogioia.lavocedelpaese.info\/index.php?rest_route=\/wp\/v2\/posts\/6688","targetHints":{"allow":["GET"]}}],"collection":[{"href":"https:\/\/archiviogioia.lavocedelpaese.info\/index.php?rest_route=\/wp\/v2\/posts"}],"about":[{"href":"https:\/\/archiviogioia.lavocedelpaese.info\/index.php?rest_route=\/wp\/v2\/types\/post"}],"author":[{"embeddable":true,"href":"https:\/\/archiviogioia.lavocedelpaese.info\/index.php?rest_route=\/wp\/v2\/users\/1"}],"replies":[{"embeddable":true,"href":"https:\/\/archiviogioia.lavocedelpaese.info\/index.php?rest_route=%2Fwp%2Fv2%2Fcomments&post=6688"}],"version-history":[{"count":0,"href":"https:\/\/archiviogioia.lavocedelpaese.info\/index.php?rest_route=\/wp\/v2\/posts\/6688\/revisions"}],"wp:featuredmedia":[{"embeddable":true,"href":"https:\/\/archiviogioia.lavocedelpaese.info\/index.php?rest_route=\/wp\/v2\/media\/6682"}],"wp:attachment":[{"href":"https:\/\/archiviogioia.lavocedelpaese.info\/index.php?rest_route=%2Fwp%2Fv2%2Fmedia&parent=6688"}],"wp:term":[{"taxonomy":"category","embeddable":true,"href":"https:\/\/archiviogioia.lavocedelpaese.info\/index.php?rest_route=%2Fwp%2Fv2%2Fcategories&post=6688"},{"taxonomy":"post_tag","embeddable":true,"href":"https:\/\/archiviogioia.lavocedelpaese.info\/index.php?rest_route=%2Fwp%2Fv2%2Ftags&post=6688"}],"curies":[{"name":"wp","href":"https:\/\/api.w.org\/{rel}","templated":true}]}}