{"id":67155,"date":"2022-09-19T07:50:54","date_gmt":"2022-09-19T07:50:54","guid":{"rendered":"https:\/\/archiviogioia.lavocedelpaese.info\/?p=67155"},"modified":"2022-09-19T07:50:54","modified_gmt":"2022-09-19T07:50:54","slug":"madonna-del-rosario-per-noi-una-festa-ricca-di-sacralita-2","status":"publish","type":"post","link":"https:\/\/archiviogioia.lavocedelpaese.info\/?p=67155","title":{"rendered":"Madonna del Rosario. \u201cPer noi una festa ricca di sacralit\u00e0\u201d"},"content":{"rendered":"<p style=\"text-align: justify;\"><a title=\"madonna del rosario\" href=\"https:\/\/www.flickr.com\/photos\/91470992@N02\/10109952984\/in\/photolist-Asohm5-A9kxpe-A9kphH-zMXPDY-LKTtWc-zGZRCk-zG77xZ-zG74RM-zDMTpU-zpvbzW-zptL2m-yK58iE-qKxSPQ-AKYMUK-idegwa-iddS4S-iddJb6-iddJaV-ide5wf-idejfg-idej2v-idehdk-ideg3V-ide82L-ide7SY-ide7zU-ide7mh-iddUoS-iddU4d-iddS3j-iddL7a-iddHeM-idehW4-idehE2-idefF2-ide6YU-iddRMj-iddKpD-i2zBDJ-M3v9LY-KPu3Cr-gpoSet-gpoS48-gpoDWW-gpoak5-gpo9VN-gpo9Nd-2ahQbA3-gpoDNj-gpoT8x\" data-flickr-embed=\"true\"><img loading=\"lazy\" decoding=\"async\" style=\"display: block; margin-left: auto; margin-right: auto;\" src=\"https:\/\/live.staticflickr.com\/2843\/10109952984_19d1e36bed_o.png\" alt=\"madonna del rosario\" width=\"320\" height=\"240\" \/><\/a><\/p>\n<p><!--more--><\/p>\n<p style=\"text-align: justify;\"><span style=\"color: black;\">\u201cLa festa della <strong>B.V. Maria del SS. Rosario<\/strong> \u00e8 un patrimonio di storia e tradizioni di tutti noi gioiesi, e non solo della <strong>Confraternita<\/strong> alla quale noi ci onoriamo di appartenere.&nbsp; \u00c8 una festa religiosa (della quale vi anticipiamo il programma) con cui il popolo di Gioia del Colle, storicamente devoto a <strong>Maria <\/strong>La veneraquale<strong> &#8220;Regina delle Vittorie&#8221;.<\/strong> Ricorrenza per la quale ci impegniamo noi tutti della Confraternita senza lesinare l\u2019impegno per la buona riuscita della festa. E qui il valore aggiunto \u00e8 determinato dal sostegno dell&#8217;intera comunit\u00e0 gioiese (imprenditori, cittadini e fedeli), che cadute le restrizioni Covid, torner\u00e0 a partecipare alle celebrazioni della novena, triduo e a quelle della festa dell\u20191 e 2 ottobre p.v.. <strong>Grazie!\u201d.<\/strong><\/span><\/p>\n<p style=\"margin-bottom: 0.0001pt; text-align: right;\" align=\"right\"><strong><span>Confraternita SS. Rosario<\/span><\/strong><\/p>\n<p><a title=\"madonna del rosario 2022\" href=\"https:\/\/www.flickr.com\/photos\/91470992@N02\/52368864426\/in\/dateposted\/\" data-flickr-embed=\"true\"><img loading=\"lazy\" decoding=\"async\" src=\"https:\/\/live.staticflickr.com\/65535\/52368864426_206acbe5dd_o.jpg\" alt=\"madonna del rosario 2022\" width=\"670\" height=\"996\" \/><\/a><\/p>\n","protected":false},"excerpt":{"rendered":"","protected":false},"author":1,"featured_media":0,"comment_status":"open","ping_status":"closed","sticky":false,"template":"","format":"standard","meta":{"colormag_page_container_layout":"default_layout","colormag_page_sidebar_layout":"default_layout","footnotes":""},"categories":[7],"tags":[],"class_list":["post-67155","post","type-post","status-publish","format-standard","hentry","category-attualita"],"_links":{"self":[{"href":"https:\/\/archiviogioia.lavocedelpaese.info\/index.php?rest_route=\/wp\/v2\/posts\/67155","targetHints":{"allow":["GET"]}}],"collection":[{"href":"https:\/\/archiviogioia.lavocedelpaese.info\/index.php?rest_route=\/wp\/v2\/posts"}],"about":[{"href":"https:\/\/archiviogioia.lavocedelpaese.info\/index.php?rest_route=\/wp\/v2\/types\/post"}],"author":[{"embeddable":true,"href":"https:\/\/archiviogioia.lavocedelpaese.info\/index.php?rest_route=\/wp\/v2\/users\/1"}],"replies":[{"embeddable":true,"href":"https:\/\/archiviogioia.lavocedelpaese.info\/index.php?rest_route=%2Fwp%2Fv2%2Fcomments&post=67155"}],"version-history":[{"count":0,"href":"https:\/\/archiviogioia.lavocedelpaese.info\/index.php?rest_route=\/wp\/v2\/posts\/67155\/revisions"}],"wp:attachment":[{"href":"https:\/\/archiviogioia.lavocedelpaese.info\/index.php?rest_route=%2Fwp%2Fv2%2Fmedia&parent=67155"}],"wp:term":[{"taxonomy":"category","embeddable":true,"href":"https:\/\/archiviogioia.lavocedelpaese.info\/index.php?rest_route=%2Fwp%2Fv2%2Fcategories&post=67155"},{"taxonomy":"post_tag","embeddable":true,"href":"https:\/\/archiviogioia.lavocedelpaese.info\/index.php?rest_route=%2Fwp%2Fv2%2Ftags&post=67155"}],"curies":[{"name":"wp","href":"https:\/\/api.w.org\/{rel}","templated":true}]}}