{"id":67167,"date":"2022-09-24T06:56:09","date_gmt":"2022-09-24T06:56:09","guid":{"rendered":"https:\/\/archiviogioia.lavocedelpaese.info\/?p=67167"},"modified":"2022-09-24T06:56:09","modified_gmt":"2022-09-24T06:56:09","slug":"e-in-edicola-il-nuovo-numero-de-la-voce-del-paese-841","status":"publish","type":"post","link":"https:\/\/archiviogioia.lavocedelpaese.info\/?p=67167","title":{"rendered":"\u00c8 IN EDICOLA IL NUOVO NUMERO DE \u201cLA VOCE DEL PAESE\u201d"},"content":{"rendered":"<p><a title=\"la voce di Gioia\" href=\"https:\/\/www.flickr.com\/photos\/91470992@N02\/52378629721\/in\/dateposted\/\" data-flickr-embed=\"true\"><img loading=\"lazy\" decoding=\"async\" style=\"display: block; margin-left: auto; margin-right: auto;\" src=\"https:\/\/live.staticflickr.com\/65535\/52378629721_e8abc8ac87_z.jpg\" alt=\"la voce di Gioia\" width=\"320\" height=\"240\" \/><\/a><\/p>\n<p><!--more--><\/p>\n<p><strong>Qui sotto tutte le novit\u00e0 presenti in questo numero. Buona lettura a tutti.<\/strong><\/p>\n<div>Editoriale: Gioia citt\u00e0 d\u2019oro &#8211; Quasi 9 milioni di euro per demolire e ricostruire la Losapio e \u201crifare\u201d Piazza Plebiscito di Donato Stoppini<\/div>\n<div>Nuova sede Biblioteca. Lucilla: \u201cA quando il trasferimento?\u201d<\/div>\n<div>Realizzazione dell\u2019asse attrezzato &#8220;Ferrovia &#8211; Piazza Plebiscito di Gianfranco Paradiso<\/div>\n<div>L\u2019invito a votare di Chiara Ferragni<\/div>\n<div>Diritti civili inviolabili: interrompere una gravidanza di Iole Pitarra<\/div>\n<div>Pensieri e parole di Enzo Cuscito<\/div>\n<div>La Fondazione ITS Accademy a Gioia per nuovi corsi di Gianfranco Paradiso<\/div>\n<div>\u201cITS Academy\u201d &#8211; Imprese e giovani: riflessioni di Gianfranco Paradiso<\/div>\n<div>Due Caccia del 36\u00b0 Stormo intercettano velivolo \u201csospetto\u201d<\/div>\n<div>Bonus 150 euro in arrivo a novembre: a chi spetta?<\/div>\n<div>Un dono per Idrisse<\/div>\n<div>La vera \u201cpiaga sociale\u201d \u00e8 rovistare tra i rifiuti o veicolare messaggi razzisti?<\/div>\n<div>Sfregi in citt\u00e0. Anche sui manifesti funerari<\/div>\n<div>\u201cLa Cruna del Lago\u201d di Pierluca Cetera e Maurizio Di Feo a Conversano. A Monte Sannace quando?<\/div>\n<div>Le note di Dalla e De Gregori al Circolo Unione di Chiara Palazzi<\/div>\n<div>Tutti i premiati di \u201cGioia in fiore\u201d<\/div>\n<div>Buon vento e mare calmo: inaugurato l\u2019anno Rotariano di Elia Masi con Nicola Romano di Ilaria Anna Antonicelli<\/div>\n<div>Sostenere l\u2019educazione stradale a salvaguardia della vita di Gianfranco Paradiso<\/div>\n<div>Roberto Salahaddin Re David in \u201cVi racconto il mio piano\u201d al Rossini di Dalila Bellacicco<\/div>\n<div>Presentata al Cap la relazione finale di gestione di Gianfranco Paradiso<\/div>\n<div>Pensieri rubati da Raffaella Rizzi. Tra il dire e il non dire c\u2019\u00e8 di mezzo il mentire<\/div>\n<div>Il 2 ottobre la Giornata del S\u00ec ad Aido<\/div>\n<div>Volteggiando in un mondo nero<\/div>\n<div>Birra sotto le stelle\u2026 Intervista a Sergio Mastromarino<\/div>\n<div>L\u2019Europa suggerisce di prendersi cura gli uni degli altri di Iole Pitarra<\/div>\n<div>I Panama Band Bari al \u201cCrocifisso\u201d di Dalila Bellacicco<\/div>\n<div>Guendalina Losito torna su Rai 1 in \u201cImma Tataranni\u201d<\/div>\n<div>Elixir di fresco talento alla festa del Crocifisso di Dalila Bellacicco<\/div>\n<div>Le magiche parole di \u201cWonder\u201d per disseminare la cultura dell\u2019affido di Dalila Bellacicco<\/div>\n<div>Tutto pronto per la festa della Vergine del Rosario<\/div>\n<div>L\u2019impegno della letteratura \u201cAmuleti\u201d, la silloge di Lorenzo Pataro di Grazia Procino<\/div>\n<div>Auguri al giornalista pubblicista Francesco!<\/div>\n<div>Alchimia delle emozioni di Gianna Evangelista<\/div>\n<div>Il professore (storie di vite e di magie) di Giovanni Vasco. Il Coneglia e la storia degli \u201csparati\u201d \u201ci\u00f9\u00f9\u00f9\u2026i\u00f9\u00f9\u00f9\u2026i\u00f9\u00f9\u00f9\u2026\u201d<\/div>\n<div>La \u201cvoce\u201d del Cap anziani. Congedo parentale: opinioni a confronto<\/div>\n<div>La parola nuda di Elisabetta Destasio Vettori<\/div>\n<div>\u201cLa poesia della settimana\u201d a cura di Giacomo Leronn<\/div>\n<div>Raccontando in versi di Enzo Diana<\/div>\n<div>Francesco Capurso 2\u00b0 alla IV Imperial Run di Francavilla Fontana<\/div>\n<div>Amichevole Academy Gioia Vs Don Milani Bari<\/div>\n<div>Asd Academy Volley Gioia &#8211; Intervista a Francesco Galatola<\/div>\n<div>NVG Joyvolley &#8211; Prime amichevoli pre-campionato<\/div>\n<p>&nbsp;<\/p>\n","protected":false},"excerpt":{"rendered":"","protected":false},"author":1,"featured_media":0,"comment_status":"open","ping_status":"closed","sticky":false,"template":"","format":"standard","meta":{"colormag_page_container_layout":"default_layout","colormag_page_sidebar_layout":"default_layout","footnotes":""},"categories":[9],"tags":[],"class_list":["post-67167","post","type-post","status-publish","format-standard","hentry","category-la-voce-del-paese"],"_links":{"self":[{"href":"https:\/\/archiviogioia.lavocedelpaese.info\/index.php?rest_route=\/wp\/v2\/posts\/67167","targetHints":{"allow":["GET"]}}],"collection":[{"href":"https:\/\/archiviogioia.lavocedelpaese.info\/index.php?rest_route=\/wp\/v2\/posts"}],"about":[{"href":"https:\/\/archiviogioia.lavocedelpaese.info\/index.php?rest_route=\/wp\/v2\/types\/post"}],"author":[{"embeddable":true,"href":"https:\/\/archiviogioia.lavocedelpaese.info\/index.php?rest_route=\/wp\/v2\/users\/1"}],"replies":[{"embeddable":true,"href":"https:\/\/archiviogioia.lavocedelpaese.info\/index.php?rest_route=%2Fwp%2Fv2%2Fcomments&post=67167"}],"version-history":[{"count":0,"href":"https:\/\/archiviogioia.lavocedelpaese.info\/index.php?rest_route=\/wp\/v2\/posts\/67167\/revisions"}],"wp:attachment":[{"href":"https:\/\/archiviogioia.lavocedelpaese.info\/index.php?rest_route=%2Fwp%2Fv2%2Fmedia&parent=67167"}],"wp:term":[{"taxonomy":"category","embeddable":true,"href":"https:\/\/archiviogioia.lavocedelpaese.info\/index.php?rest_route=%2Fwp%2Fv2%2Fcategories&post=67167"},{"taxonomy":"post_tag","embeddable":true,"href":"https:\/\/archiviogioia.lavocedelpaese.info\/index.php?rest_route=%2Fwp%2Fv2%2Ftags&post=67167"}],"curies":[{"name":"wp","href":"https:\/\/api.w.org\/{rel}","templated":true}]}}