{"id":67185,"date":"2022-10-03T09:58:32","date_gmt":"2022-10-03T09:58:32","guid":{"rendered":"https:\/\/archiviogioia.lavocedelpaese.info\/?p=67185"},"modified":"2022-10-03T09:58:32","modified_gmt":"2022-10-03T09:58:32","slug":"la-giunta-comunale-gioiese-aumenta-i-suoi-stipendi","status":"publish","type":"post","link":"https:\/\/archiviogioia.lavocedelpaese.info\/?p=67185","title":{"rendered":"LA GIUNTA COMUNALE GIOIESE AUMENTA I SUOI STIPENDI"},"content":{"rendered":"<p><a title=\"giunta mastrangelo elezione\" href=\"https:\/\/www.flickr.com\/photos\/91470992@N02\/52401837639\/in\/dateposted\/\" data-flickr-embed=\"true\"><img loading=\"lazy\" decoding=\"async\" style=\"display: block; margin-left: auto; margin-right: auto;\" src=\"https:\/\/live.staticflickr.com\/65535\/52401837639_69beaa3e9d_z.jpg\" alt=\"giunta mastrangelo elezione\" width=\"320\" height=\"240\" \/><\/a><\/p>\n<p><!--more--><\/p>\n<p style=\"text-align: justify;\"><a title=\"Mastrangelo - sindaco\" href=\"https:\/\/www.flickr.com\/photos\/91470992@N02\/52401554251\/in\/photostream\/\" data-flickr-embed=\"true\"><img loading=\"lazy\" decoding=\"async\" style=\"margin: 5px; float: left;\" src=\"https:\/\/live.staticflickr.com\/65535\/52401554251_7650b3927f_w.jpg\" alt=\"Mastrangelo - sindaco\" width=\"400\" height=\"264\" \/><\/a> \u201cDiversi cittadini ci hanno contattato chiedendoci <strong>ulteriori chiarimenti circa l&#8217;aumento degli stipendi (+49%) della giunta comunale<\/strong>, ovvero il Governo <strong>di Gioia del Colle<\/strong>.<\/p>\n<p style=\"text-align: justify;\">Comunichiamo loro, che noi del M5S Gioia non abbiamo molto da aggiungere a quanto <strong>scritto puntualmente e correttamente dal Movimento Politico &#8220;La Bottega&#8221; e pubblicato dal settimanale \u201cLa voce del paese\u201d in edicola<\/strong>. Gli importi da loro descritti e contenuti nella Determina del Dirigente di Settore del Comune di Gioia del Colle sono inequivocabili.<\/p>\n<p style=\"text-align: justify;\">Importi che seguendo la Legge di Bilancio 2022 prevedevano un graduale aumento degli stipendi per il 2023 e per il 2024 dove codeste somme sarebbero diventate sistematiche come richiamato nelle indicazioni operative:<\/p>\n<p style=\"text-align: justify;\">&#8220;Pertanto, nel caso in cui l\u2019ente intenda applicare la misura &#8211; a regime nel 2024 &#8211; gi\u00e0 negli esercizi 2022 e 2023, adeguando immediatamente le indennit\u00e0 di funzione, dovr\u00e0 essere verificato il permanere dell\u2019equilibrio finanziario pluriennale in sede di bilancio di previsione 2022-2024, come previsto dalla disposizione richiamata&#8221;.<\/p>\n<p style=\"text-align: justify;\">Risultato? <strong>L&#8217;amministrazione Comunale ha deciso sin da subito l&#8217;aumento dei propri stipendi<\/strong>.<img loading=\"lazy\" decoding=\"async\" style=\"margin: 5px; float: right;\" src=\"https:\/\/live.staticflickr.com\/65535\/52402050893_b95185dbcd_w.jpg\" alt=\"aumenti stipendi giunta\" width=\"400\" height=\"205\" \/><\/p>\n<p style=\"text-align: justify;\">Una possibilit\u00e0 prevista dalla Legge, per carit\u00e0!<\/p>\n<p style=\"text-align: justify;\">Ma vogliamo segnalarvi che <strong>ci sono Comuni in cui i Sindaci e Consiglieri hanno deciso di rinunciare a tali aumenti<\/strong>.<\/p>\n<p style=\"text-align: justify;\">Segnaliamo il &#8220;caso&#8221; dei Consiglieri Comunali del MoVimento 5 Stelle <strong>a Roma<\/strong>:<\/p>\n<p style=\"text-align: justify;\"><a href=\"https:\/\/www.romatoday.it\/politica\/m5s-aumenti-stipendio-alla-citta.html?fbclid=IwAR07VrDdzzvKgJ0CGLFTNFPi1gqKNd12hRpFHqWp-1NifCcL2H0OaFpCdNo\" target=\"_blank\" rel=\"noopener\">https:\/\/www.romatoday.it\/&#8230;\/m5s-aumenti-stipendio-alla&#8230;<\/a><\/p>\n<p style=\"text-align: justify;\">Ed il Sindaco di <strong>Livorno<\/strong> del PD-Articolo1:<\/p>\n<p style=\"text-align: justify;\"><a href=\"https:\/\/www.gazzettadilivorno.it\/livorno-indennita...\">https:\/\/www.gazzettadilivorno.it\/livorno-indennita&#8230;<\/a><\/p>\n<p style=\"text-align: justify;\">Sicuramente parliamo di una questione morale, non di un obbligo per nessuno. Ma <strong>un amministratore Pubblico<\/strong> probabilmente <strong>dovrebbe essere il primo a dare il &#8220;buon esempio&#8221; alla propria collettivit\u00e0 in momenti di magra diffusa.<\/strong><\/p>\n<p style=\"text-align: justify;\">Il resto dei pensieri lo lasciamo a chi legge.<\/p>\n<p style=\"text-align: justify;\"><strong>Iscriviti al Movimento 5 stelle e\/o contattaci<\/strong>: <a href=\"https:\/\/portale.movimento5stelle.eu\/iscrizioni\">https:\/\/portale.movimento5stelle.eu\/iscrizioni<\/a> &#8211; <a href=\"mailto:inmovimentopergioia@gmail.com\">inmovimentopergioia@gmail.com<\/a>.\u201d<\/p>\n<p style=\"text-align: right;\" align=\"right\"><strong>Movimento 5 Stelle \u2013 Gioia del Colle <\/strong><\/p>\n<p>&nbsp;<\/p>\n","protected":false},"excerpt":{"rendered":"","protected":false},"author":1,"featured_media":0,"comment_status":"open","ping_status":"closed","sticky":false,"template":"","format":"standard","meta":{"colormag_page_container_layout":"default_layout","colormag_page_sidebar_layout":"default_layout","footnotes":""},"categories":[7],"tags":[],"class_list":["post-67185","post","type-post","status-publish","format-standard","hentry","category-attualita"],"_links":{"self":[{"href":"https:\/\/archiviogioia.lavocedelpaese.info\/index.php?rest_route=\/wp\/v2\/posts\/67185","targetHints":{"allow":["GET"]}}],"collection":[{"href":"https:\/\/archiviogioia.lavocedelpaese.info\/index.php?rest_route=\/wp\/v2\/posts"}],"about":[{"href":"https:\/\/archiviogioia.lavocedelpaese.info\/index.php?rest_route=\/wp\/v2\/types\/post"}],"author":[{"embeddable":true,"href":"https:\/\/archiviogioia.lavocedelpaese.info\/index.php?rest_route=\/wp\/v2\/users\/1"}],"replies":[{"embeddable":true,"href":"https:\/\/archiviogioia.lavocedelpaese.info\/index.php?rest_route=%2Fwp%2Fv2%2Fcomments&post=67185"}],"version-history":[{"count":0,"href":"https:\/\/archiviogioia.lavocedelpaese.info\/index.php?rest_route=\/wp\/v2\/posts\/67185\/revisions"}],"wp:attachment":[{"href":"https:\/\/archiviogioia.lavocedelpaese.info\/index.php?rest_route=%2Fwp%2Fv2%2Fmedia&parent=67185"}],"wp:term":[{"taxonomy":"category","embeddable":true,"href":"https:\/\/archiviogioia.lavocedelpaese.info\/index.php?rest_route=%2Fwp%2Fv2%2Fcategories&post=67185"},{"taxonomy":"post_tag","embeddable":true,"href":"https:\/\/archiviogioia.lavocedelpaese.info\/index.php?rest_route=%2Fwp%2Fv2%2Ftags&post=67185"}],"curies":[{"name":"wp","href":"https:\/\/api.w.org\/{rel}","templated":true}]}}