{"id":67189,"date":"2022-10-08T08:42:30","date_gmt":"2022-10-08T08:42:30","guid":{"rendered":"https:\/\/archiviogioia.lavocedelpaese.info\/?p=67189"},"modified":"2022-10-08T08:42:30","modified_gmt":"2022-10-08T08:42:30","slug":"e-in-edicola-il-nuovo-numero-de-la-voce-del-paese-843","status":"publish","type":"post","link":"https:\/\/archiviogioia.lavocedelpaese.info\/?p=67189","title":{"rendered":"\u00c8 IN EDICOLA IL NUOVO NUMERO DE \u201cLA VOCE DEL PAESE\u201d"},"content":{"rendered":"<p><a title=\"la voce di Gioia\" href=\"https:\/\/www.flickr.com\/photos\/91470992@N02\/52412808163\/in\/dateposted\/\" data-flickr-embed=\"true\"><img loading=\"lazy\" decoding=\"async\" style=\"display: block; margin-left: auto; margin-right: auto;\" src=\"https:\/\/live.staticflickr.com\/65535\/52412808163_7d1e4d2002_o.jpg\" alt=\"la voce di Gioia\" width=\"320\" height=\"240\" \/><\/a><\/p>\n<p><!--more--><\/p>\n<p><strong>Qui sotto tutte le novit\u00e0 presenti in questo numero. Buona lettura a tutti.<\/strong><\/p>\n<div>Editoriale: Far politica? Da sempre un business per pochi \u201cfortunati\u201d votati, specie se liberi professionisti di Donato Stoppini<\/div>\n<div>Aumento compensi Sindaco e Giunta Comunale<\/div>\n<div>Aumenti indennit\u00e0 amministratori. I dubbi dei cons. Paradiso e Pavone<\/div>\n<div>Quel filo sottile\u2026<\/div>\n<div>FdI &#8211; Una Rosa per Norma Cossetto<\/div>\n<div>Giorgia Meloni e gli altri: silenzio, dopo il successo<\/div>\n<div>Parole parole, parole\u2026 e i fatti quando? di Gianfranco Paradiso<\/div>\n<div>Il sindaco a Tirana per la salvaguardia dell\u2019ambiente<\/div>\n<div>Polonia: \u201cScramble di caccia del 36\u00b0 Stormo per intercettare jet russi<\/div>\n<div>Palazzine ex IACP via Sandro Pertini. Il quartiere dimenticato di Donato Stoppini<\/div>\n<div>Due auto guidate da ultra 80enni si scontrano sulla Gioia-Putignano<\/div>\n<div>Pensieri e parole di Enzo Cuscito<\/div>\n<div>Discariche a cielo aperto. Lotta senza tregua di Donato Stoppini<\/div>\n<div>Risalgono i positivi al Covid-19<\/div>\n<div>Festa dei nonni, patrimonio di conoscenze e valori di Gianfranco Paradiso<\/div>\n<div>\u201cOpere e omissioni\u201d con Pierluca Cetera e Maurizio Di Feo<\/div>\n<div>Lions Club Gioia del Colle &#8211; Putignano \u201cMonte Johe\u201d. Tastierine donate agli studenti<\/div>\n<div>Malena si racconta in \u201cPura\u201d di Angelica Rubino<\/div>\n<div>Nuovo Anno Sociale per il GVV: Mandato in scadenza &#8211; Bilanci e prospettive<\/div>\n<div>Menzione speciale per \u201cMetamorphosis\u201d di Michele Fasano al Sardinia Film Festival<\/div>\n<div>11\u00b0 Seminario Sicurezza Volo per Aeroclub al 36\u00b0 Stormo<\/div>\n<div>Plastic free &#8211; 150 volontari raccolgono pi\u00f9 di 1000 kg di plastica a Gioia di Gianfranco Paradiso<\/div>\n<div>Al Bano Carrisi e Roberto de Castro presentano il libro \u201cIl bimbo e le belve\u201d di Paolo Gatti<\/div>\n<div>I Presidi del Libro portano il Premio Strega a Taranto<\/div>\n<div>Chiara Curione e Beatrice Manobianca premiate al Festival internazionale ArtEmozioni di Dalila Bellacicco<\/div>\n<div>Erasmus &#8211; La Carano accoglie 21 studenti di Francia, Spagna e Repubblica Ceca<\/div>\n<div>Dolore mentale e pregiudizio di Iole Pitarra<\/div>\n<div>Al calore delle stelle\u2026<\/div>\n<div>&#8220;Ricalchiamo la storia&#8221; a Monte Sannace<\/div>\n<div>Daniele Di Giuseppe, giovane imprenditore del Sud America torna al Galilei e si racconta<\/div>\n<div>SETTIMANA GENESIS. Cronaca di una didattica attraente<\/div>\n<div>Morte per tumori. Gli studi di Roberto Cazzolla Gatti su Science of the Total Environment e Nature Scientific Data<\/div>\n<div>\u00abDon Tonino Bello. Vescovo fatto popolo\u00bb di don Alfonso Giorgio di Giovanni Capotorto<\/div>\n<div>Don Tonino Bello &#8211; Un esempio per tutti\u2026 di Giovanni Capotorto<\/div>\n<div>OperaLab &#8211; Fine del viaggio<\/div>\n<div>Errata corrige<\/div>\n<div>Cala il sipario sulla festa della Madonna del Rosario: la soddisfazione della Confraternita<\/div>\n<div>\u201cNonni e nipoti in gioco\u201d con Teatralmente Gioia<\/div>\n<div>\u201cPerch\u00e9 la vita \u00e8 pi\u00f9 bella ballando&#8230;\u201d con Antonio Resta di Dalila Bellacicco<\/div>\n<div>Progetto Wonder &#8211; Consegna del Manifesto dell\u2019Affido a Rosa Barone<\/div>\n<div>Non sono Zero &#8211; Rino Argeri in concerto a Gioia<\/div>\n<div>L\u2019impegno della letteratura. Il mito ci parla di Grazia Procino<\/div>\n<div>\u201cLa poesia della settimana\u201d a cura di Giacomo Leronni<\/div>\n<div>Alchimia delle emozioni di Gianna Evangelista<\/div>\n<div>Raccontando in versi di Enzo Diana<\/div>\n<div>Il professore (storie di vite e di magie) di Giovanni Vasco. Minguccio, Polignano ed i soldi falsi<\/div>\n<div>La \u201cvoce\u201d del Cap anziani Il dinamismo dei nonni nel nuovo millennio di Gianfranco Paradiso<\/div>\n<div>NVG Joyvolley, tutto pronto per l\u2019esordio contro Olimpia Sbv Galatina<\/div>\n<div>Asd Academy Volley Gioia batte Maxima Volley Casamassima<\/div>\n<div>Volley &#8211; Il calendario della serie B di Francesco Pavone<\/div>\n<div>Addio, Lucia!<\/div>\n<p>&nbsp;<\/p>\n","protected":false},"excerpt":{"rendered":"","protected":false},"author":1,"featured_media":0,"comment_status":"open","ping_status":"closed","sticky":false,"template":"","format":"standard","meta":{"colormag_page_container_layout":"default_layout","colormag_page_sidebar_layout":"default_layout","footnotes":""},"categories":[9],"tags":[],"class_list":["post-67189","post","type-post","status-publish","format-standard","hentry","category-la-voce-del-paese"],"_links":{"self":[{"href":"https:\/\/archiviogioia.lavocedelpaese.info\/index.php?rest_route=\/wp\/v2\/posts\/67189","targetHints":{"allow":["GET"]}}],"collection":[{"href":"https:\/\/archiviogioia.lavocedelpaese.info\/index.php?rest_route=\/wp\/v2\/posts"}],"about":[{"href":"https:\/\/archiviogioia.lavocedelpaese.info\/index.php?rest_route=\/wp\/v2\/types\/post"}],"author":[{"embeddable":true,"href":"https:\/\/archiviogioia.lavocedelpaese.info\/index.php?rest_route=\/wp\/v2\/users\/1"}],"replies":[{"embeddable":true,"href":"https:\/\/archiviogioia.lavocedelpaese.info\/index.php?rest_route=%2Fwp%2Fv2%2Fcomments&post=67189"}],"version-history":[{"count":0,"href":"https:\/\/archiviogioia.lavocedelpaese.info\/index.php?rest_route=\/wp\/v2\/posts\/67189\/revisions"}],"wp:attachment":[{"href":"https:\/\/archiviogioia.lavocedelpaese.info\/index.php?rest_route=%2Fwp%2Fv2%2Fmedia&parent=67189"}],"wp:term":[{"taxonomy":"category","embeddable":true,"href":"https:\/\/archiviogioia.lavocedelpaese.info\/index.php?rest_route=%2Fwp%2Fv2%2Fcategories&post=67189"},{"taxonomy":"post_tag","embeddable":true,"href":"https:\/\/archiviogioia.lavocedelpaese.info\/index.php?rest_route=%2Fwp%2Fv2%2Ftags&post=67189"}],"curies":[{"name":"wp","href":"https:\/\/api.w.org\/{rel}","templated":true}]}}