{"id":67193,"date":"2022-10-12T07:32:40","date_gmt":"2022-10-12T07:32:40","guid":{"rendered":"https:\/\/archiviogioia.lavocedelpaese.info\/?p=67193"},"modified":"2022-10-12T07:32:40","modified_gmt":"2022-10-12T07:32:40","slug":"a-sud-del-900la-cultura-della-rivoluzione-con-luciana-de-palma","status":"publish","type":"post","link":"https:\/\/archiviogioia.lavocedelpaese.info\/?p=67193","title":{"rendered":"\u201cA sud del \u2018900\u2026la cultura della rivoluzione\u201d con Luciana De Palma"},"content":{"rendered":"<p style=\"text-align: justify;\"><a title=\"luciana de palma a sx\" href=\"https:\/\/www.flickr.com\/photos\/91470992@N02\/52422707583\/in\/dateposted\/\" data-flickr-embed=\"true\"><img loading=\"lazy\" decoding=\"async\" style=\"display: block; margin-left: auto; margin-right: auto;\" src=\"https:\/\/live.staticflickr.com\/65535\/52422707583_22cde51a8c_z.jpg\" alt=\"luciana de palma a sx\" width=\"320\" height=\"240\" \/><\/a><\/p>\n<p><!--more--><\/p>\n<p style=\"text-align: justify;\"><a title=\"luciana de palma - libro\" href=\"https:\/\/www.flickr.com\/photos\/91470992@N02\/52422190416\/in\/photostream\/\" data-flickr-embed=\"true\"><img loading=\"lazy\" decoding=\"async\" style=\"margin: 5px; float: left;\" src=\"https:\/\/live.staticflickr.com\/65535\/52422190416_c60dfb8139_w.jpg\" alt=\"luciana de palma - libro\" width=\"400\" height=\"300\" \/><\/a> &#8220;Il Novecento non lo abbiamo lasciato alle spalle. \u00c8 ancora qui con noi e abbiamo il dovere di leggere tutte le sue contraddizioni. La cultura \u00e8 il modo migliore per interpretare tutti i movimenti che ci coinvolgono del cosiddetto secolo breve. Ecco questa nostra rassegna che parte dal Sud del Novecento nel nome della cultura dei testimoni. Una narrazione che passa per la letteratura e la saggistica e che suggerisce diversi punti di vista che ci appartengono.<\/p>\n<p style=\"text-align: justify;\">Libri e autori che con le loro opere e idee tracceranno un bilancio del secolo scorso e daranno vita con le loro testimonianze a un dialogo serrato su tutte le questioni aperte che oggi abbiamo ereditato dal Novecento. Scrittori e saggisti importanti, ognuno con il proprio bagaglio. A noi non resta che ascoltarli.<\/p>\n<p style=\"text-align: justify;\">Letteratura come vita, Storia come specchio di un divenire in movimento. In mezzo voci plurali che raccontano attraverso la loro esperienza il tempo che \u00e8 diventato Storia. Senza la cultura non c\u2019\u00e8 memoria, senza memoria non sappiamo niente, non siamo niente.<\/p>\n<p style=\"text-align: justify;\">\u201cA Sud del Novecento\u201d \u00e8 una finestra spalancata sul nostro tempo in cui la conoscenza senza alcun pregiudizio fa sempre la differenza.<a title=\"a sud del '900 - rassegna letteraria\" href=\"https:\/\/www.flickr.com\/photos\/91470992@N02\/52421682532\/in\/photostream\/\" data-flickr-embed=\"true\"><img loading=\"lazy\" decoding=\"async\" style=\"margin: 5px; float: right;\" src=\"https:\/\/live.staticflickr.com\/65535\/52421682532_0ff8caa913_o.jpg\" alt=\"a sud del '900 - rassegna letteraria\" width=\"384\" height=\"473\" \/><\/a><\/p>\n<p style=\"text-align: justify;\">Con il Patrocinio del Comune di Gioia del Colle e della Citt\u00e0 metropolitana di Bari, in collaborazione con la Comunit\u00e0 Fratello sole e La Librellula, organizzata dalle Associazioni Libert\u00e0 e Giustizia \u201cVito A. Vinci\u201d e la Biblioteca Liberi di volare \u201cRosa Protino Vinci\u201d, parte <strong>venerd\u00ec 14 ottobre <\/strong>\u201cA Sud del Novecento\u2026 La cultura della rivoluzione\u201d<\/p>\n<p style=\"text-align: justify;\">Rassegna letteraria curata da me e <strong>Tonia Scarnera<\/strong>. Le presentazioni si svolgeranno nel Chiostro Comunale di Gioia del Colle.<\/p>\n<p style=\"text-align: justify;\">Si inizia alle 18 con &#8220;<strong>Piccoli inconvenienti prima della felicit\u00e0<\/strong>&#8221; (Les Fl\u00e2neurs Edizioni), il nuovo romanzo di Luciana De Palma. Si parte proprio dal Sud del Novecento. \u00c8 la storia di una donna che ha vissuto nello stesso modo in cui ha lottato per essere libera e per conquistarsi nel mondo difficile del suo tempo la sua fetta di felicit\u00e0, affrontando con l\u2019ago in mano tutti gli inconvenienti che la vita mostra, a volte essendo anche crudele.<\/p>\n<p style=\"text-align: justify;\">Vivere \u00e8 come nascere ogni volta che il destino impone il cambiamento.<\/p>\n<p style=\"text-align: justify;\">Titina \u00e8 una grande donna. Nella sua esistenza ha sperimentato che la vita ha una sola via di fuga e da quella non si torna indietro e che davanti agli imprevisti, che sono sempre tant,i certe volte bisogna sapersi ingannare e fingere di credere di avere abbastanza forze per affrontarli. E chiss\u00e0 che, facendo finta, le forze non spuntino davvero.<\/p>\n<p style=\"text-align: justify;\">Lei \u00e8 il personaggio riuscito, che difficilmente dimenticheremo, di un romanzo che racconta la vita autentica e tutto il suo vissuto che si tramanda nei doverosi esercizi della memoria. Il romanzo di Luciana lo attraversa tutto il Novecento, con i suoi squilli di rivolta e di rivoluzione&#8221;.<\/p>\n<p style=\"text-align: right;\"><strong>Nicola Vacca<\/strong><\/p>\n<p><span style=\"font-size: 12pt; font-family: 'Times New Roman', serif;\">&nbsp;<\/span><a title=\"WhatsApp Image 2022-10-12 at 12.13.07\" href=\"https:\/\/www.flickr.com\/photos\/91470992@N02\/52422029957\" data-flickr-embed=\"true\"><img loading=\"lazy\" decoding=\"async\" src=\"https:\/\/live.staticflickr.com\/65535\/52422029957_a1af670694_c.jpg\" alt=\"WhatsApp Image 2022-10-12 at 12.13.07\" width=\"670\" height=\"801\" \/><\/a><\/p>\n","protected":false},"excerpt":{"rendered":"","protected":false},"author":1,"featured_media":0,"comment_status":"open","ping_status":"closed","sticky":false,"template":"","format":"standard","meta":{"colormag_page_container_layout":"default_layout","colormag_page_sidebar_layout":"default_layout","footnotes":""},"categories":[7],"tags":[],"class_list":["post-67193","post","type-post","status-publish","format-standard","hentry","category-attualita"],"_links":{"self":[{"href":"https:\/\/archiviogioia.lavocedelpaese.info\/index.php?rest_route=\/wp\/v2\/posts\/67193","targetHints":{"allow":["GET"]}}],"collection":[{"href":"https:\/\/archiviogioia.lavocedelpaese.info\/index.php?rest_route=\/wp\/v2\/posts"}],"about":[{"href":"https:\/\/archiviogioia.lavocedelpaese.info\/index.php?rest_route=\/wp\/v2\/types\/post"}],"author":[{"embeddable":true,"href":"https:\/\/archiviogioia.lavocedelpaese.info\/index.php?rest_route=\/wp\/v2\/users\/1"}],"replies":[{"embeddable":true,"href":"https:\/\/archiviogioia.lavocedelpaese.info\/index.php?rest_route=%2Fwp%2Fv2%2Fcomments&post=67193"}],"version-history":[{"count":0,"href":"https:\/\/archiviogioia.lavocedelpaese.info\/index.php?rest_route=\/wp\/v2\/posts\/67193\/revisions"}],"wp:attachment":[{"href":"https:\/\/archiviogioia.lavocedelpaese.info\/index.php?rest_route=%2Fwp%2Fv2%2Fmedia&parent=67193"}],"wp:term":[{"taxonomy":"category","embeddable":true,"href":"https:\/\/archiviogioia.lavocedelpaese.info\/index.php?rest_route=%2Fwp%2Fv2%2Fcategories&post=67193"},{"taxonomy":"post_tag","embeddable":true,"href":"https:\/\/archiviogioia.lavocedelpaese.info\/index.php?rest_route=%2Fwp%2Fv2%2Ftags&post=67193"}],"curies":[{"name":"wp","href":"https:\/\/api.w.org\/{rel}","templated":true}]}}