{"id":67203,"date":"2022-10-17T06:31:33","date_gmt":"2022-10-17T06:31:33","guid":{"rendered":"https:\/\/archiviogioia.lavocedelpaese.info\/?p=67203"},"modified":"2022-10-17T06:31:33","modified_gmt":"2022-10-17T06:31:33","slug":"nido-comunale-10-famiglie-in-attesa-degli-educatori","status":"publish","type":"post","link":"https:\/\/archiviogioia.lavocedelpaese.info\/?p=67203","title":{"rendered":"NIDO COMUNALE &#8211; 10 FAMIGLIE IN ATTESA DEGLI EDUCATORI"},"content":{"rendered":"<p><a title=\"asilo nido\" href=\"https:\/\/www.flickr.com\/photos\/91470992@N02\/51880577507\/in\/photolist-2n3vwcD-2kich3V-2kich3j-2hzP3Ry-2hzP3Qw-2huTBfk-2hrhpXX-2hrfyLp-2hijDdo-2hhXAXz-2fj79ML-24McyMg-2f7ZyuW-24A95wR-2f7ZyDo-2f7ZyAs-2eh479z-29qJHaQ-P2ifgB-K5UKZC-2kig24B-vMBujz-nK4Hwt-nHhghx-gPVEua-fJrmfk-fDYiD6-pp8K2E-fDYiFP-fDYiHK\" data-flickr-embed=\"true\"><img loading=\"lazy\" decoding=\"async\" style=\"display: block; margin-left: auto; margin-right: auto;\" src=\"https:\/\/live.staticflickr.com\/65535\/51880577507_6275509eb7_z.jpg\" alt=\"asilo nido\" width=\"320\" height=\"240\" \/><\/a><\/p>\n<p><!--more--><\/p>\n<p style=\"margin-bottom: 0.0001pt; text-align: justify;\"><a title=\"asilo-nido-gioia-del-colle\" href=\"https:\/\/www.flickr.com\/photos\/91470992@N02\/9669233495\/in\/photolist-2n3vwcD-2kich3V-2kich3j-2hzP3Ry-2hzP3Qw-2huTBfk-2hrhpXX-2hrfyLp-2hijDdo-2hhXAXz-2fj79ML-24McyMg-2f7ZyuW-24A95wR-2f7ZyDo-2f7ZyAs-2eh479z-29qJHaQ-P2ifgB-K5UKZC-2kig24B-vMBujz-nK4Hwt-nHhghx-gPVEua-fJrmfk-fDYiD6-pp8K2E-fDYiFP-fDYiHK\" data-flickr-embed=\"true\"><img loading=\"lazy\" decoding=\"async\" style=\"margin: 5px; float: left;\" src=\"https:\/\/live.staticflickr.com\/3786\/9669233495_ee5a0f9c85_w.jpg\" alt=\"asilo-nido-gioia-del-colle\" width=\"400\" height=\"300\" \/><\/a> In questi giorni alcuni genitori dei bambini che grazie ai fondi Pac saranno accolti nel Nido comunale, lamentano ritardi e chiedono spiegazioni.<\/p>\n<p style=\"margin-bottom: 0.0001pt; text-align: justify;\">Ricordiamo che con Determina n. 1027 del 23 settembre 2022 sono state pubblicate le graduatorie definitive per l\u2019accesso al servizio del Nido d\u2019Infanzia comunale &#8211; anno educativo 2022\/2023.<\/p>\n<p style=\"margin-bottom: 0.0001pt; text-align: justify;\">Al 1\u00b0 settembre le domande presentate erano 49. Nell\u2019atto si precisa che sono disponibili per la frequenza dell\u2019anno educativo 2022\/2023 ulteriori 10 posti per i \u201cpiccoli\u201d di et\u00e0 compresa tra i 3 mesi ed i 12 mesi e 14 per i \u201cmedi e grandi\u201d di et\u00e0 compresa fra i 13 e 36 mesi.<\/p>\n<p style=\"margin-bottom: 0.0001pt; text-align: justify;\">L\u2019incremento \u00e8 stato reso possibile dai fondi Pac all\u2019arrivo dei quali l\u2019Amministrazione si \u00e8 prontamente attivata per attingere il personale necessario dalle graduatorie a tempo indeterminato del Comune di Bari. Ricordiamo che un educatore pu\u00f2 gestire massimo cinque bambini tra i 3 e i 12 mesi, otto tra i 13 e i 24 mesi e 10 dai 25 ai 36 mesi, rapporto numerico che per\u00f2 si riduce in presenza di disabili o di bimbi in situazioni di svantaggio [www.minori.gov.it]<\/p>\n<p style=\"margin-bottom: 0.0001pt; text-align: justify;\">L\u2019Assessore <strong>Marianna Grandieri<\/strong> con delega a Nido ed Infanzia, Trasporto Scolastico, Mensa Scolastica e Contenzioso, ha confermato che le procedure si sono svolte tempestivamente e sono stati convocati ben ventidue educatori. Solo in due hanno accettato il contratto a tempo determinato, per cui si sta procedendo ad altre convocazioni. La ste<a title=\"Marianna Grandieri\" href=\"https:\/\/www.flickr.com\/photos\/91470992@N02\/52435156794\/in\/dateposted\/\" data-flickr-embed=\"true\"><img loading=\"lazy\" decoding=\"async\" style=\"margin: 5px; float: right;\" src=\"https:\/\/live.staticflickr.com\/65535\/52435156794_290cce8a45_w.jpg\" alt=\"Marianna Grandieri\" width=\"400\" height=\"400\" \/><\/a>ssa coordinatrice \u00e8 una figura esterna, cos\u00ec come la cuoca, entrambe assunte a tempo determinato.<\/p>\n<p style=\"margin-bottom: 0.0001pt; text-align: justify;\">\u201cLa scelta di mantenere a gestione interamente comunale il servizio dell\u2019Asilo nido &#8211; afferma l\u2019assessore &#8211; impone tempi burocratici pi\u00f9 lunghi, ma l\u2019obiettivo sar\u00e0 a breve raggiunto. Non era possibile prevedere tante rinunce e quindi di dover attendere cos\u00ec tanto per poter assumere educatori professionali qualificati, n\u00e9 potevamo anticipare le convocazioni prima che giungessero i fondi Pac che ci hanno permesso di incrementare i posti nel Nido. Al momento il nido funziona ed accoglie la maggior parte dei bambini, sono ancora in attesa 10 famiglie. Stiamo lavorando in squadra ed in perfetta sinergia per la risoluzione dei vari problemi. In agosto l\u2019Ufficio Tecnico in tempi davvero brevi ha effettuato dei lavori affinch\u00e9 tutto fosse in ordine, l\u2019Ufficio personale ha lavorato con grande impegno per stilare le graduatorie degli aventi diritto ed i Servizi sociali per gli adempimenti di competenza. Sono da poco in Giunta e in questo ruolo mi sento soprattutto una madre, una cittadina ed una professionista prestata alla politica. Sono concreta, ho necessit\u00e0 di verificare direttamente i problemi e toccare con mano ogni disagio per individuare la soluzione migliore da raggiungere facendo squadra. Dal di fuori la percezione \u00e8 diversa, si stenta a capire i farraginosi iter burocratici che rallentano ogni azione, ma necessari per garantire la correttezza e la trasparenza delle procedure. E\u2019 faticoso ma anche tanto entusiasmante, in particolare l\u2019essere a contatto con il mondo della scuola, con docenti e bimbi della materna, della primaria\u2026 e comunque nessuno sar\u00e0 lasciato indietro. In particolare le \u201cminoranze\u201d, mi riferisco a quei bambini che vivono nell\u2019agro, spesso penalizzati per il rientro a casa con i mezzi pubblici dalle lezioni aggiuntive di Educazione fisica, da quest\u2019anno obbligatorie anche alle elementari. Stiamo studiando anche per loro percorsi e soluzioni che vengano incontro alle famiglie.\u201d<\/p>\n<p style=\"margin-bottom: 0.0001pt; text-align: justify;\">Un punto di riferimento che ringraziamo per la disponibilit\u00e0 e l\u2019ascolto, cui abbiamo voluto dar \u201cvoce\u201d affinch\u00e9 ogni istanza riceva risposte.<\/p>\n<p>&nbsp;<\/p>\n","protected":false},"excerpt":{"rendered":"","protected":false},"author":1,"featured_media":0,"comment_status":"open","ping_status":"closed","sticky":false,"template":"","format":"standard","meta":{"colormag_page_container_layout":"default_layout","colormag_page_sidebar_layout":"default_layout","footnotes":""},"categories":[8],"tags":[],"class_list":["post-67203","post","type-post","status-publish","format-standard","hentry","category-cronaca"],"_links":{"self":[{"href":"https:\/\/archiviogioia.lavocedelpaese.info\/index.php?rest_route=\/wp\/v2\/posts\/67203","targetHints":{"allow":["GET"]}}],"collection":[{"href":"https:\/\/archiviogioia.lavocedelpaese.info\/index.php?rest_route=\/wp\/v2\/posts"}],"about":[{"href":"https:\/\/archiviogioia.lavocedelpaese.info\/index.php?rest_route=\/wp\/v2\/types\/post"}],"author":[{"embeddable":true,"href":"https:\/\/archiviogioia.lavocedelpaese.info\/index.php?rest_route=\/wp\/v2\/users\/1"}],"replies":[{"embeddable":true,"href":"https:\/\/archiviogioia.lavocedelpaese.info\/index.php?rest_route=%2Fwp%2Fv2%2Fcomments&post=67203"}],"version-history":[{"count":0,"href":"https:\/\/archiviogioia.lavocedelpaese.info\/index.php?rest_route=\/wp\/v2\/posts\/67203\/revisions"}],"wp:attachment":[{"href":"https:\/\/archiviogioia.lavocedelpaese.info\/index.php?rest_route=%2Fwp%2Fv2%2Fmedia&parent=67203"}],"wp:term":[{"taxonomy":"category","embeddable":true,"href":"https:\/\/archiviogioia.lavocedelpaese.info\/index.php?rest_route=%2Fwp%2Fv2%2Fcategories&post=67203"},{"taxonomy":"post_tag","embeddable":true,"href":"https:\/\/archiviogioia.lavocedelpaese.info\/index.php?rest_route=%2Fwp%2Fv2%2Ftags&post=67203"}],"curies":[{"name":"wp","href":"https:\/\/api.w.org\/{rel}","templated":true}]}}