{"id":67245,"date":"2022-10-31T09:02:41","date_gmt":"2022-10-31T09:02:41","guid":{"rendered":"https:\/\/archiviogioia.lavocedelpaese.info\/?p=67245"},"modified":"2022-10-31T09:02:41","modified_gmt":"2022-10-31T09:02:41","slug":"la-notte-della-moda-e-dello-spettacolo-di-benny-molafoto-2","status":"publish","type":"post","link":"https:\/\/archiviogioia.lavocedelpaese.info\/?p=67245","title":{"rendered":"La Notte della Moda e dello spettacolo di Benny Mola\/foto"},"content":{"rendered":"<p><a title=\"la notte della moda 2022\" href=\"https:\/\/www.flickr.com\/photos\/91470992@N02\/52467009987\/in\/dateposted\/\" data-flickr-embed=\"true\"><img loading=\"lazy\" decoding=\"async\" style=\"display: block; margin-left: auto; margin-right: auto;\" src=\"https:\/\/live.staticflickr.com\/65535\/52467009987_0efcd44835_z.jpg\" alt=\"la notte della moda 2022\" width=\"320\" height=\"240\" \/><\/a><\/p>\n<p><!--more--><\/p>\n<p style=\"text-align: justify;\"><a title=\"sfilata la notte della moda\" href=\"https:\/\/www.flickr.com\/photos\/91470992@N02\/52467788309\/in\/photostream\/\" data-flickr-embed=\"true\"><img loading=\"lazy\" decoding=\"async\" style=\"margin: 5px; float: left;\" src=\"https:\/\/live.staticflickr.com\/65535\/52467788309_cfd6174647_w.jpg\" alt=\"sfilata la notte della moda\" width=\"400\" height=\"225\" \/><\/a>Un mega schermo su cui scorrono video che narrano le imprese locali, back stage e momenti di operosa quotidianit\u00e0, incorniciato dalle luci importanti, di quelle che vediamo solo in tv, una passerella d\u2019argento non meno importante ed una piazza con sedie posizionate alla perfezione per consentire a tutti di apprezzare la Notte della Moda e dello Spettacolo, questo lo scenario che accoglie il 15 ottobre gli invitati in piazza Margherita d Savoia &#8211; molti dei quali purtroppo assenti &#8211; ed un pubblico curioso, affascinato dalla bellezza delle modelle che sfilano indossando capi meravigliosi in una serata cos\u00ec fresca da desiderare ancor di pi\u00f9 possederli ed indossarli.<\/p>\n<p style=\"text-align: justify;\">A donare questo momento magico alla sua citt\u00e0 \u00e8 <strong>Benny Mola<\/strong>, impren<a title=\"sfilata la notte della moda\" href=\"https:\/\/www.flickr.com\/photos\/91470992@N02\/52467788624\/in\/photostream\/\" data-flickr-embed=\"true\"><img loading=\"lazy\" decoding=\"async\" style=\"margin: 5px; float: right;\" src=\"https:\/\/live.staticflickr.com\/65535\/52467788624_48c29561dd_w.jpg\" alt=\"sfilata la notte della moda\" width=\"400\" height=\"225\" \/><\/a>ditore illuminato che con la sua Benny Boutique ama stupire e non si risparmia, impegnandosi in prima persona anche nell\u2019allestimento logistico, quello che poi lascia dolorosi mal di schiena se non ci si frena.<\/p>\n<p>Apre la serata una frizzante e pirotecnica <strong>Debora<\/strong><strong>h Paradiso<\/strong> che sulle basi registrate dalla sua band dal vivo, canta brani tratti da \u201cShe\u2019s not me\u201d &#8211; suo progetto su Madonna e Lady Gaga &#8211; e dona al pubblico un assolo suonando la chitarra.<\/p>\n<p style=\"text-align: justify;\"><strong>Manila Gorio<\/strong> e <strong>Raffaello Smaldino <\/strong>presentano l\u2019evento ed invitano sul palco l\u2019assessore alla Cultura <strong>Lucio Romano<\/strong> &#8211; unico rappresentante dell\u2019intera Amministrazione che si <a title=\"sfilata la notte della moda\" href=\"https:\/\/www.flickr.com\/photos\/91470992@N02\/52467511351\/in\/photostream\/\" data-flickr-embed=\"true\"><img loading=\"lazy\" decoding=\"async\" style=\"margin: 5px; float: left;\" src=\"https:\/\/live.staticflickr.com\/65535\/52467511351_7b7675fe47_w.jpg\" alt=\"sfilata la notte della moda\" width=\"400\" height=\"225\" \/><\/a>congratula per la perfetta organizzazione e ringrazia Benny per aver offerto alla citt\u00e0 una cos\u00ec bella e spettacolare occasione da condividere insieme.<\/p>\n<p style=\"text-align: justify;\">Iniziano quindi a sfilare le bellissime modelle dello staff di <strong>Arianna Tagliente<\/strong> pettinate da <strong>Miria<\/strong><strong>m di Ribelli con Stile <\/strong>e truccate da<strong> <strong>Francesca Matera<\/strong><\/strong>, mentre sullo sfondo scorrono paesaggi \u201caerei\u201d della nostra terra, fondali, spiagge lambite dalle onde, immagini molto suggestive accompagnate dalle musiche scelte per la sfilata, impreziosite dal sax di <strong>Franc<\/strong><strong>esco Ludovico<\/strong> che nel corso della serata \u00e8 riuscito a creare atmosfere da jazz club. <strong>Cecilia Santostasi<\/strong> con il suo violino<a title=\"sfilata la notte della moda\" href=\"https:\/\/www.flickr.com\/photos\/91470992@N02\/52467972545\/in\/photostream\/\" data-flickr-embed=\"true\"><img loading=\"lazy\" decoding=\"async\" style=\"margin: 5px; float: right;\" src=\"https:\/\/live.staticflickr.com\/65535\/52467972545_e34e8c1f4c_w.jpg\" alt=\"sfilata la notte della moda\" width=\"400\" height=\"225\" \/><\/a> elettrico ha poi fatto provare al pubblico l\u2019ebbrezza di poetici \u201cBrividi\u201d con classe, passione e grande bravura.<\/p>\n<p style=\"text-align: justify;\">Ai due lati con ali illuminate dai led, maschere d\u2019argento e movenze in perfetta simmetria, due candide \u201ctrampoliere\u201d accompagnano le musiche con gestualit\u00e0 eleganti, in una silenziosa danza che esalta e rende ancor pi\u00f9 suggestiva l\u2019atmosfera.<\/p>\n<p style=\"text-align: justify;\">I capi proposti da Benny, tra cui preziosissimi visoni, tutti diversamente belli, colorati, classici o sportivi, con cappuccio e anche smanicati, hanno catturato l\u2019attenzione in diverse \u201cuscite\u201d, valorizzati dalla disinvoltura e dal fascino delle modelle e verso il finale abbinati anche ad alcuni capi casual di Vertig\u00f2, accos<a title=\"sfilata della piccola Angelica Mola\" href=\"https:\/\/www.flickr.com\/photos\/91470992@N02\/52467991135\/in\/dateposted\/\" data-flickr-embed=\"true\"><img loading=\"lazy\" decoding=\"async\" style=\"margin: 5px; float: left;\" src=\"https:\/\/live.staticflickr.com\/65535\/52467991135_f70d758a80_w.jpg\" alt=\"sfilata della piccola Angelica Mola\" width=\"400\" height=\"225\" \/><\/a>tamenti in apparente discrasia, molto ad effetto che in qualche modo rispecchiano i tempi.<\/p>\n<p style=\"text-align: justify;\">Molto scenografiche le \u201cfontane\u201d di piccoli fuochi d\u2019artificio poste a fine passerella, e la sorpresa finale: la sfilata della piccola <strong>Angelica Mola<\/strong>, sotto lo sguardo affettuoso dei nonni e dei genitori con la sua pelliccia dai colori dell\u2019arcobaleno e le due modelle in succinto bikini, vestite di splendidi visoni che accompagnano Benny nel saluto conclusivo, tra applausi scroscianti.<\/p>\n<p style=\"text-align: justify;\">Ad impreziosire la kermesse donandole un inserto \u201cscientifico culturale\u201d molto atteso, due luminari della chirurgia plastica ed estetica, i dottori <strong>Patrizio Cardon<\/strong><a title=\"sfilata la notte della moda\" href=\"https:\/\/www.flickr.com\/photos\/91470992@N02\/52468060218\/in\/photostream\/\" data-flickr-embed=\"true\"><img loading=\"lazy\" decoding=\"async\" style=\"margin: 5px; float: right;\" src=\"https:\/\/live.staticflickr.com\/65535\/52468060218_3fced8b00c_w.jpg\" alt=\"sfilata la notte della moda\" width=\"400\" height=\"225\" \/><\/a><strong>e<\/strong> e <strong>Francesco Castellaneta<\/strong>, brevemente intervistati da Manila Gorio che poco dopo ha salutato il pubblico eclissandosi.<\/p>\n<p style=\"text-align: justify;\">Avendo pi\u00f9 tempo a disposizione, il tema avrebbe meritato maggior spazio perch\u00e9 molto interessante\u2026Si \u00e8 infatti parlato di bellezza, di difetti percepiti come tali e di altri che valorizzano la diversit\u00e0, di chirurgia puramente estetica e di quella ricostruttiva oncologica, di quanto la societ\u00e0 influisca nel proporre modelli e del difficile compito del chirurgo cui \u00e8 affidato non solo il compito di porre rimedio ai difetti percepiti come tali e quindi causa di disagio, ma anche di consigliare e valutare ogni singolo caso, suggerendo trattamenti meno invasivi, ad effetto lifting. Importantissima, inf<a title=\"Benny Mola e la famiglia\" href=\"https:\/\/www.flickr.com\/photos\/91470992@N02\/52467972330\/in\/album-72177720303313767\/\" data-flickr-embed=\"true\"><img loading=\"lazy\" decoding=\"async\" style=\"margin: 5px; float: left;\" src=\"https:\/\/live.staticflickr.com\/65535\/52467972330_c830b04b2a_w.jpg\" alt=\"Benny Mola e la famiglia\" width=\"300\" height=\"400\" \/><\/a>ine, la scelta di strutture e chirurghi accreditati, esperti e seri, per evitare spiacevoli e spesso irreversibili sorprese. Su questo argomento dedicheremo uno spazio a parte sul prossimo numero grazie all\u2019intervista rilasciata al nostro giornale dal dottor <strong>Francesco Castellaneta<\/strong>, Dirigente medico presso l\u2019UO di Chirurgia plastica presso il Centro Riferimento Oncologico Basilicata e specialista in Chirurgia plastica ricostruttiva ed estetica.<\/p>\n<p>Proporre ed organizzare in periodi di crisi e recessione eventi cos\u00ec importanti senza aiuti istituzionali, contando sulla fiducia degli sponsor e sulla propria capacit\u00e0 imprenditoriale, non \u00e8 da tutti, occorre coraggio e tanto\u2026<\/p>\n<p style=\"text-align: justify;\">\u201cSento di dover ringraziare per prima la mia famiglia, i miei genitori, mia moglie, i miei figli che mi sono accanto e mi incoraggiano &#8211; confessa Benny -, poi tutti coloro che hanno avuto fiducia in me, che mi hanno sostenuto per come hanno potuto in questa avventura, come il Centro dentale LG Dental, la Pizzeria Queen\u2019s di <strong>Francesco Moretti<\/strong>, la Cooperativa Stasi<strong>, Mario Di Giuseppe<\/strong> con il suo servizio fotografico e tutti gli altri amici su cui so di poter contare e che spero mi perdonino se per motivi di spazio, non li cito tutti, ma che nel video promozionale hanno avuto ogni visibilit\u00e0. Sto gi\u00e0 progettando per la prossima Notte della Moda che sar\u00e0 ospitata in una grande struttura ricettiva e seguita da una serata di Gala\u2026Non mi arrendo, voglio credere nella mia citt\u00e0, nel suo tessuto produttivo generoso e partecipe, in chi ama l\u2019eleganza e l\u2019esclusivit\u00e0 e sa di poter trovare nella mia boutique quel che cerca per esaltare la propria bellezza! Invito tutti ad ammirare e provare i capi in negozio, anche i venti visoni che per motivi di tempo non sono riuscito a far sfilare\u2026\u201d.<\/p>\n<p style=\"margin-bottom: 0.0001pt;\"><a href=\"https:\/\/www.facebook.com\/photo\/?fbid=3346953052250973&amp;set=a.3346972402249038\">https:\/\/www.facebook.com\/photo\/?fbid=3346953052250973&amp;set=a.3346972402249038<\/a><\/p>\n<p style=\"margin-bottom: 0.0001pt;\"><a href=\"https:\/\/www.facebook.com\/photo\/?fbid=3346896405589971&amp;set=a.3346906995588912\">https:\/\/www.facebook.com\/photo\/?fbid=3346896405589971&amp;set=a.3346906995588912<\/a><\/p>\n<p style=\"margin-bottom: 0.0001pt; text-align: left;\" align=\"left\"><strong>Per visualizzare o scaricare la gallery, clicca sulla foto sottostante.<\/strong><\/p>\n<p><a title=\"Gioia: La notte della moda 2022\" href=\"https:\/\/www.flickr.com\/photos\/91470992@N02\/albums\/72177720303313767\" data-flickr-embed=\"true\"><img loading=\"lazy\" decoding=\"async\" src=\"https:\/\/live.staticflickr.com\/65535\/52467991135_f70d758a80_c.jpg\" alt=\"Gioia: La notte della moda 2022\" width=\"670\" height=\"377\" \/><\/a><\/p>\n","protected":false},"excerpt":{"rendered":"","protected":false},"author":1,"featured_media":0,"comment_status":"open","ping_status":"closed","sticky":false,"template":"","format":"standard","meta":{"colormag_page_container_layout":"default_layout","colormag_page_sidebar_layout":"default_layout","footnotes":""},"categories":[7],"tags":[],"class_list":["post-67245","post","type-post","status-publish","format-standard","hentry","category-attualita"],"_links":{"self":[{"href":"https:\/\/archiviogioia.lavocedelpaese.info\/index.php?rest_route=\/wp\/v2\/posts\/67245","targetHints":{"allow":["GET"]}}],"collection":[{"href":"https:\/\/archiviogioia.lavocedelpaese.info\/index.php?rest_route=\/wp\/v2\/posts"}],"about":[{"href":"https:\/\/archiviogioia.lavocedelpaese.info\/index.php?rest_route=\/wp\/v2\/types\/post"}],"author":[{"embeddable":true,"href":"https:\/\/archiviogioia.lavocedelpaese.info\/index.php?rest_route=\/wp\/v2\/users\/1"}],"replies":[{"embeddable":true,"href":"https:\/\/archiviogioia.lavocedelpaese.info\/index.php?rest_route=%2Fwp%2Fv2%2Fcomments&post=67245"}],"version-history":[{"count":0,"href":"https:\/\/archiviogioia.lavocedelpaese.info\/index.php?rest_route=\/wp\/v2\/posts\/67245\/revisions"}],"wp:attachment":[{"href":"https:\/\/archiviogioia.lavocedelpaese.info\/index.php?rest_route=%2Fwp%2Fv2%2Fmedia&parent=67245"}],"wp:term":[{"taxonomy":"category","embeddable":true,"href":"https:\/\/archiviogioia.lavocedelpaese.info\/index.php?rest_route=%2Fwp%2Fv2%2Fcategories&post=67245"},{"taxonomy":"post_tag","embeddable":true,"href":"https:\/\/archiviogioia.lavocedelpaese.info\/index.php?rest_route=%2Fwp%2Fv2%2Ftags&post=67245"}],"curies":[{"name":"wp","href":"https:\/\/api.w.org\/{rel}","templated":true}]}}