{"id":6808,"date":"2010-12-21T06:22:42","date_gmt":"2010-12-21T06:22:42","guid":{"rendered":"https:\/\/archiviogioia.lavocedelpaese.info\/?p=6808"},"modified":"2010-12-21T06:22:42","modified_gmt":"2010-12-21T06:22:42","slug":"aperte-iscrizioni-asilo-comunale-anno-2010-2011","status":"publish","type":"post","link":"https:\/\/archiviogioia.lavocedelpaese.info\/?p=6808","title":{"rendered":"APERTE ISCRIZIONI ASILO COMUNALE ANNO 2010-2011"},"content":{"rendered":"<p><img loading=\"lazy\" decoding=\"async\" class=\" size-full wp-image-6803\" alt=\"iscrizioni-asilo-pp\" src=\"https:\/\/archiviogioia.lavocedelpaese.info\/wp-content\/uploads\/2010\/12\/iscrizioni-asilo-pp.jpg\" width=\"320\" height=\"150\" srcset=\"https:\/\/archiviogioia.lavocedelpaese.info\/wp-content\/uploads\/2010\/12\/iscrizioni-asilo-pp.jpg 320w, https:\/\/archiviogioia.lavocedelpaese.info\/wp-content\/uploads\/2010\/12\/iscrizioni-asilo-pp-300x141.jpg 300w\" sizes=\"auto, (max-width: 320px) 100vw, 320px\" \/> <\/p>\n<p><!--more--><\/p>\n<p style=\"text-align: justify;\"><strong><img loading=\"lazy\" decoding=\"async\" class=\" alignleft size-full wp-image-6805\" style=\"margin: 4px; float: left;\" alt=\"asilo_nido\" src=\"https:\/\/archiviogioia.lavocedelpaese.info\/wp-content\/uploads\/2010\/12\/asilo_nido.jpg\" width=\"200\" height=\"150\" srcset=\"https:\/\/archiviogioia.lavocedelpaese.info\/wp-content\/uploads\/2010\/12\/asilo_nido.jpg 400w, https:\/\/archiviogioia.lavocedelpaese.info\/wp-content\/uploads\/2010\/12\/asilo_nido-300x225.jpg 300w\" sizes=\"auto, (max-width: 200px) 100vw, 200px\" \/>Il Comune di Gioia del Colle comunica che sono aperte le iscrizioni per la frequenza dell\u2019asilo comunale<\/strong>, anno educativo 2010-2011, <strong>per il periodo dal 1\u00b0 marzo al 31 luglio 2011<\/strong>. I genitori che intendono iscrivere i propri <strong>figli, nati negli anni 2008 \u2013 2009 &#8211; 2010<\/strong>, devono <strong>presentarne richiesta<\/strong>, esclusivamente, presso la sede dei Sevizi Sociali (Via Arciprete Gatta, 35).<\/p>\n<div style=\"text-align: justify;\"><\/div>\n<p style=\"text-align: justify;\"><strong>Le tipologie di frequenza sono cos\u00ec articolate<\/strong>:<\/p>\n<div style=\"text-align: justify;\">\n<ul>\n<li><strong>Orario antimeridiano<\/strong>: dal luned\u00ec al venerd\u00ec dalle ore 7.30 alle ore 14.30 &#8211; <strong>posti disponibili 24<\/strong>;<\/li>\n<li><strong><img loading=\"lazy\" decoding=\"async\" class=\" alignright size-full wp-image-6806\" style=\"margin: 4px; float: right;\" alt=\"foto_bambini_182846\" src=\"https:\/\/archiviogioia.lavocedelpaese.info\/wp-content\/uploads\/2010\/12\/foto_bambini_182846.jpg\" width=\"200\" height=\"150\" srcset=\"https:\/\/archiviogioia.lavocedelpaese.info\/wp-content\/uploads\/2010\/12\/foto_bambini_182846.jpg 400w, https:\/\/archiviogioia.lavocedelpaese.info\/wp-content\/uploads\/2010\/12\/foto_bambini_182846-300x225.jpg 300w\" sizes=\"auto, (max-width: 200px) 100vw, 200px\" \/>Prolungamento pomeridiano<\/strong> sino alle ore 18,00 e apertura il sabato dalle ore 8,00 alle ore 12,30 &#8211; <strong>posti disponibili 32 su 48<\/strong>;<\/li>\n<\/ul>\n<ul>\n<li><strong>Nido estivo<\/strong>:      dall\u20191 al 31 luglio &#8211; <strong>posti      disponibili 48<\/strong>.<\/li>\n<\/ul>\n<\/div>\n<p style=\"text-align: justify;\"><strong>I modelli di iscrizione<\/strong> e le modalit\u00e0 di funzionamento del nido sono <strong>a disposizione<\/strong> sul sito istituzionale, presso l\u2019Ufficio Servizi Sociali e l\u2019URP.<\/p>\n<div style=\"text-align: justify;\"><\/div>\n<p style=\"text-align: justify;\"><strong>Il termine per la presentazione delle domande di iscrizione \u00e8 fissato per il 31 gennaio 2011<\/strong>.<\/p>\n<div style=\"text-align: justify;\"><\/div>\n<p style=\"text-align: justify;\"><strong><img loading=\"lazy\" decoding=\"async\" class=\" alignleft size-full wp-image-5298\" style=\"margin: 4px; float: left;\" alt=\"logo_comune_gioia_del_colle-stemma\" src=\"https:\/\/archiviogioia.lavocedelpaese.info\/wp-content\/uploads\/2010\/10\/logo_comune_gioia_del_colle-stemma.jpeg\" width=\"100\" height=\"121\" \/>Le domande<\/strong> di iscrizione, <strong>a partire dal 10 gennaio 2011, devono essere presentate presso la Sede dei Servizi Sociali<\/strong> dal luned\u00ec al venerd\u00ec dalle ore 9.00 alle ore 12.00 e il marted\u00ec dalle ore 15.30 alle ore 17.30.<\/p>\n<div style=\"text-align: justify;\"><\/div>\n<p style=\"text-align: justify;\"><strong>Le graduatorie<\/strong>, redatte a cura del Comitato di Gestione, <strong>saranno in visione sia presso<\/strong> la sede dei <strong>Servizi Sociali<\/strong>, sia presso l\u2019<strong>Ufficio Relazioni con il Pubblico<\/strong>, a partire dall\u201911.02.11.<\/p>\n<div style=\"text-align: justify;\"><\/div>\n<p style=\"text-align: justify;\"><strong>Gli eventuali ricorsi<\/strong>, indirizzati al Dirigente del 3\u00b0 Settore, <strong>potranno essere presentati entro il 21.02.11<\/strong>.<\/p>\n<div style=\"text-align: justify;\"><\/div>\n<p style=\"text-align: justify;\">L\u2019Amministrazione<strong> riserva<\/strong>, <strong>per le famiglie in disagio socio-economico-ambientale<\/strong>, sino un massimo di <strong>10 posti<\/strong>.<\/p>\n<div style=\"text-align: justify;\"><\/div>\n<p style=\"text-align: justify;\">Si precisa che <strong>qualora non venga raggiunto il numero di 24 frequentanti il servizio non sar\u00e0 avviato<\/strong>.<\/p>\n<div style=\"text-align: justify;\"><\/div>\n<p style=\"text-align: justify;\"><a href=\"http:\/\/www.comune.gioiadelcolle.ba.it\/documenti\/asilonido\/2010-2011\/2010_12_20%201.%20BANDO%20nuove%20iscrizioni%2010-11.pdf\">SCARICA BANDO<\/a><\/p>\n<div style=\"text-align: justify;\"><\/div>\n<p style=\"text-align: justify;\"><a href=\"http:\/\/www.comune.gioiadelcolle.ba.it\/documenti\/asilonido\/2010-2011\/2010_12_20%202.%20modulo%20iscrizione%2010-11.pdf\">SCARICA MODULO ISCRIZIONE<\/a><\/p>\n<div style=\"text-align: justify;\"><\/div>\n<p style=\"text-align: justify;\"><a href=\"http:\/\/www.comune.gioiadelcolle.ba.it\/documenti\/asilonido\/2010-2011\/2010_12_20%203.%20conoscere%20il%20nido%2010-11.pdf\">SCARICA CONOSCERE IL NIDO<\/a><\/p>\n<div style=\"text-align: justify;\"><\/div>\n<p style=\"text-align: justify;\"><a href=\"http:\/\/www.comune.gioiadelcolle.ba.it\/documenti\/asilonido\/2010-2011\/2010_12_20%204.%20mod.%20autocert.%20stato%20di%20famiglia%2010-11.pdf\">SCARICA MOD. AUTOCERT. STATO DI FAMIGLIA<\/a><\/p>\n<div style=\"text-align: justify;\"><a href=\"http:\/\/www.comune.gioiadelcolle.ba.it\/documenti\/asilonido\/2010-2011\/2010_12_20%205.%20notorieta%20lavoro%2010-11.pdf\">SCARICA NOTORIETA&#8217; LAVORO<\/a><\/div>\n","protected":false},"excerpt":{"rendered":"","protected":false},"author":1,"featured_media":6803,"comment_status":"open","ping_status":"closed","sticky":false,"template":"","format":"standard","meta":{"colormag_page_container_layout":"default_layout","colormag_page_sidebar_layout":"default_layout","footnotes":""},"categories":[4],"tags":[],"class_list":["post-6808","post","type-post","status-publish","format-standard","has-post-thumbnail","hentry","category-politica"],"_links":{"self":[{"href":"https:\/\/archiviogioia.lavocedelpaese.info\/index.php?rest_route=\/wp\/v2\/posts\/6808","targetHints":{"allow":["GET"]}}],"collection":[{"href":"https:\/\/archiviogioia.lavocedelpaese.info\/index.php?rest_route=\/wp\/v2\/posts"}],"about":[{"href":"https:\/\/archiviogioia.lavocedelpaese.info\/index.php?rest_route=\/wp\/v2\/types\/post"}],"author":[{"embeddable":true,"href":"https:\/\/archiviogioia.lavocedelpaese.info\/index.php?rest_route=\/wp\/v2\/users\/1"}],"replies":[{"embeddable":true,"href":"https:\/\/archiviogioia.lavocedelpaese.info\/index.php?rest_route=%2Fwp%2Fv2%2Fcomments&post=6808"}],"version-history":[{"count":0,"href":"https:\/\/archiviogioia.lavocedelpaese.info\/index.php?rest_route=\/wp\/v2\/posts\/6808\/revisions"}],"wp:featuredmedia":[{"embeddable":true,"href":"https:\/\/archiviogioia.lavocedelpaese.info\/index.php?rest_route=\/wp\/v2\/media\/6803"}],"wp:attachment":[{"href":"https:\/\/archiviogioia.lavocedelpaese.info\/index.php?rest_route=%2Fwp%2Fv2%2Fmedia&parent=6808"}],"wp:term":[{"taxonomy":"category","embeddable":true,"href":"https:\/\/archiviogioia.lavocedelpaese.info\/index.php?rest_route=%2Fwp%2Fv2%2Fcategories&post=6808"},{"taxonomy":"post_tag","embeddable":true,"href":"https:\/\/archiviogioia.lavocedelpaese.info\/index.php?rest_route=%2Fwp%2Fv2%2Ftags&post=6808"}],"curies":[{"name":"wp","href":"https:\/\/api.w.org\/{rel}","templated":true}]}}