{"id":7069,"date":"2010-12-31T22:40:36","date_gmt":"2010-12-31T22:40:36","guid":{"rendered":"https:\/\/archiviogioia.lavocedelpaese.info\/?p=7069"},"modified":"2010-12-31T22:40:36","modified_gmt":"2010-12-31T22:40:36","slug":"oroscopo-franca-mazzei-non-sara-un-anno-facilissimo","status":"publish","type":"post","link":"https:\/\/archiviogioia.lavocedelpaese.info\/?p=7069","title":{"rendered":"OROSCOPO, FRANCA MAZZEI: \u201cNON SARA\u2019 UN ANNO FACILE\u201d -foto"},"content":{"rendered":"<p><img loading=\"lazy\" decoding=\"async\" class=\" size-full wp-image-7057\" alt=\"astrologia-tavolo-relatori-\" src=\"https:\/\/archiviogioia.lavocedelpaese.info\/wp-content\/uploads\/2010\/12\/astrologia-tavolo-relatori-.jpg\" width=\"320\" height=\"150\" srcset=\"https:\/\/archiviogioia.lavocedelpaese.info\/wp-content\/uploads\/2010\/12\/astrologia-tavolo-relatori-.jpg 640w, https:\/\/archiviogioia.lavocedelpaese.info\/wp-content\/uploads\/2010\/12\/astrologia-tavolo-relatori--300x141.jpg 300w\" sizes=\"auto, (max-width: 320px) 100vw, 320px\" \/> <\/p>\n<p><!--more--><\/p>\n<p style=\"text-align: justify;\"><img loading=\"lazy\" decoding=\"async\" class=\" alignleft size-full wp-image-7058\" style=\"margin: 4px; float: left;\" alt=\"astrologia-intervento-roman\" src=\"https:\/\/archiviogioia.lavocedelpaese.info\/wp-content\/uploads\/2010\/12\/astrologia-intervento-roman.jpg\" width=\"250\" height=\"167\" srcset=\"https:\/\/archiviogioia.lavocedelpaese.info\/wp-content\/uploads\/2010\/12\/astrologia-intervento-roman.jpg 354w, https:\/\/archiviogioia.lavocedelpaese.info\/wp-content\/uploads\/2010\/12\/astrologia-intervento-roman-300x201.jpg 300w\" sizes=\"auto, (max-width: 250px) 100vw, 250px\" \/>All\u2019interno degli incontri di \u201cAl tempo della nuova luce\u201d, <strong>mercoled\u00ec, 29 dicembre 2010<\/strong>, l\u2019Assessorato alla Cultura di Gioia del Colle, con la collaborazione dell\u2019avv. <strong>Lucio Romano<\/strong>, <strong>ha presentato un incontro \u201csui generis\u201d<\/strong>, ma che di certo ha suscitato la curiosit\u00e0 dei molti \u2013 vista la copiosa partecipazione \u2013, <strong>con la presenza di uno dei volti pi\u00f9 noti e tra le voci pi\u00f9 ascoltate del mo<\/strong><img loading=\"lazy\" decoding=\"async\" class=\" alignright size-full wp-image-7059\" style=\"margin: 4px; float: right;\" alt=\"astrologia-franca-mazzei\" src=\"https:\/\/archiviogioia.lavocedelpaese.info\/wp-content\/uploads\/2010\/12\/astrologia-franca-mazzei.jpg\" width=\"120\" height=\"176\" srcset=\"https:\/\/archiviogioia.lavocedelpaese.info\/wp-content\/uploads\/2010\/12\/astrologia-franca-mazzei.jpg 212w, https:\/\/archiviogioia.lavocedelpaese.info\/wp-content\/uploads\/2010\/12\/astrologia-franca-mazzei-204x300.jpg 204w\" sizes=\"auto, (max-width: 120px) 100vw, 120px\" \/><strong>ndo delle stelle<\/strong>.<strong>Ospite<\/strong>, infatti, del nostro meraviglioso chiostro comunale, <st1:personname productid=\"la professoressa Franca Mazzei.\" w:st=\"on\"><strong>la professoressa Franca Mazzei<\/strong>.<\/st1:personname><\/p>\n<div style=\"text-align: justify;\"><\/div>\n<p style=\"text-align: justify;\">Franca Mazzei, <strong>laureata in Lingue e Letterature Straniere<\/strong>, collabora con tele e radio Norba, vive tra Bari e Milano, dove tiene corsi di apprendimento e stage di approfondimento sull\u2019astrologia. <strong>\u00c8 una donna, che come asserisce Stella Lorusso<\/strong> \u2013 nostra concittadina appassionata di codesta materia \u2013 alla quale \u00e8 affidata l\u2019introduzione dell\u2019incontro, \u201c<strong>sa divertire e si diverte per viaggiare oltre le apparenze ed andare in p<\/strong><strong><img loading=\"lazy\" decoding=\"async\" class=\" alignleft size-full wp-image-7061\" style=\"margin: 4px; float: left;\" alt=\"astrologia-pubblico\" src=\"https:\/\/archiviogioia.lavocedelpaese.info\/wp-content\/uploads\/2010\/12\/astrologia-pubblico.jpg\" width=\"243\" height=\"162\" srcset=\"https:\/\/archiviogioia.lavocedelpaese.info\/wp-content\/uploads\/2010\/12\/astrologia-pubblico.jpg 354w, https:\/\/archiviogioia.lavocedelpaese.info\/wp-content\/uploads\/2010\/12\/astrologia-pubblico-300x201.jpg 300w\" sizes=\"auto, (max-width: 243px) 100vw, 243px\" \/><\/strong><strong>rofondit\u00e0<\/strong>\u201d.<\/p>\n<div style=\"text-align: justify;\"><\/div>\n<p style=\"text-align: justify;\"><strong>In proposito aggiunge<\/strong>: \u201c[\u2026] <strong>potrei in questa sede fare l\u2019elenco di personalit\u00e0 illustri dedite all\u2019astrologia<\/strong>. Cito fra tutti lo psichiatra Carl Gustav Jung, che per conoscere meglio la storia dei suoi pazienti si faceva fornire la mappatura astrologica. <strong>Interpretare la mappa di qualcuno \u00e8 come vedere al di l\u00e0, oltre, dentro \u2026 <\/strong>L\u2019astrologia pu\u00f2 appassionare molto, perch\u00e9 \u00e8 un racconto che parla di noi!\u201d.<img loading=\"lazy\" decoding=\"async\" class=\" alignright size-full wp-image-7063\" style=\"margin: 4px; float: right;\" alt=\"astrologia-intervento-sinda\" src=\"https:\/\/archiviogioia.lavocedelpaese.info\/wp-content\/uploads\/2010\/12\/astrologia-intervento-sinda.jpg\" width=\"220\" height=\"147\" srcset=\"https:\/\/archiviogioia.lavocedelpaese.info\/wp-content\/uploads\/2010\/12\/astrologia-intervento-sinda.jpg 354w, https:\/\/archiviogioia.lavocedelpaese.info\/wp-content\/uploads\/2010\/12\/astrologia-intervento-sinda-300x201.jpg 300w\" sizes=\"auto, (max-width: 220px) 100vw, 220px\" \/><\/p>\n<div style=\"text-align: justify;\"><\/div>\n<p style=\"text-align: justify;\">Cos\u00ec \u2013 <strong>dopo il saluto del Sindaco<\/strong><strong>, il Dottor Piero Longo<\/strong> \u2013 <strong>inizia il viaggio fra i vari pronostici dati dalla lettura delle s<\/strong><strong>telle della Mazzei<\/strong>. Si parte con le importanti configurazioni celesti che si avranno nel corso del 2011, \u201cPlutone torna in capricorno dopo 250 anni, ed essendo il capricorno il segno del potere, si potrebbe avere una forte concentrazione dei poteri [\u2026] <strong>Non sar\u00e0 un anno facilissimo \u2026<\/strong> <strong>Resta critica la situazione occupazionale<\/strong>, per\u00f2 credo che l\u2019ottim<img loading=\"lazy\" decoding=\"async\" class=\" alignleft size-full wp-image-7065\" style=\"margin: 4px; float: left;\" alt=\"mazzei-romano-sindaco\" src=\"https:\/\/archiviogioia.lavocedelpaese.info\/wp-content\/uploads\/2010\/12\/mazzei-romano-sindaco.jpg\" width=\"158\" height=\"216\" srcset=\"https:\/\/archiviogioia.lavocedelpaese.info\/wp-content\/uploads\/2010\/12\/mazzei-romano-sindaco.jpg 259w, https:\/\/archiviogioia.lavocedelpaese.info\/wp-content\/uploads\/2010\/12\/mazzei-romano-sindaco-219x300.jpg 219w\" sizes=\"auto, (max-width: 158px) 100vw, 158px\" \/>ismo possa nascere all\u2019interno di noi\u201d.<\/p>\n<div style=\"text-align: justify;\"><\/div>\n<p style=\"text-align: justify;\">Per quanto le concerne \u00e8 molto affascinante vedere il corso degli anni con l\u2019ausilio dell\u2019astrologia. E <strong>si arriva in conclusione alla curiosit\u00e0 dell\u2019analisi singola dei segni<\/strong>: \u201c[\u2026] <strong>c\u2019\u00e8 una differenza sostanziale tra l\u2019oroscopo<\/strong>, che prende in esame solo il Sole, <strong>e il quadro astrale<\/strong> che prende in esame tutti i pianeti. <strong>Trattasi quindi di un andamento medio<\/strong>\u201d.<\/p>\n<div style=\"text-align: justify;\"><\/div>\n<p style=\"text-align: justify;\">All\u2019interno del suo discorso, infine, <strong>Franca Mazzei afferma<\/strong>: \u201c<strong>Ho accettato subito l\u2019invito dell\u2019Amministrazione Comuna<\/strong><strong><img loading=\"lazy\" decoding=\"async\" class=\" alignright size-full wp-image-7067\" style=\"margin: 4px; float: right;\" alt=\"astrologia-brindisi-relator\" src=\"https:\/\/archiviogioia.lavocedelpaese.info\/wp-content\/uploads\/2010\/12\/astrologia-brindisi-relator.jpg\" width=\"210\" height=\"140\" srcset=\"https:\/\/archiviogioia.lavocedelpaese.info\/wp-content\/uploads\/2010\/12\/astrologia-brindisi-relator.jpg 354w, https:\/\/archiviogioia.lavocedelpaese.info\/wp-content\/uploads\/2010\/12\/astrologia-brindisi-relator-300x201.jpg 300w\" sizes=\"auto, (max-width: 210px) 100vw, 210px\" \/><\/strong><strong>le, quando ho saputo fosse un\u2019iniziativa dell\u2019Assessorato alla C<\/strong><strong>ul<\/strong><strong>tura, perch\u00e9 ci sono attacchi continui all\u2019astrologia<\/strong>. Non \u00e8 matematica e neanche una scienza esatta, ma <strong>\u00e8 di sicuro una scienza umana<\/strong>\u201d. Ed aggiunge: \u201c<strong>In fondo noi siamo fatti d\u2019acqua all\u201980%<\/strong>, <strong>la Luna<\/strong>, ad esempio, <strong>influisce<\/strong> sul mare, ma <strong>anche su di noi<\/strong>. <strong>Siamo un tutt\u2019uno con il cosmo\u201d<\/strong>.<\/p>\n<div style=\"text-align: justify;\"><\/div>\n<p style=\"text-align: justify;\">In realt\u00e0, <strong>nonostante le critiche<\/strong>, <strong>l\u2019incontro esercita un grande appeal sui presenti<\/strong>, forse, perch\u00e9 indagare sul futuro \u00e8 uno tra i primi istinti del genere umano. <strong>Un modo diverso e divertente per incominciare l\u2019Anno Nuovo, da prendere con la giusta leggerezza<\/strong>.<\/p>\n<p style=\"text-align: justify;\">Un particolare<strong> ringraziamento a Mario Di Giuseppe<\/strong> per il suo puntuale contributo fotografico<\/p>\n<p><object data=\"http:\/\/picasaweb.google.com\/s\/c\/bin\/slideshow.swf\" type=\"application\/x-shockwave-flash\" height=\"660\" width=\"660\"><param name=\"flashvars\" value=\"host=picasaweb.google.com&amp;hl=it&amp;feat=flashalbum&amp;RGB=0x000000&amp;feed=http%3A%2F%2Fpicasaweb.google.com%2Fdata%2Ffeed%2Fapi%2Fuser%2Fredazionegioianet%2Falbumid%2F5556932326513502513%3Falt%3Drss%26kind%3Dphoto%26authkey%3DGv1sRgCLOzkpPrkOm2gQE%26hl%3Dit\" \/><param name=\"src\" value=\"http:\/\/picasaweb.google.com\/s\/c\/bin\/slideshow.swf\" \/><\/object><\/p>\n","protected":false},"excerpt":{"rendered":"","protected":false},"author":1,"featured_media":7057,"comment_status":"open","ping_status":"closed","sticky":false,"template":"","format":"standard","meta":{"colormag_page_container_layout":"default_layout","colormag_page_sidebar_layout":"default_layout","footnotes":""},"categories":[7],"tags":[],"class_list":["post-7069","post","type-post","status-publish","format-standard","has-post-thumbnail","hentry","category-attualita"],"_links":{"self":[{"href":"https:\/\/archiviogioia.lavocedelpaese.info\/index.php?rest_route=\/wp\/v2\/posts\/7069","targetHints":{"allow":["GET"]}}],"collection":[{"href":"https:\/\/archiviogioia.lavocedelpaese.info\/index.php?rest_route=\/wp\/v2\/posts"}],"about":[{"href":"https:\/\/archiviogioia.lavocedelpaese.info\/index.php?rest_route=\/wp\/v2\/types\/post"}],"author":[{"embeddable":true,"href":"https:\/\/archiviogioia.lavocedelpaese.info\/index.php?rest_route=\/wp\/v2\/users\/1"}],"replies":[{"embeddable":true,"href":"https:\/\/archiviogioia.lavocedelpaese.info\/index.php?rest_route=%2Fwp%2Fv2%2Fcomments&post=7069"}],"version-history":[{"count":0,"href":"https:\/\/archiviogioia.lavocedelpaese.info\/index.php?rest_route=\/wp\/v2\/posts\/7069\/revisions"}],"wp:featuredmedia":[{"embeddable":true,"href":"https:\/\/archiviogioia.lavocedelpaese.info\/index.php?rest_route=\/wp\/v2\/media\/7057"}],"wp:attachment":[{"href":"https:\/\/archiviogioia.lavocedelpaese.info\/index.php?rest_route=%2Fwp%2Fv2%2Fmedia&parent=7069"}],"wp:term":[{"taxonomy":"category","embeddable":true,"href":"https:\/\/archiviogioia.lavocedelpaese.info\/index.php?rest_route=%2Fwp%2Fv2%2Fcategories&post=7069"},{"taxonomy":"post_tag","embeddable":true,"href":"https:\/\/archiviogioia.lavocedelpaese.info\/index.php?rest_route=%2Fwp%2Fv2%2Ftags&post=7069"}],"curies":[{"name":"wp","href":"https:\/\/api.w.org\/{rel}","templated":true}]}}