{"id":707,"date":"2010-03-05T03:59:25","date_gmt":"2010-03-05T03:59:25","guid":{"rendered":"https:\/\/archiviogioia.lavocedelpaese.info\/?p=707"},"modified":"2010-03-05T03:59:25","modified_gmt":"2010-03-05T03:59:25","slug":"tasse-in-arrivo-la-cartella-unica-delle-entrate","status":"publish","type":"post","link":"https:\/\/archiviogioia.lavocedelpaese.info\/?p=707","title":{"rendered":"TASSE: IN ARRIVO LA CARTELLA UNICA DELLE ENTRATE"},"content":{"rendered":"<p><img loading=\"lazy\" decoding=\"async\" class=\" size-full wp-image-705\" alt=\"municipio\" src=\"https:\/\/archiviogioia.lavocedelpaese.info\/wp-content\/uploads\/2010\/03\/municipio.jpg\" width=\"320\" height=\"150\" srcset=\"https:\/\/archiviogioia.lavocedelpaese.info\/wp-content\/uploads\/2010\/03\/municipio.jpg 640w, https:\/\/archiviogioia.lavocedelpaese.info\/wp-content\/uploads\/2010\/03\/municipio-300x141.jpg 300w\" sizes=\"auto, (max-width: 320px) 100vw, 320px\" \/> <\/p>\n<p><!--more--><\/p>\n<p style=\"text-align: justify;\"><strong><img loading=\"lazy\" decoding=\"async\" class=\" alignleft size-full wp-image-706\" style=\"margin: 4px; float: left;\" alt=\"140px-Gioia_del_Colle-Stemma\" src=\"https:\/\/archiviogioia.lavocedelpaese.info\/wp-content\/uploads\/2010\/03\/140px-Gioia_del_Colle-Stemma.png\" width=\"140\" height=\"166\" \/>Pi\u00f9 semplicit\u00e0 per i cittadini, meno costi per la citt\u00e0<\/strong>.<\/p>\n<div style=\"text-align: justify;\"><\/div>\n<p style=\"text-align: justify;\"><st1:personname productid=\"La \u201cCatella\" w:st=\"on\"><strong>La \u201cCatella<\/strong><\/st1:personname><strong> unica delle Entrate\u201d per semplificare i Tributi locali<\/strong> finalmente anche a Gioia.<\/p>\n<div style=\"text-align: justify;\"><\/div>\n<p style=\"text-align: justify;\"><strong>Una recente decisione del Consiglio Comunale permetter\u00e0<\/strong> ai cittadini di ricevere un solo avviso trasparente e semplice all\u2019inizio di ogni anno, comprendendo da subito gli importi e le scadenze di tutte le imposte locali (ICI, TARSU, Imposta Pubblicit\u00e0, Tosap e tributi minori).<\/p>\n<div style=\"text-align: justify;\"><\/div>\n<p style=\"text-align: justify;\"><strong>La \u201cCartella Unica delle Entrate\u201d, inoltre<\/strong>, riducendo drasticamente il numero di comunicazioni, contribuir\u00e0 consistentemente a diminuire i costi di spedizione e lo spreco di carta.<\/p>\n<div style=\"text-align: justify;\"><\/div>\n<p style=\"text-align: justify;\"><strong>Si aggiungeranno servizi innovativi<\/strong> come i servizi on-line per i contribuenti che potranno interagire con l\u2019amministrazione tramite INTERNET e sar\u00e0 possibile effettuare i pagamenti con bollettino postale ma anche con Carta di Credito, tramite Ricevitoria e tramite qualsiasi filiale di banca.<\/p>\n<div style=\"text-align: justify;\"><\/div>\n<p style=\"text-align: justify;\"><strong>\u201cL\u2019aspetto pi\u00f9 significativo di questo progetto<\/strong> \u2013 dichiara l\u2019assessore ai tributi <strong>Fabio De Benedictis<\/strong> \u2013 sar\u00e0, certamente, la realizzazione di un centro servizi virtuale di interfaccia con il contribuente\/cittadino dove lo stesso potr\u00e0 definire in tempo reale pratiche e pagamenti che lo riguardano. L\u2019obbiettivo \u00e8 \u00a0il miglioramento dei rapporti tra cittadino e amministrazione comunale, ponendo in primo piano la qualit\u00e0 dei servizi, la semplicit\u00e0 e <st1:personname productid=\"la trasparenza. I\" w:st=\"on\">la  trasparenza. I<\/st1:personname> contribuenti potranno comprendere immediatamente importi e scadenze, pagare pi\u00f9 agevolmente anche con carta di credito e tutto questo con minori costi per la Citt\u00e0\u201d.<\/p>\n<div style=\"text-align: justify;\"><\/div>\n<p style=\"text-align: justify;\"><strong>Le procedure, gi\u00e0 avviate, permetteranno di usufruire<\/strong> dei nuovi servizi entro pochi mesi. E\u2019 prevista anche la ristrutturazione dell\u2019ufficio tributi del Comune per migliorare l\u2019accoglienza di cittadini comuni e consulenti.<\/p>\n<div style=\"text-align: justify;\"><\/div>\n<p style=\"text-align: right;\"><strong>Comunicato stampa &#8211; Ufficio del Sindaco<\/strong><\/p>\n<div style=\"text-align: justify;\"><\/div>\n<p style=\"text-align: justify;\">Gioia del Colle, 4 marzo 2010<\/p>\n","protected":false},"excerpt":{"rendered":"","protected":false},"author":1,"featured_media":705,"comment_status":"open","ping_status":"closed","sticky":false,"template":"","format":"standard","meta":{"colormag_page_container_layout":"default_layout","colormag_page_sidebar_layout":"default_layout","footnotes":""},"categories":[4],"tags":[],"class_list":["post-707","post","type-post","status-publish","format-standard","has-post-thumbnail","hentry","category-politica"],"_links":{"self":[{"href":"https:\/\/archiviogioia.lavocedelpaese.info\/index.php?rest_route=\/wp\/v2\/posts\/707","targetHints":{"allow":["GET"]}}],"collection":[{"href":"https:\/\/archiviogioia.lavocedelpaese.info\/index.php?rest_route=\/wp\/v2\/posts"}],"about":[{"href":"https:\/\/archiviogioia.lavocedelpaese.info\/index.php?rest_route=\/wp\/v2\/types\/post"}],"author":[{"embeddable":true,"href":"https:\/\/archiviogioia.lavocedelpaese.info\/index.php?rest_route=\/wp\/v2\/users\/1"}],"replies":[{"embeddable":true,"href":"https:\/\/archiviogioia.lavocedelpaese.info\/index.php?rest_route=%2Fwp%2Fv2%2Fcomments&post=707"}],"version-history":[{"count":0,"href":"https:\/\/archiviogioia.lavocedelpaese.info\/index.php?rest_route=\/wp\/v2\/posts\/707\/revisions"}],"wp:featuredmedia":[{"embeddable":true,"href":"https:\/\/archiviogioia.lavocedelpaese.info\/index.php?rest_route=\/wp\/v2\/media\/705"}],"wp:attachment":[{"href":"https:\/\/archiviogioia.lavocedelpaese.info\/index.php?rest_route=%2Fwp%2Fv2%2Fmedia&parent=707"}],"wp:term":[{"taxonomy":"category","embeddable":true,"href":"https:\/\/archiviogioia.lavocedelpaese.info\/index.php?rest_route=%2Fwp%2Fv2%2Fcategories&post=707"},{"taxonomy":"post_tag","embeddable":true,"href":"https:\/\/archiviogioia.lavocedelpaese.info\/index.php?rest_route=%2Fwp%2Fv2%2Ftags&post=707"}],"curies":[{"name":"wp","href":"https:\/\/api.w.org\/{rel}","templated":true}]}}