{"id":7101,"date":"2011-01-03T05:45:39","date_gmt":"2011-01-03T05:45:39","guid":{"rendered":"https:\/\/archiviogioia.lavocedelpaese.info\/?p=7101"},"modified":"2011-01-03T05:45:39","modified_gmt":"2011-01-03T05:45:39","slug":"sarah-jane-morris-e-ian-shaw-al-ueffilo-jazz-club-2","status":"publish","type":"post","link":"https:\/\/archiviogioia.lavocedelpaese.info\/?p=7101","title":{"rendered":"SARAH JANE MORRIS E IAN SHAW AL UEFFILO JAZZ CLUB"},"content":{"rendered":"<p><img loading=\"lazy\" decoding=\"async\" class=\" size-full wp-image-7097\" alt=\"ueffilo11_completa340\" src=\"https:\/\/archiviogioia.lavocedelpaese.info\/wp-content\/uploads\/2011\/01\/ueffilo11_completa340.jpg\" width=\"320\" height=\"150\" srcset=\"https:\/\/archiviogioia.lavocedelpaese.info\/wp-content\/uploads\/2011\/01\/ueffilo11_completa340.jpg 320w, https:\/\/archiviogioia.lavocedelpaese.info\/wp-content\/uploads\/2011\/01\/ueffilo11_completa340-300x141.jpg 300w\" sizes=\"auto, (max-width: 320px) 100vw, 320px\" \/> <\/p>\n<p><!--more--><\/p>\n<p style=\"text-align: justify;\"><strong><img loading=\"lazy\" decoding=\"async\" class=\" alignright size-full wp-image-7098\" style=\"margin: 4px; float: right;\" alt=\"SJMORRIS_NEW_june_2009\" src=\"https:\/\/archiviogioia.lavocedelpaese.info\/wp-content\/uploads\/2011\/01\/SJMORRIS_NEW_june_2009.jpg\" width=\"252\" height=\"166\" srcset=\"https:\/\/archiviogioia.lavocedelpaese.info\/wp-content\/uploads\/2011\/01\/SJMORRIS_NEW_june_2009.jpg 1024w, https:\/\/archiviogioia.lavocedelpaese.info\/wp-content\/uploads\/2011\/01\/SJMORRIS_NEW_june_2009-300x199.jpg 300w, https:\/\/archiviogioia.lavocedelpaese.info\/wp-content\/uploads\/2011\/01\/SJMORRIS_NEW_june_2009-768x509.jpg 768w\" sizes=\"auto, (max-width: 252px) 100vw, 252px\" \/>La stagione invernale dell\u2019oramai brand riconosciuto e consolidato del Jazz Club Ueffilo<\/strong>, sempre con la <strong>direzione artistica di Marco Losavio e Alceste Ayroldi<\/strong>, <strong>inizier\u00e0 domenica 23 gennaio con<\/strong> lo straordinario duo <strong>Sarah Jane Morris e Ian Shaw<\/strong>.<\/p>\n<div style=\"text-align: justify;\"><\/div>\n<p style=\"text-align: justify;\"><strong>L\u2019inconfondibile voce di Sarah Jane Morris<\/strong>, che arriva a toccare l\u2019estensione di quattro ottave, <strong>\u00e8 legata all\u2019album eponimo dei Communards del 1986<\/strong>, dove duetta con Jimmy Sommerville nel celeberrimo remake di \u201cDon\u2019t leave this way\u201d. Successivamente, <strong>nel 1991, partecipa al festival di Sanremo affiancando Riccardo Cocciante<\/strong> nell\u2019esecuzione del brano vincitore di quella edizione: \u201c<strong>Se stiamo insieme<\/strong>\u201d.<\/p>\n<div style=\"text-align: justify;\"><\/div>\n<p style=\"text-align: justify;\"><strong>Nel 2006, s<\/strong><img loading=\"lazy\" decoding=\"async\" class=\" alignleft size-full wp-image-7099\" style=\"margin: 4px; float: left;\" alt=\"shaw_20\" src=\"https:\/\/archiviogioia.lavocedelpaese.info\/wp-content\/uploads\/2011\/01\/shaw_20.jpg\" width=\"150\" height=\"225\" srcset=\"https:\/\/archiviogioia.lavocedelpaese.info\/wp-content\/uploads\/2011\/01\/shaw_20.jpg 534w, https:\/\/archiviogioia.lavocedelpaese.info\/wp-content\/uploads\/2011\/01\/shaw_20-200x300.jpg 200w\" sizes=\"auto, (max-width: 150px) 100vw, 150px\" \/><strong>empre a Sanremo, canta con Simona Bencini il brano \u201cTempesta\u201d<\/strong>, nella serata dedicata ai duetti. Memorabile \u00e8 la sua personalissima esecuzione di \u201cMe and Mrs Jones\u201d. \u201cWhere it hurts\u201d \u00e8 i titolo del nuovo album che \u00e8 stato pubblicato dalla Nun Records nel 2009. <strong>In Italia \u00e8 ospite fissa del Blue Note di Milano e dei festival pi\u00f9 prestigiosi<\/strong>.<\/p>\n<div style=\"text-align: justify;\"><\/div>\n<p style=\"text-align: justify;\">&#8220;<strong>Best Jazz Vocalist&#8221; al BBC Jazz Award nel 2007 e nel 2004<\/strong>, <strong>Ian Shaw ha gi\u00e0 inciso diversi album di successo<\/strong> sia nel Regno Unito e gli Stati Uniti. <strong>E\u2019 definito dalla critica<\/strong>, insieme con Mark Murphy e Kurt Elling, <strong>come uno dei migliori vocalist<\/strong>.<\/p>\n<div style=\"text-align: justify;\"><\/div>\n<p style=\"text-align: justify;\">&#8220;<strong>Drawn to All Things &#8211; the songs of Joni Mitchell&#8221;, il suo acclamato album del 2006<\/strong> lo ha consacrato come il pi\u00f9 grande jazz vocalist maschile della Gran Bretagna (Jazz Times). Ha collaborato con Quincy Jones, Abudullah Ibrahim, Guy Barker, Kenny Wheeler, John Taylor, Iain Ballamy, Mornington Lockett, Barb Jungr, Cleo Laine e John Dankworth, Cedar Walton, Joe Lovano e Joe Beck.<\/p>\n<div style=\"text-align: justify;\"><\/div>\n<p style=\"text-align: justify;\"><strong>Ingresso<\/strong>: ore 20.00. <strong>Inizio concerto<\/strong>: ore 21,00.<\/p>\n<div style=\"text-align: justify;\"><\/div>\n<p style=\"text-align: justify;\">L\u2019appuntamento sar\u00e0 arricchito dalla degustazione di prodotti tipici.<\/p>\n<div style=\"text-align: justify;\"><\/div>\n<p style=\"text-align: justify;\"><strong>Ticket Food &amp; Music<\/strong>: 25 euro.<\/p>\n<div style=\"text-align: justify;\"><\/div>\n<p style=\"text-align: justify;\"><strong>Il Ueffilo<\/strong> \u2013 Cantina a Sud \u00a0&#8211; Gioia del Colle &#8211; via Donato Boscia 21.<\/p>\n<div style=\"text-align: justify;\"><\/div>\n<p style=\"text-align: justify;\"><strong>Info<\/strong>: 339\/8613434 \u2013 080\/3430946 &#8211; web: <a href=\"http:\/\/www.ueffilo.com\/\">www.ueffilo.com<\/a> &#8211; <a href=\"mailto:info@ueffilo.com\">info@ueffilo.com<\/a><\/p>\n","protected":false},"excerpt":{"rendered":"","protected":false},"author":1,"featured_media":7097,"comment_status":"open","ping_status":"closed","sticky":false,"template":"","format":"standard","meta":{"colormag_page_container_layout":"default_layout","colormag_page_sidebar_layout":"default_layout","footnotes":""},"categories":[7],"tags":[],"class_list":["post-7101","post","type-post","status-publish","format-standard","has-post-thumbnail","hentry","category-attualita"],"_links":{"self":[{"href":"https:\/\/archiviogioia.lavocedelpaese.info\/index.php?rest_route=\/wp\/v2\/posts\/7101","targetHints":{"allow":["GET"]}}],"collection":[{"href":"https:\/\/archiviogioia.lavocedelpaese.info\/index.php?rest_route=\/wp\/v2\/posts"}],"about":[{"href":"https:\/\/archiviogioia.lavocedelpaese.info\/index.php?rest_route=\/wp\/v2\/types\/post"}],"author":[{"embeddable":true,"href":"https:\/\/archiviogioia.lavocedelpaese.info\/index.php?rest_route=\/wp\/v2\/users\/1"}],"replies":[{"embeddable":true,"href":"https:\/\/archiviogioia.lavocedelpaese.info\/index.php?rest_route=%2Fwp%2Fv2%2Fcomments&post=7101"}],"version-history":[{"count":0,"href":"https:\/\/archiviogioia.lavocedelpaese.info\/index.php?rest_route=\/wp\/v2\/posts\/7101\/revisions"}],"wp:featuredmedia":[{"embeddable":true,"href":"https:\/\/archiviogioia.lavocedelpaese.info\/index.php?rest_route=\/wp\/v2\/media\/7097"}],"wp:attachment":[{"href":"https:\/\/archiviogioia.lavocedelpaese.info\/index.php?rest_route=%2Fwp%2Fv2%2Fmedia&parent=7101"}],"wp:term":[{"taxonomy":"category","embeddable":true,"href":"https:\/\/archiviogioia.lavocedelpaese.info\/index.php?rest_route=%2Fwp%2Fv2%2Fcategories&post=7101"},{"taxonomy":"post_tag","embeddable":true,"href":"https:\/\/archiviogioia.lavocedelpaese.info\/index.php?rest_route=%2Fwp%2Fv2%2Ftags&post=7101"}],"curies":[{"name":"wp","href":"https:\/\/api.w.org\/{rel}","templated":true}]}}