{"id":720,"date":"2010-03-05T23:27:57","date_gmt":"2010-03-05T23:27:57","guid":{"rendered":"https:\/\/archiviogioia.lavocedelpaese.info\/?p=720"},"modified":"2010-03-05T23:27:57","modified_gmt":"2010-03-05T23:27:57","slug":"a-gioia-del-colle-la-paura-non-esiste-con-fabio-salvatore","status":"publish","type":"post","link":"https:\/\/archiviogioia.lavocedelpaese.info\/?p=720","title":{"rendered":"A GIOIA DEL COLLE: \u201cLA PAURA NON ESISTE\u201d CON FABIO SALVATORE"},"content":{"rendered":"<p><img loading=\"lazy\" decoding=\"async\" class=\" size-full wp-image-716\" alt=\"fabio_salvatore.jpg2\" src=\"https:\/\/archiviogioia.lavocedelpaese.info\/wp-content\/uploads\/2010\/03\/fabio_salvatore.jpg2_.jpg\" width=\"320\" height=\"150\" srcset=\"https:\/\/archiviogioia.lavocedelpaese.info\/wp-content\/uploads\/2010\/03\/fabio_salvatore.jpg2_.jpg 320w, https:\/\/archiviogioia.lavocedelpaese.info\/wp-content\/uploads\/2010\/03\/fabio_salvatore.jpg2_-300x141.jpg 300w\" sizes=\"auto, (max-width: 320px) 100vw, 320px\" \/> <\/p>\n<p><!--more--><\/p>\n<p style=\"text-align: justify;\">Dopo il notevole successo di critica e di pubblico di \u201cCancro non mi fai paura\u201d, Fabio Salvatore propone il seguito del suo libro verit\u00e0.<\/p>\n<div style=\"text-align: justify;\"><\/div>\n<p style=\"text-align: justify;\"><strong><img loading=\"lazy\" decoding=\"async\" class=\" alignleft size-full wp-image-717\" style=\"margin: 4px; float: left;\" alt=\"fabio_salvatore_2\" src=\"https:\/\/archiviogioia.lavocedelpaese.info\/wp-content\/uploads\/2010\/03\/fabio_salvatore_2.jpg\" width=\"200\" height=\"292\" \/>Sabato 6 marzo ore 18.30, presso <st1:personname productid=\"la sala De Deo\" w:st=\"on\"><st1:personname productid=\"la sala De\" w:st=\"on\">la sala De<\/st1:personname> Deo<\/st1:personname> a Gioia del Colle, Fabio Salvatore presenta il libro \u201cLa paura non esiste\u201d Aliberti Editore<\/strong>.<\/p>\n<div style=\"text-align: justify;\"><\/div>\n<p style=\"text-align: justify;\">\u201cLa paura non esiste\u201d \u00e8 la storia di un lungo viaggio. E\u2019 la storia di un percorso umano, di un uomo che guarda in faccia la malattia, senza mai chinare il capo. Una lotta incessante tra il Bene e il Male.<\/p>\n<div style=\"text-align: justify;\"><\/div>\n<p style=\"text-align: justify;\">Ed \u00e8 il Male ad avere la peggio, ad avere paura. Il Male che teme quest\u2019uomo, che con costanza e determinazione \u00e8 riuscito a scuotere tante persone che come lui soffrono, che in lui si identificano.<\/p>\n<div style=\"text-align: justify;\"><\/div>\n<p style=\"text-align: justify;\">Il giovane attore e scrittore ritorna con un romanzo shock, senza regole n\u00e9 frasi fatte, che con veemenza difende il diritto alla vita.<\/p>\n<div style=\"text-align: justify;\"><\/div>\n<p style=\"text-align: justify;\">L\u2019autore devolver\u00e0 il ricavato del diritto d\u2019autore del suo romanzo alla <a href=\"http:\/\/www.nuoviorizzonti-onlus.com\/\">Comunit\u00e0 Nuovi Orizzonti<\/a>, per il progetto <a href=\"http:\/\/www.cittadellacielo.com\/\">Cittadella Cielo<\/a>, che si pone l\u2019obiettivo di intervenire in tutti gli ambiti del disagio sociale.<br \/> Fabio Salvatore, trentaquattro anni, attore e regista \u00e8 stato diretto da grandi maestri del calibro di Walter Manfr\u00e8, Giorgio Albertazzi. E\u2019 fondatore del Magna Grecia Awards. Per Aliberti nel <st1:metricconverter productid=\"2008 ha\" w:st=\"on\">2008 ha<\/st1:metricconverter> pubblicato \u201cCancro non mi fai paura\u201d.<\/p>\n<div style=\"text-align: justify;\"><\/div>\n<p style=\"text-align: justify;\">Parteciperanno all\u2019incontro Claudio De Leonardis, consigliere comunale e provinciale, e Marilena Stasi, presidente di \u201cVivere con Gioia\u201d, l\u2019associazione che ha organizzato l\u2019evento.<\/p>\n<div style=\"text-align: justify;\"><\/div>\n<div style=\"text-align: justify;\"><\/div>\n<p style=\"text-align: justify;\"><strong><img loading=\"lazy\" decoding=\"async\" class=\" alignright size-full wp-image-718\" style=\"margin: 4px; float: right;\" alt=\"7341113--190x130\" src=\"https:\/\/archiviogioia.lavocedelpaese.info\/wp-content\/uploads\/2010\/03\/7341113-190x130.jpg\" width=\"190\" height=\"130\" \/>\u201cFabio Salvatore<\/strong> ha vinto la sua battaglia contro il cancro. Questo giovane regista ce l\u2019ha fatta ed ha raccontato pi\u00f9 volte la sua storia in televisione. Questo male l\u2019ha conosciuto all\u2019et\u00e0 di 22 anni, in un momento in cui tutti i ragazzi di quell\u2019et\u00e0 si sentono invincibili nei confronti di tutto e tutti.<\/p>\n<div style=\"text-align: justify;\"><\/div>\n<p style=\"text-align: justify;\">Fabio confessa che \u00e8 sicuramente un\u2019esperienza durissima soprattutto dolorosa dal punto di vista fisico. Il giovane regista per\u00f2 sottolinea pi\u00f9 volte che <strong>dal punto di vista morale \u00e8 stato davvero un cambiamento significativo<\/strong>. Il cambiamento \u00e8 stato quello di un salto di qualit\u00e0 nei confronti della vita.<\/p>\n<div style=\"text-align: justify;\"><\/div>\n<p style=\"text-align: justify;\"><img loading=\"lazy\" decoding=\"async\" class=\" alignleft size-full wp-image-719\" style=\"margin: 4px; float: left;\" alt=\"pic\" src=\"https:\/\/archiviogioia.lavocedelpaese.info\/wp-content\/uploads\/2010\/03\/pic.jpg\" width=\"200\" height=\"133\" \/>Confessa anche che &#8220;<strong>la fede \u00e8 stata il balsamo che ha cambiato totalmente il suo punto di vista sulla vita<\/strong>&#8220;. Questa dolorosa vicenda \u00e8 stata racchiusa nelle pagine di questo libro che Fabio Salvatore ha voluto fortemente scrivere. Un racconto introspettivo in cui lo stesso autore parla a se stesso e alla sua malattia.<\/p>\n<div style=\"text-align: justify;\"><\/div>\n<p style=\"text-align: justify;\">Al dolore di questo male terribile, si era aggiunto un altro dolore , ovvero la morte del padre.&#8221;<\/p>\n","protected":false},"excerpt":{"rendered":"","protected":false},"author":1,"featured_media":716,"comment_status":"open","ping_status":"closed","sticky":false,"template":"","format":"standard","meta":{"colormag_page_container_layout":"default_layout","colormag_page_sidebar_layout":"default_layout","footnotes":""},"categories":[6],"tags":[],"class_list":["post-720","post","type-post","status-publish","format-standard","has-post-thumbnail","hentry","category-cultura"],"_links":{"self":[{"href":"https:\/\/archiviogioia.lavocedelpaese.info\/index.php?rest_route=\/wp\/v2\/posts\/720","targetHints":{"allow":["GET"]}}],"collection":[{"href":"https:\/\/archiviogioia.lavocedelpaese.info\/index.php?rest_route=\/wp\/v2\/posts"}],"about":[{"href":"https:\/\/archiviogioia.lavocedelpaese.info\/index.php?rest_route=\/wp\/v2\/types\/post"}],"author":[{"embeddable":true,"href":"https:\/\/archiviogioia.lavocedelpaese.info\/index.php?rest_route=\/wp\/v2\/users\/1"}],"replies":[{"embeddable":true,"href":"https:\/\/archiviogioia.lavocedelpaese.info\/index.php?rest_route=%2Fwp%2Fv2%2Fcomments&post=720"}],"version-history":[{"count":0,"href":"https:\/\/archiviogioia.lavocedelpaese.info\/index.php?rest_route=\/wp\/v2\/posts\/720\/revisions"}],"wp:featuredmedia":[{"embeddable":true,"href":"https:\/\/archiviogioia.lavocedelpaese.info\/index.php?rest_route=\/wp\/v2\/media\/716"}],"wp:attachment":[{"href":"https:\/\/archiviogioia.lavocedelpaese.info\/index.php?rest_route=%2Fwp%2Fv2%2Fmedia&parent=720"}],"wp:term":[{"taxonomy":"category","embeddable":true,"href":"https:\/\/archiviogioia.lavocedelpaese.info\/index.php?rest_route=%2Fwp%2Fv2%2Fcategories&post=720"},{"taxonomy":"post_tag","embeddable":true,"href":"https:\/\/archiviogioia.lavocedelpaese.info\/index.php?rest_route=%2Fwp%2Fv2%2Ftags&post=720"}],"curies":[{"name":"wp","href":"https:\/\/api.w.org\/{rel}","templated":true}]}}