{"id":7314,"date":"2011-01-14T06:20:01","date_gmt":"2011-01-14T06:20:01","guid":{"rendered":"https:\/\/archiviogioia.lavocedelpaese.info\/?p=7314"},"modified":"2011-01-14T06:20:01","modified_gmt":"2011-01-14T06:20:01","slug":"giulia-carcasi-tutto-torna-passato-presente-e-futuro","status":"publish","type":"post","link":"https:\/\/archiviogioia.lavocedelpaese.info\/?p=7314","title":{"rendered":"GIULIA CARCASI, \u201cTUTTO TORNA\u201d, PASSATO, PRESENTE E FUTURO"},"content":{"rendered":"<p><img loading=\"lazy\" decoding=\"async\" class=\" size-full wp-image-7310\" alt=\"giulia-carcasi\" src=\"https:\/\/archiviogioia.lavocedelpaese.info\/wp-content\/uploads\/2011\/01\/giulia-carcasi.jpg\" width=\"320\" height=\"150\" srcset=\"https:\/\/archiviogioia.lavocedelpaese.info\/wp-content\/uploads\/2011\/01\/giulia-carcasi.jpg 320w, https:\/\/archiviogioia.lavocedelpaese.info\/wp-content\/uploads\/2011\/01\/giulia-carcasi-300x141.jpg 300w\" sizes=\"auto, (max-width: 320px) 100vw, 320px\" \/> <\/p>\n<p><!--more--><\/p>\n<div style=\"text-align: justify;\"><\/div>\n<p style=\"text-align: justify;\"><strong><img loading=\"lazy\" decoding=\"async\" class=\" alignleft size-full wp-image-7311\" style=\"margin: 4px; float: left;\" alt=\"giulia_carcasi.jpg2\" src=\"https:\/\/archiviogioia.lavocedelpaese.info\/wp-content\/uploads\/2011\/01\/giulia_carcasi.jpg2_.jpg\" width=\"150\" height=\"184\" \/>L\u2019Istituto<\/strong> d\u2019Istruzione Superiore Statale \u201c<strong>R. Canudo<\/strong>\u201d e la \u2018<strong>Libreria Stella<\/strong>\u2019 di Acquaviva delle Fonti (Ba), <strong>nell\u2019ambito del<\/strong> <strong>progetto \u2018Scuola e Territorio\u2019<\/strong>, <strong>organizzano<\/strong> <strong>l\u2019incontro con l\u2019autrice di<\/strong> \u2018<strong>Tutto torna<\/strong>\u2019 <strong>Giulia Carcasi<\/strong>.<\/p>\n<div style=\"text-align: justify;\"><\/div>\n<p style=\"text-align: justify;\"><strong>La giovane autrice incontrer\u00e0 gli studenti, gli insegnanti<\/strong>, la comunit\u00e0 tutta presso l\u2019Aula Magna del Liceo Classico <strong>il 19 gennaio alle ore 18,30<\/strong>.<\/p>\n<div style=\"text-align: justify;\"><\/div>\n<p style=\"text-align: justify;\"><strong><img loading=\"lazy\" decoding=\"async\" class=\" alignright size-full wp-image-7312\" style=\"margin: 4px; float: right;\" alt=\"MANIFESTO\" src=\"https:\/\/archiviogioia.lavocedelpaese.info\/wp-content\/uploads\/2011\/01\/MANIFESTO.jpg\" width=\"232\" height=\"329\" srcset=\"https:\/\/archiviogioia.lavocedelpaese.info\/wp-content\/uploads\/2011\/01\/MANIFESTO.jpg 417w, https:\/\/archiviogioia.lavocedelpaese.info\/wp-content\/uploads\/2011\/01\/MANIFESTO-212x300.jpg 212w\" sizes=\"auto, (max-width: 232px) 100vw, 232px\" \/>&#8220;Tutto torna&#8221;<\/strong> di Giulia Carcasi <strong>\u00e8 un romanzo<\/strong> sull\u2019incontro fra Antonia e Diego <strong>caratterizzato da una narrazione che intreccia passato, presente e futuro, amore e solitudine<\/strong>, un romanzo dalla prosa tenera e dolce ma capace di suscitare emozioni profonde.<\/p>\n<div style=\"text-align: justify;\"><\/div>\n<p style=\"text-align: justify;\"><strong>Diego registra la realt\u00e0, cerca il senso, esercita la sua anima a riconoscere ogni cosa con il suo nome specifico<\/strong>. <strong>Imposta tutta la sua vita sull\u2019ordine, la razionalit\u00e0<\/strong>. La sua, tuttavia \u00e8 una razionalit\u00e0 instabile perch\u00e9 le parole non sembrano mai riuscire a definire in modo esatto le emozioni che, insieme ai sentimenti, sfuggono da ogni logica e da ogni tentativo di razionalizzazione.<\/p>\n<div style=\"text-align: justify;\"><\/div>\n<p style=\"text-align: justify;\"><strong>Quando incontra Antonia<\/strong>, Diego <strong>impara che le parole possono riempirsi magicamente di significato<\/strong> perch\u00e9 si \u00e8 in due. Diego capisce <strong>che forse \u00e8 arrivato il momento di<\/strong> lasciar perdere la razionalit\u00e0 e <strong>buttarsi realmente nella vita<\/strong>.<\/p>\n<div style=\"text-align: justify;\"><\/div>\n<p style=\"text-align: justify;\"><strong><img loading=\"lazy\" decoding=\"async\" class=\" alignleft size-full wp-image-7313\" style=\"margin: 4px; float: left;\" alt=\"167378_184259251597747_100000410206121_568839_472902_n\" src=\"https:\/\/archiviogioia.lavocedelpaese.info\/wp-content\/uploads\/2011\/01\/167378_184259251597747_100000410206121_568839_472902_n.jpg\" width=\"200\" height=\"150\" srcset=\"https:\/\/archiviogioia.lavocedelpaese.info\/wp-content\/uploads\/2011\/01\/167378_184259251597747_100000410206121_568839_472902_n.jpg 720w, https:\/\/archiviogioia.lavocedelpaese.info\/wp-content\/uploads\/2011\/01\/167378_184259251597747_100000410206121_568839_472902_n-300x225.jpg 300w\" sizes=\"auto, (max-width: 200px) 100vw, 200px\" \/>Diego scopre che Antonia, come spesso si dice, sembra ci sia sempre stata<\/strong>, vuole vedere l\u2019esatta e irripetibile identit\u00e0 che c\u2019\u00e8 dietro un nome proprio e non sa vedere quel che \u00e8 storto, impreciso. <strong>Non vede quel che di Antonia \u00e8 menzogna e quello che \u00e8 verit\u00e0<\/strong>.<\/p>\n<div style=\"text-align: justify;\"><\/div>\n<p style=\"text-align: justify;\"><strong>La storia d\u2019amore scivola verso un doppio svelamento<\/strong> e Diego comprende come sia vero che <strong>il passato condiziona il futuro, ma<\/strong> che \u201cvale anche il contrario: <strong>il futuro riscrive il passato<\/strong>, come l\u2019ultima pagina di un romanzo trasfigura tutto quello che \u00e8 stato letto\u201d.<\/p>\n<div style=\"text-align: justify;\"><\/div>\n<p style=\"text-align: justify;\"><strong>Eppure neanche in questo caso le cose vanno a posto, non tornano<\/strong>.<\/p>\n<p><object data=\"http:\/\/www.youtube.com\/v\/bpItDmJduvM?fs=1&amp;hl=it_IT&amp;color1=0xcc2550&amp;color2=0xe87a9f\" type=\"application\/x-shockwave-flash\" height=\"505\" width=\"640\"><param name=\"allowfullscreen\" value=\"true\" \/><param name=\"allowscriptaccess\" value=\"always\" \/><param name=\"src\" value=\"http:\/\/www.youtube.com\/v\/bpItDmJduvM?fs=1&amp;hl=it_IT&amp;color1=0xcc2550&amp;color2=0xe87a9f\" \/><\/object><br \/>\n<object data=\"http:\/\/www.youtube.com\/v\/dSHPmiOLD84?fs=1&amp;hl=it_IT&amp;color1=0xcc2550&amp;color2=0xe87a9f\" type=\"application\/x-shockwave-flash\" height=\"385\" width=\"480\"><param name=\"allowfullscreen\" value=\"true\" \/><param name=\"allowscriptaccess\" value=\"always\" \/><param name=\"src\" value=\"http:\/\/www.youtube.com\/v\/dSHPmiOLD84?fs=1&amp;hl=it_IT&amp;color1=0xcc2550&amp;color2=0xe87a9f\" \/><\/object><\/p>\n","protected":false},"excerpt":{"rendered":"","protected":false},"author":1,"featured_media":7310,"comment_status":"open","ping_status":"closed","sticky":false,"template":"","format":"standard","meta":{"colormag_page_container_layout":"default_layout","colormag_page_sidebar_layout":"default_layout","footnotes":""},"categories":[6],"tags":[],"class_list":["post-7314","post","type-post","status-publish","format-standard","has-post-thumbnail","hentry","category-cultura"],"_links":{"self":[{"href":"https:\/\/archiviogioia.lavocedelpaese.info\/index.php?rest_route=\/wp\/v2\/posts\/7314","targetHints":{"allow":["GET"]}}],"collection":[{"href":"https:\/\/archiviogioia.lavocedelpaese.info\/index.php?rest_route=\/wp\/v2\/posts"}],"about":[{"href":"https:\/\/archiviogioia.lavocedelpaese.info\/index.php?rest_route=\/wp\/v2\/types\/post"}],"author":[{"embeddable":true,"href":"https:\/\/archiviogioia.lavocedelpaese.info\/index.php?rest_route=\/wp\/v2\/users\/1"}],"replies":[{"embeddable":true,"href":"https:\/\/archiviogioia.lavocedelpaese.info\/index.php?rest_route=%2Fwp%2Fv2%2Fcomments&post=7314"}],"version-history":[{"count":0,"href":"https:\/\/archiviogioia.lavocedelpaese.info\/index.php?rest_route=\/wp\/v2\/posts\/7314\/revisions"}],"wp:featuredmedia":[{"embeddable":true,"href":"https:\/\/archiviogioia.lavocedelpaese.info\/index.php?rest_route=\/wp\/v2\/media\/7310"}],"wp:attachment":[{"href":"https:\/\/archiviogioia.lavocedelpaese.info\/index.php?rest_route=%2Fwp%2Fv2%2Fmedia&parent=7314"}],"wp:term":[{"taxonomy":"category","embeddable":true,"href":"https:\/\/archiviogioia.lavocedelpaese.info\/index.php?rest_route=%2Fwp%2Fv2%2Fcategories&post=7314"},{"taxonomy":"post_tag","embeddable":true,"href":"https:\/\/archiviogioia.lavocedelpaese.info\/index.php?rest_route=%2Fwp%2Fv2%2Ftags&post=7314"}],"curies":[{"name":"wp","href":"https:\/\/api.w.org\/{rel}","templated":true}]}}