{"id":7613,"date":"2011-01-30T07:35:33","date_gmt":"2011-01-30T07:35:33","guid":{"rendered":"https:\/\/archiviogioia.lavocedelpaese.info\/?p=7613"},"modified":"2011-01-30T07:35:33","modified_gmt":"2011-01-30T07:35:33","slug":"costo-mensa-aumenta-senza-avviso-genitori-furiosi","status":"publish","type":"post","link":"https:\/\/archiviogioia.lavocedelpaese.info\/?p=7613","title":{"rendered":"COSTO MENSA AUMENTA SENZA AVVISO, GENITORI FURIOSI"},"content":{"rendered":"<p><img loading=\"lazy\" decoding=\"async\" class=\" size-full wp-image-7610\" alt=\"mensa-scolastica2-pp\" src=\"https:\/\/archiviogioia.lavocedelpaese.info\/wp-content\/uploads\/2011\/01\/mensa-scolastica2-pp.jpg\" width=\"320\" height=\"150\" srcset=\"https:\/\/archiviogioia.lavocedelpaese.info\/wp-content\/uploads\/2011\/01\/mensa-scolastica2-pp.jpg 640w, https:\/\/archiviogioia.lavocedelpaese.info\/wp-content\/uploads\/2011\/01\/mensa-scolastica2-pp-300x141.jpg 300w\" sizes=\"auto, (max-width: 320px) 100vw, 320px\" \/> <\/p>\n<p><!--more--><\/p>\n<p style=\"text-align: justify;\"><img loading=\"lazy\" decoding=\"async\" class=\" alignleft size-full wp-image-7611\" style=\"margin: 4px; float: left;\" alt=\"mensa-scolastica\" src=\"https:\/\/archiviogioia.lavocedelpaese.info\/wp-content\/uploads\/2011\/01\/mensa-scolastica.jpg\" width=\"200\" height=\"137\" \/>\u201c<strong>Intollerante l&#8217;aumento della mensa, intollerante l&#8217;applicazione retroattiva al 1\u00b0 gennaio<\/strong> senza aver avvisato prima le famiglie, intollerante che <strong>prima di Natale non c\u2019erano pi\u00f9 buoni perch\u00e9 qualche &#8220;dritto&#8221; ne aveva fatto scorta<\/strong>, intollerante che il dirigente non sappia dare spiegazioni, <strong>intollerante ed oscena questa politica del populismo<\/strong>&#8230;\u201d.<\/p>\n<div style=\"text-align: justify;\"><\/div>\n<p style=\"text-align: justify;\"><strong>E\u2019 questo lo sfogo legittimo di una madre gioiese<\/strong> <strong>che<\/strong>, dall\u2019oggi al domani (complice una gestione \u201capprossimativa\u201d dell\u2019attuale esecutivo <img loading=\"lazy\" decoding=\"async\" class=\" alignright size-full wp-image-2735\" style=\"margin: 4px; float: right;\" alt=\"piero_longo\" src=\"https:\/\/archiviogioia.lavocedelpaese.info\/wp-content\/uploads\/2010\/06\/piero_longo.jpg\" width=\"140\" height=\"167\" \/>guidato da <strong>Piero Longo<\/strong>), <strong>si trova ad affrontare un aumento del ticket mensa<\/strong>, <strong>senza ricevere spiegazioni<\/strong> in merito n\u00e9 dal dirigente dei Servizi Sociali o dai dirigenti scolastici, n\u00e9 dalla politica, probabilmente affaccendata in tutt\u2019altre imprese.<\/p>\n<div style=\"text-align: justify;\"><\/div>\n<p style=\"text-align: justify;\">Magari, considerato il periodo carnascialesco, nel <strong>travestirsi da struzzo per cercare di mandare gi\u00f9, senza gustarli, i bocconi amari preparati e donati dagli stessi alleati<\/strong>. O da coccodrillo <strong>per giustificare le tardive lacrime, da coccodrillo <\/strong>per l\u2019appunto, comparse sotto forma di rotazione delle deleghe, <strong>necessa<\/strong><img loading=\"lazy\" decoding=\"async\" class=\" alignleft size-full wp-image-5787\" style=\"margin: 4px; float: left;\" alt=\"municipio-ingresso\" src=\"https:\/\/archiviogioia.lavocedelpaese.info\/wp-content\/uploads\/2010\/11\/municipio-ingresso.jpg\" width=\"154\" height=\"206\" srcset=\"https:\/\/archiviogioia.lavocedelpaese.info\/wp-content\/uploads\/2010\/11\/municipio-ingresso.jpg 272w, https:\/\/archiviogioia.lavocedelpaese.info\/wp-content\/uploads\/2010\/11\/municipio-ingresso-225x300.jpg 225w\" sizes=\"auto, (max-width: 154px) 100vw, 154px\" \/><strong>rie<\/strong> <strong>per<\/strong> <strong>tentare di recuperare i pezzi persi per strada<\/strong>.<\/p>\n<div style=\"text-align: justify;\"><\/div>\n<p style=\"text-align: justify;\">Intanto, <strong>mentre le famiglie si trovano a fare i conti<\/strong> con gli esorbitanti aumenti della mensa scolastica e quant\u2019altro, <strong>si continua a tollerare il rivolo inarrestabile di spese che l\u2019attuale amministrazione stenta ad arrestare<\/strong>. Tant\u2019\u00e8 che rende inutile e qualunquistico il grido di dolore arrivato dall\u2019esecutivo gioiese, per gli ipotetici trasferimenti in meno da parte del Governo.<\/p>\n<div style=\"text-align: justify;\"><\/div>\n<p style=\"text-align: justify;\">Gi\u00e0, un Governo, di colore identico a quello che amministra Palazzo S. Domenico, <strong>che ha sempre sbandierato ai quattro venti di non voler mettere le mani nelle tasche dei cittadini<\/strong>. Proposito eluso totalmente, poich\u00e9 sia <st1:personname productid=\"la giunta Longo\" w:st=\"on\"><strong>la giunta Longo<\/strong><\/st1:personname><strong> a Gioia<\/strong> (ad iniziare dall\u2019addizionale IRPEF), che il Governo, <strong>le mani nelle tasche dei cittadini le stanno mettendo<\/strong>, anzi possiamo dire gliele hanno bucate.<img loading=\"lazy\" decoding=\"async\" class=\" alignright size-full wp-image-3220\" style=\"margin: 4px; float: right;\" alt=\"soldi\" src=\"https:\/\/archiviogioia.lavocedelpaese.info\/wp-content\/uploads\/2010\/07\/soldi.jpg\" width=\"232\" height=\"108\" srcset=\"https:\/\/archiviogioia.lavocedelpaese.info\/wp-content\/uploads\/2010\/07\/soldi.jpg 640w, https:\/\/archiviogioia.lavocedelpaese.info\/wp-content\/uploads\/2010\/07\/soldi-300x141.jpg 300w\" sizes=\"auto, (max-width: 232px) 100vw, 232px\" \/><\/p>\n<div style=\"text-align: justify;\"><\/div>\n<p style=\"text-align: justify;\">Infatti, <strong>per una famiglia con due bimbi<\/strong> (genitori lavoratori\u00a0 entrambi e non ricchi) iscritti alla scuola primaria, <strong>il servizio mensa passa dagli attuali 55 euro mensili<\/strong> <strong>per bimbo al mese, a 75 euro<\/strong>. In pratica <strong>un aumento che si aggira intorno al 40%<\/strong>.<\/p>\n<div style=\"text-align: justify;\"><\/div>\n<p style=\"text-align: justify;\"><img loading=\"lazy\" decoding=\"async\" class=\" alignleft size-full wp-image-6617\" style=\"margin: 4px; float: left;\" alt=\"sante-celiberti\" src=\"https:\/\/archiviogioia.lavocedelpaese.info\/wp-content\/uploads\/2010\/12\/sante-celiberti.jpg\" width=\"250\" height=\"211\" srcset=\"https:\/\/archiviogioia.lavocedelpaese.info\/wp-content\/uploads\/2010\/12\/sante-celiberti.jpg 413w, https:\/\/archiviogioia.lavocedelpaese.info\/wp-content\/uploads\/2010\/12\/sante-celiberti-300x253.jpg 300w\" sizes=\"auto, (max-width: 250px) 100vw, 250px\" \/>Ed a quella delle mense scolastiche e del nido <strong>si aggiunger\u00e0 la TARSU<\/strong>, che secondo le notizie <strong>che<\/strong> arrivano dal Palazzo <strong>subir\u00e0 un incremento del 16%<\/strong>.<\/p>\n<div style=\"text-align: justify;\"><\/div>\n<p style=\"text-align: justify;\">E tornando alla dichiarazione d\u2019apertura, <strong>fa specie che un\u2019amministrazione attenta alla comunicazione non abbia ritenuto opportuno informare <st1:personname productid=\"la citt\u00e0. Ma\" w:st=\"on\">la citt\u00e0. Ma<\/st1:personname> qui, e non vuol essere una giustificazione, probabilmente l\u2019esecutivo ha voluto da subito mettere in atto quello che \u00e8 il diktat dell\u2019assessore al bilancio, ridurre cio\u00e8 da subito le spese della comunicazione del 50%.<\/strong><\/p>\n<div style=\"text-align: justify;\"><\/div>\n<p style=\"text-align: justify;\"><strong>Ma come spiegare alla gente<\/strong>, e ai genitori non vicini al \u201csole\u201d <strong>che<\/strong>, si dice, ci sono stati<strong> i soliti furbetti del <img loading=\"lazy\" decoding=\"async\" class=\" alignright size-full wp-image-7612\" style=\"margin: 4px; float: right;\" alt=\"mensa_bambini_a_tavola\" src=\"https:\/\/archiviogioia.lavocedelpaese.info\/wp-content\/uploads\/2011\/01\/mensa_bambini_a_tavola.jpg\" width=\"200\" height=\"147\" \/>quartierino<\/strong> che gi\u00e0 prima di Natale <strong>avevano fatto incetta di buoni pasto<\/strong> (si parla di 400 tessere sparite in un solo giorno), <strong>onde evitare la graticola degli aumenti?<\/strong> E se questo fosse vero, potrebbe o no <strong>interessare la Procura<\/strong>? <strong>Ma la cosa pi\u00f9 preoccupante \u00e8 che l\u2019aumento sar\u00e0 retroattivo<\/strong>.<\/p>\n<div style=\"text-align: justify;\"><\/div>\n<p style=\"text-align: justify;\">Intanto, <strong>dopo il caos di fine d\u2019anno sulle 400 tessere sparite, c\u2019\u00e8 stato un ritorno all\u2019antico<\/strong>, si possono ritirare dai Servizi Sociali i buoni pasto, pagandoli al vecchio prezzo, almeno fino a quando il provvedimento non passer\u00e0 dal consiglio comunale. Anche se su questa soluzione pesa un avviso che campeggia nella bacheca dell\u2019Assessorato ai Servizi Sociali, dal quale si evince che il <img loading=\"lazy\" decoding=\"async\" class=\" alignleft size-full wp-image-2732\" style=\"margin: 4px; float: left;\" alt=\"tommaso_bradascio\" src=\"https:\/\/archiviogioia.lavocedelpaese.info\/wp-content\/uploads\/2010\/06\/tommaso_bradascio.jpg\" width=\"115\" height=\"154\" srcset=\"https:\/\/archiviogioia.lavocedelpaese.info\/wp-content\/uploads\/2010\/06\/tommaso_bradascio.jpg 1200w, https:\/\/archiviogioia.lavocedelpaese.info\/wp-content\/uploads\/2010\/06\/tommaso_bradascio-225x300.jpg 225w, https:\/\/archiviogioia.lavocedelpaese.info\/wp-content\/uploads\/2010\/06\/tommaso_bradascio-768x1024.jpg 768w, https:\/\/archiviogioia.lavocedelpaese.info\/wp-content\/uploads\/2010\/06\/tommaso_bradascio-1152x1536.jpg 1152w\" sizes=\"auto, (max-width: 115px) 100vw, 115px\" \/>Comune si riserva di introitare un\u2019integrazione a partire dall\u2019inizio dell\u2019anno.<\/p>\n<div style=\"text-align: justify;\"><\/div>\n<p style=\"text-align: justify;\"><strong>E se i dirigenti scolastici non parlano<\/strong>, <strong>il silenzio non l\u2019osserva il presidente della III Commissione consiliare Tommaso Bradascio<\/strong>,<strong> <\/strong>il quale dopo aver stigmatizzato il modo in cui la maggioranza ha gestito questa faccenda, <strong>ha<\/strong> s\u00ec <strong>precisato<\/strong> <strong>che quello della retroattivit\u00e0 \u00e8 un iter tecnicamente percorribile: \u201cMa fortemente discutibile sotto l\u2019aspetto politico<\/strong> \u2013 dichiara \u2013 perch\u00e9 cos\u00ec facendo <strong>si impone alle famiglie un surplus di spesa per servizi gi\u00e0 usufruiti e pagati<\/strong>. In pratica, una questione di stile e di buon senso\u201d.<\/p>\n","protected":false},"excerpt":{"rendered":"","protected":false},"author":1,"featured_media":7610,"comment_status":"open","ping_status":"closed","sticky":false,"template":"","format":"standard","meta":{"colormag_page_container_layout":"default_layout","colormag_page_sidebar_layout":"default_layout","footnotes":""},"categories":[4],"tags":[],"class_list":["post-7613","post","type-post","status-publish","format-standard","has-post-thumbnail","hentry","category-politica"],"_links":{"self":[{"href":"https:\/\/archiviogioia.lavocedelpaese.info\/index.php?rest_route=\/wp\/v2\/posts\/7613","targetHints":{"allow":["GET"]}}],"collection":[{"href":"https:\/\/archiviogioia.lavocedelpaese.info\/index.php?rest_route=\/wp\/v2\/posts"}],"about":[{"href":"https:\/\/archiviogioia.lavocedelpaese.info\/index.php?rest_route=\/wp\/v2\/types\/post"}],"author":[{"embeddable":true,"href":"https:\/\/archiviogioia.lavocedelpaese.info\/index.php?rest_route=\/wp\/v2\/users\/1"}],"replies":[{"embeddable":true,"href":"https:\/\/archiviogioia.lavocedelpaese.info\/index.php?rest_route=%2Fwp%2Fv2%2Fcomments&post=7613"}],"version-history":[{"count":0,"href":"https:\/\/archiviogioia.lavocedelpaese.info\/index.php?rest_route=\/wp\/v2\/posts\/7613\/revisions"}],"wp:featuredmedia":[{"embeddable":true,"href":"https:\/\/archiviogioia.lavocedelpaese.info\/index.php?rest_route=\/wp\/v2\/media\/7610"}],"wp:attachment":[{"href":"https:\/\/archiviogioia.lavocedelpaese.info\/index.php?rest_route=%2Fwp%2Fv2%2Fmedia&parent=7613"}],"wp:term":[{"taxonomy":"category","embeddable":true,"href":"https:\/\/archiviogioia.lavocedelpaese.info\/index.php?rest_route=%2Fwp%2Fv2%2Fcategories&post=7613"},{"taxonomy":"post_tag","embeddable":true,"href":"https:\/\/archiviogioia.lavocedelpaese.info\/index.php?rest_route=%2Fwp%2Fv2%2Ftags&post=7613"}],"curies":[{"name":"wp","href":"https:\/\/api.w.org\/{rel}","templated":true}]}}