{"id":790,"date":"2010-03-10T09:29:00","date_gmt":"2010-03-10T09:29:00","guid":{"rendered":"https:\/\/archiviogioia.lavocedelpaese.info\/?p=790"},"modified":"2010-03-10T09:29:00","modified_gmt":"2010-03-10T09:29:00","slug":"ennesima-tragedia-sfiorata-in-un-asilo-com","status":"publish","type":"post","link":"https:\/\/archiviogioia.lavocedelpaese.info\/?p=790","title":{"rendered":"ENNESIMA TRAGEDIA SFIORATA IN UN ASILO COMUNALE"},"content":{"rendered":"<p><img loading=\"lazy\" decoding=\"async\" class=\" size-full wp-image-787\" alt=\"ALBERO\" src=\"https:\/\/archiviogioia.lavocedelpaese.info\/wp-content\/uploads\/2010\/03\/ALBERO.jpg\" width=\"320\" height=\"150\" srcset=\"https:\/\/archiviogioia.lavocedelpaese.info\/wp-content\/uploads\/2010\/03\/ALBERO.jpg 640w, https:\/\/archiviogioia.lavocedelpaese.info\/wp-content\/uploads\/2010\/03\/ALBERO-300x141.jpg 300w\" sizes=\"auto, (max-width: 320px) 100vw, 320px\" \/> <\/p>\n<p><!--more--><\/p>\n<p style=\"text-align: justify;\"><strong><img loading=\"lazy\" decoding=\"async\" class=\" alignleft size-full wp-image-788\" style=\"margin: 4px; float: left;\" alt=\"100_3232\" src=\"https:\/\/archiviogioia.lavocedelpaese.info\/wp-content\/uploads\/2010\/03\/100_3232.jpg\" width=\"300\" height=\"225\" srcset=\"https:\/\/archiviogioia.lavocedelpaese.info\/wp-content\/uploads\/2010\/03\/100_3232.jpg 1664w, https:\/\/archiviogioia.lavocedelpaese.info\/wp-content\/uploads\/2010\/03\/100_3232-300x225.jpg 300w, https:\/\/archiviogioia.lavocedelpaese.info\/wp-content\/uploads\/2010\/03\/100_3232-1024x768.jpg 1024w, https:\/\/archiviogioia.lavocedelpaese.info\/wp-content\/uploads\/2010\/03\/100_3232-768x576.jpg 768w, https:\/\/archiviogioia.lavocedelpaese.info\/wp-content\/uploads\/2010\/03\/100_3232-1536x1152.jpg 1536w\" sizes=\"auto, (max-width: 300px) 100vw, 300px\" \/>Cade un albero di pino ed \u00e8 panico nell\u2019asilo comunale di via Salvator Rosa.<\/strong><\/p>\n<div style=\"text-align: justify;\"><\/div>\n<p style=\"text-align: justify;\"><strong>L\u2019ennesima pianta che a causa del forte vento si abbatte al suolo<\/strong>, proprio davanti all\u2019ingresso interno dell\u2019asilo, mettendo seriamente a rischio l\u2019incolumit\u00e0 degli abituali e numerosi frequentatori della struttura, soprattutto bambini, genitori e personale.<\/p>\n<div style=\"text-align: justify;\"><\/div>\n<p style=\"text-align: justify;\"><strong>Nonostante la pioggia battente<\/strong>, sul posto sono prontamente intervenuti gli operai addetti alla manutenzione del verde della Spes che, armati di seghe elettriche e accette, hanno iniziato le operazioni necessarie per rimuovere il grosso albero e sgombrare il viale che porta all\u2019interno dell\u2019asilo bloccato dalla caduta della pianta.<\/p>\n<div style=\"text-align: justify;\"><\/div>\n<p style=\"text-align: justify;\"><strong>Fortunatamente anche questa volta<\/strong> non ci sono stati danni alle persone ma sia i genitori che i dipendenti iniziano seriamente a preoccuparsi per il continuo manifestarsi di simili eventi.<\/p>\n<div style=\"text-align: justify;\"><\/div>\n<p style=\"text-align: justify;\"><strong>La domanda che ricorre di bocca in bocca<\/strong> \u00e8: \u201c\u2026e se fosse successo questa mattina, o durante la giornata, cosa sarebbe successo\u201d?<\/p>\n<div style=\"text-align: justify;\"><\/div>\n<p style=\"text-align: justify;\"><strong>In tanti, per scaramanzia, non osano neanche immaginarlo<\/strong>, ma il dubbio permane. Un dubbio che alimenta la loro ira nei confronti degli organi competenti che, sempre a loro dire, \u201ccontinuano a sottovalutare questo problema e non prendono seri provvedimenti atti ad eliminarlo definitivamente\u201d.<\/p>\n<div style=\"text-align: justify;\"><\/div>\n<p style=\"text-align: justify;\"><strong><img loading=\"lazy\" decoding=\"async\" class=\" alignright size-full wp-image-789\" style=\"margin: 4px; float: right;\" alt=\"100_3237\" src=\"https:\/\/archiviogioia.lavocedelpaese.info\/wp-content\/uploads\/2010\/03\/100_3237.jpg\" width=\"300\" height=\"225\" srcset=\"https:\/\/archiviogioia.lavocedelpaese.info\/wp-content\/uploads\/2010\/03\/100_3237.jpg 1664w, https:\/\/archiviogioia.lavocedelpaese.info\/wp-content\/uploads\/2010\/03\/100_3237-300x225.jpg 300w, https:\/\/archiviogioia.lavocedelpaese.info\/wp-content\/uploads\/2010\/03\/100_3237-1024x768.jpg 1024w, https:\/\/archiviogioia.lavocedelpaese.info\/wp-content\/uploads\/2010\/03\/100_3237-768x576.jpg 768w, https:\/\/archiviogioia.lavocedelpaese.info\/wp-content\/uploads\/2010\/03\/100_3237-1536x1152.jpg 1536w\" sizes=\"auto, (max-width: 300px) 100vw, 300px\" \/>Eppure, considerando la frequenza con cui gli stessi episodi si manifestano<\/strong>, anche in altre strutture pubbliche, al primo impetuoso soffiare del vento, come accaduto recentemente nella scuola materna di <strong>Via Amendola<\/strong>, molti di loro sono pi\u00f9 che mai convinti che \u201cquesto problema doveva essere risolto gi\u00e0 da tempo, avere la precedenza assoluta, perch\u00e9 \u00e8 a rischio l\u2019incolumit\u00e0 pubblica, mentre si ha l\u2019impressione che continuino a tergiversare, quasi in attesa dell\u2019imponderabile, per poter agire\u201d!<\/p>\n<div style=\"text-align: justify;\"><\/div>\n<p style=\"text-align: justify;\"><strong>E proprio in occasione del dramma sfiorato<\/strong> nella scuola materna di via Amendola anche noi avevamo <strong>dato un suggerimento<\/strong>, ma, a quanto sembra, rimasto inascoltato, come le proteste di tanti genitori. Fino a quando?<\/p>\n<p><a href=\"notizie\/cronaca\/796-dramma-sfiorato-nella-scuola-materna-sf-neri.html?phpMyAdmin=3709c1a886e8ab83fb5c14a831db6b3f\">http:\/\/www.gioianet.it\/notizie\/cronaca\/796-dramma-sfiorato-nella-scuola-materna-sf-neri.html<\/a><\/p>\n<p>Visita http:\/\/picasaweb.google.it\/redazionegioianet\/  2010\/albero asilo{\/gallery}<\/p>\n","protected":false},"excerpt":{"rendered":"","protected":false},"author":1,"featured_media":787,"comment_status":"open","ping_status":"closed","sticky":false,"template":"","format":"standard","meta":{"colormag_page_container_layout":"default_layout","colormag_page_sidebar_layout":"default_layout","footnotes":""},"categories":[8],"tags":[],"class_list":["post-790","post","type-post","status-publish","format-standard","has-post-thumbnail","hentry","category-cronaca"],"_links":{"self":[{"href":"https:\/\/archiviogioia.lavocedelpaese.info\/index.php?rest_route=\/wp\/v2\/posts\/790","targetHints":{"allow":["GET"]}}],"collection":[{"href":"https:\/\/archiviogioia.lavocedelpaese.info\/index.php?rest_route=\/wp\/v2\/posts"}],"about":[{"href":"https:\/\/archiviogioia.lavocedelpaese.info\/index.php?rest_route=\/wp\/v2\/types\/post"}],"author":[{"embeddable":true,"href":"https:\/\/archiviogioia.lavocedelpaese.info\/index.php?rest_route=\/wp\/v2\/users\/1"}],"replies":[{"embeddable":true,"href":"https:\/\/archiviogioia.lavocedelpaese.info\/index.php?rest_route=%2Fwp%2Fv2%2Fcomments&post=790"}],"version-history":[{"count":0,"href":"https:\/\/archiviogioia.lavocedelpaese.info\/index.php?rest_route=\/wp\/v2\/posts\/790\/revisions"}],"wp:featuredmedia":[{"embeddable":true,"href":"https:\/\/archiviogioia.lavocedelpaese.info\/index.php?rest_route=\/wp\/v2\/media\/787"}],"wp:attachment":[{"href":"https:\/\/archiviogioia.lavocedelpaese.info\/index.php?rest_route=%2Fwp%2Fv2%2Fmedia&parent=790"}],"wp:term":[{"taxonomy":"category","embeddable":true,"href":"https:\/\/archiviogioia.lavocedelpaese.info\/index.php?rest_route=%2Fwp%2Fv2%2Fcategories&post=790"},{"taxonomy":"post_tag","embeddable":true,"href":"https:\/\/archiviogioia.lavocedelpaese.info\/index.php?rest_route=%2Fwp%2Fv2%2Ftags&post=790"}],"curies":[{"name":"wp","href":"https:\/\/api.w.org\/{rel}","templated":true}]}}