{"id":7939,"date":"2011-02-15T06:25:50","date_gmt":"2011-02-15T06:25:50","guid":{"rendered":"https:\/\/archiviogioia.lavocedelpaese.info\/?p=7939"},"modified":"2011-02-15T06:25:50","modified_gmt":"2011-02-15T06:25:50","slug":"teatro-rossini-recital-pianistico-di-marco-ciampi","status":"publish","type":"post","link":"https:\/\/archiviogioia.lavocedelpaese.info\/?p=7939","title":{"rendered":"TEATRO ROSSINI: RECITAL PIANISTICO DI MARCO CIAMPI"},"content":{"rendered":"<p><img loading=\"lazy\" decoding=\"async\" class=\" size-full wp-image-7935\" alt=\"marco-ciampi-pianoforte-pp\" src=\"https:\/\/archiviogioia.lavocedelpaese.info\/wp-content\/uploads\/2011\/02\/marco-ciampi-pianoforte-pp.jpg\" width=\"320\" height=\"150\" srcset=\"https:\/\/archiviogioia.lavocedelpaese.info\/wp-content\/uploads\/2011\/02\/marco-ciampi-pianoforte-pp.jpg 320w, https:\/\/archiviogioia.lavocedelpaese.info\/wp-content\/uploads\/2011\/02\/marco-ciampi-pianoforte-pp-300x141.jpg 300w\" sizes=\"auto, (max-width: 320px) 100vw, 320px\" \/> <\/p>\n<p><!--more--><\/p>\n<p style=\"text-align: justify;\"><strong><img loading=\"lazy\" decoding=\"async\" class=\" alignright size-full wp-image-7936\" style=\"margin: 4px; float: right;\" alt=\"pubbCiampi\" src=\"https:\/\/archiviogioia.lavocedelpaese.info\/wp-content\/uploads\/2011\/02\/pubbCiampi.png\" width=\"300\" height=\"398\" srcset=\"https:\/\/archiviogioia.lavocedelpaese.info\/wp-content\/uploads\/2011\/02\/pubbCiampi.png 700w, https:\/\/archiviogioia.lavocedelpaese.info\/wp-content\/uploads\/2011\/02\/pubbCiampi-226x300.png 226w\" sizes=\"auto, (max-width: 300px) 100vw, 300px\" \/>Terzo appuntamento d\u2019eccellenza per la VII Edizione di Legature<\/strong>, prestigiosa rassegna di musica classica organizzata dall\u2019Associazione Musicale \u201cDaniele Lobefaro\u201d in collaborazione con il Comune di Gioia del Colle e con la <strong>direzione artistica<\/strong> della dr.ssa <strong>Paola Sorrentino<\/strong>.<\/p>\n<div style=\"text-align: justify;\"><\/div>\n<p style=\"text-align: justify;\"><strong>Venerd\u00ec 18 febbraio<\/strong>, <strong>Teatro Rossini<\/strong>, ore 19.00, <strong>si esibir\u00e0 il pianista Marco Ciampi<\/strong> che eseguir\u00e0 musiche di Chopin, Brahms, Liszt e Rachmaninoff.<\/p>\n<div style=\"text-align: justify;\"><\/div>\n<p style=\"text-align: justify;\"><strong>PROGRAMMA I \u201cEncore\u201d<\/strong><\/p>\n<div style=\"text-align: justify;\"><\/div>\n<p style=\"text-align: justify;\">F. Chopin \u2013 Notturno Op. 27 n.2<\/p>\n<div style=\"text-align: justify;\"><\/div>\n<p style=\"text-align: justify;\">F. Chopin \u2013 Studio Op.10 n.3-12<\/p>\n<div style=\"text-align: justify;\"><\/div>\n<p style=\"text-align: justify;\">J. Brahms \u2013 Intermezzo Op.118 n.2<\/p>\n<div style=\"text-align: justify;\"><\/div>\n<p style=\"text-align: justify;\">F. Liszt \u2013 Tarantella da \u201cVenezia e Napoli\u201d<\/p>\n<div style=\"text-align: justify;\"><\/div>\n<p style=\"text-align: justify;\">F. Liszt \u2013 Notturno n.3, Sogno d\u2019amore<\/p>\n<div style=\"text-align: justify;\"><\/div>\n<p style=\"text-align: justify;\">F. Liszt \u2013 Studio Trascendentale n.10<\/p>\n<div style=\"text-align: justify;\"><\/div>\n<p style=\"text-align: justify;\">S. Rachmaninoff \u2013 Sonata n.2 Op.36 (Rev.1931)<\/p>\n<div style=\"text-align: justify;\"><\/div>\n<p style=\"text-align: justify;\"><strong><img loading=\"lazy\" decoding=\"async\" class=\" alignleft size-full wp-image-7937\" style=\"margin: 4px; float: left;\" alt=\"marco_ciampi\" src=\"https:\/\/archiviogioia.lavocedelpaese.info\/wp-content\/uploads\/2011\/02\/marco_ciampi.jpg\" width=\"250\" height=\"209\" srcset=\"https:\/\/archiviogioia.lavocedelpaese.info\/wp-content\/uploads\/2011\/02\/marco_ciampi.jpg 705w, https:\/\/archiviogioia.lavocedelpaese.info\/wp-content\/uploads\/2011\/02\/marco_ciampi-300x251.jpg 300w\" sizes=\"auto, (max-width: 250px) 100vw, 250px\" \/>Ciampi \u00e8 risultato vincitore in pi\u00f9 di trenta concorsi pianistici nazionali e internazionali<\/strong>. Si \u00e8 esibito presso la \u201cSteinway Hall\u201d di Londra, il teatro Jofre di Ferrol (Spagna), il teatro &#8220;La Fenice\u201d di Venezia, la Sala Scarlatti del Conservatorio di Napoli, il Castel Sant\u2019Angelo di Roma . Nel 2008 <strong>ha vinto il primo premio all\u2019International Piano Competition <\/strong>Premio MIF (Melbourne Italian Festival), grazie al quale si \u00e8 esibito al Chapel Trinity College di Melbourne, rappresentando le Eccellenze dell\u2019Alta Formazione Artistica Italiana.<\/p>\n<div style=\"text-align: justify;\"><\/div>\n<p style=\"text-align: justify;\"><strong>Biglietti<\/strong>: Intero \u20ac 10,00; Ridotto \u20ac 8,00 (12-24 anni, over 65, soci); Ridotto \u20ac 5,00 (7-11 anni). <strong>Ingresso gratuito<\/strong> per i bambini fino a 6 anni. Abbonamento \u20ac 25. Abbonamento scuole \u20ac 15,00.<\/p>\n<div style=\"text-align: justify;\"><\/div>\n<p style=\"text-align: justify;\">Con l\u2019acquisto dell\u2019abbonamento si ha la tessera associativa che d\u00e0 diritto a sconti su abbonamenti e biglietti del Teatro Comunale Rossini, all\u2019Agiscard per sconti al cinema, a sconti presso Dixieland (non cumulabili con le offerte) .<\/p>\n<div style=\"text-align: justify;\"><\/div>\n<p style=\"text-align: justify;\"><strong>Info<\/strong>: tel. 080 3433405 \u2013 fax 080 9190223 &#8211; Cell. 328 1891920<\/p>\n<div style=\"text-align: justify;\"><\/div>\n<p style=\"text-align: justify;\"><a href=\"mailto:Parade99@alice.it\">Parade99@alice.it<\/a> &#8211; <a href=\"http:\/\/www.associazionemusicaledanielelobefaro.it\/\">www.associazionemusicaledanielelobefaro.it<\/a><\/p>\n<div style=\"text-align: justify;\"><\/div>\n<p style=\"text-align: justify;\"><strong>Prevendite<\/strong>: Ass. D. Lobefaro &#8211; via Flora, 77 \u2013 Gioia del Colle (lunedi, mercoled\u00ec, gioved\u00ec, venerd\u00ec, ore 16,00-20,30); Dixieland, via Dante, 75 \u2013 Gioia del Colle &#8211; Tel. 080 3484674<\/p>\n<div style=\"text-align: justify;\"><\/div>\n<p style=\"text-align: justify;\">Alceste Ayroldi &#8211; Responsabile della Comunicazione Legature 2011 \u2013 tel. 339\/2986949.<\/p>\n<div style=\"text-align: justify;\"><\/div>\n<p style=\"text-align: justify;\"><strong>BIOGRAFIA COMPLETA<\/strong><\/p>\n<div style=\"text-align: justify;\"><\/div>\n<p style=\"text-align: justify;\"><strong><img loading=\"lazy\" decoding=\"async\" class=\" alignright size-full wp-image-7938\" style=\"margin: 4px; float: right;\" alt=\"005_marco_ciampi\" src=\"https:\/\/archiviogioia.lavocedelpaese.info\/wp-content\/uploads\/2011\/02\/005_marco_ciampi.jpg\" width=\"230\" height=\"256\" srcset=\"https:\/\/archiviogioia.lavocedelpaese.info\/wp-content\/uploads\/2011\/02\/005_marco_ciampi.jpg 358w, https:\/\/archiviogioia.lavocedelpaese.info\/wp-content\/uploads\/2011\/02\/005_marco_ciampi-270x300.jpg 270w\" sizes=\"auto, (max-width: 230px) 100vw, 230px\" \/>Marco Ciampi si \u00e8 diplomato in Pianoforte e laureato in \u201cDiscipline musicali\u201d con il massimo dei voti e la lode<\/strong> presso il Conservatorio \u201cSan Pietro\u00a0 a Majella\u201d di Napoli con i Maestri D\u2019Alessandro,Alvino,D.Costagliola. Ha studiato pianoforte con la pianista A.Pennella, frequentando corsi di perfezionamento con i Maestri Ciccolini, Balzani, Hintchev, Howard, Lucchesini,\u00a0 O.Maione, Medori, Marvulli, F.Nicolosi, N.Parente,Pompa-Baldi, Risaliti, Spagnolo.<\/p>\n<div style=\"text-align: justify;\"><\/div>\n<p style=\"text-align: justify;\">E\u2019 risultato vincitore in pi\u00f9 di trenta concorsi pianistici nazionali e internazionali. Si \u00e8 esibito presso la \u201cSteinway Hall\u201d di Londra, il tearo Jofre di Ferrol (Spagna),\u00a0 il teatro &#8220;La Fenice\u201d di Venezia, il teatro \u201cCoccia\u201d di Novara, l\u2019Auditorium del Conservatorio di Venezia e Novara, la Sala Scarlatti del Conservatorio di Napoli, il Castel Sant\u2019Angelo di Roma per \u201cExcelsius Musicae et Pacis Nuntius\u201d,\u00a0 per il \u201cFestival Pianistico di Roma\u201d,Citt\u00e0 di Castello per \u201cAmici Festival Nazioni\u201d, Reggia di Capodimonte di Napoli per \u201cIl Maggio della Musica\u201detc<\/p>\n<div style=\"text-align: justify;\"><\/div>\n<p style=\"text-align: justify;\">Nel 2006 alla Certosa di San Lorenzo a Padula ha suonato il Concerto n.2 op.18 di Rachmaninoff con l\u2019orchestra del Teatro Regio di Cosenza \u201cPhilarmonia Mediterranea\u201d diretta dal M\u00b0 Sandro Meo e nel 2008 nel teatro \u201cDi Costanzo Mattiello\u201d di Pompei con l\u2019orchestra della Campania diretta dal M\u00b0 Romano.<\/p>\n<div style=\"text-align: justify;\"><\/div>\n<p style=\"text-align: justify;\"><strong>Nel 2008 \u00e8\u00a0 risultato vincitore del primo premio all\u2019International Piano\u00a0 Competition<\/strong> Premio MIF (Melbourne Italian Festival), grazie al quale si \u00e8 esibito al Chapel Trinity College di Melbourne, rappresentando le Eccellenze dell\u2019Alta Formazione Artistica Italiana.Dopo solo due mesi \u00e8 stato reinvitato esibendosi al James Tatoulis Auditorium di Melbourne, inoltre come finalista del Sydney International Piano Competition si \u00e8 esibito al Seymour Theatre Centre di Sydney, dove ha suonato in diretta radio ABC Classic Fm.<\/p>\n<div style=\"text-align: justify;\"><\/div>\n<p style=\"text-align: justify;\"><strong>Ha suonato il virtuosistico Malediction di Liszt.con l\u2019orchestra \u201c Le Muse\u201d<\/strong> diretta da L. Simionato nei festival prestigiosi di Jeax d\u2019Art a la Ville D\u2019Este a Tivoli, Estate Musicale Sorrentina, Palazzo Barberini e\u00a0 Chiesa Valdese in Roma.<\/p>\n<div style=\"text-align: justify;\"><\/div>\n<p style=\"text-align: justify;\"><strong>Nel 2009 ha effettuato una tournee in Serbia<\/strong>, i cui concerti sono stati trasmessi dalla RTS (Radio Televisione Serba) e Radio Vaticana.<\/p>\n<div style=\"text-align: justify;\"><\/div>\n<p style=\"text-align: justify;\">La stampa ha scritto in occasione del concerto presso il prestigioso 46\u00b0 Festival Internazionale di Cervo \u201c<strong>Magistrale esecuzione ieri sera al Festival<\/strong>&#8230;.\u201d.<\/p>\n<div style=\"text-align: justify;\"><\/div>\n<p style=\"text-align: justify;\"><strong>Attualmente \u00e8 in tourn\u00e8 con il Concerto n.1 di Chopin<\/strong>, suonato gi\u00e0 con l\u2019orchestra \u201c Le Muse\u201d, il \u201cQuartetto Savinio\u201d, il \u201cQuartetto Chopin\u201d.<\/p>\n<div style=\"text-align: justify;\"><strong>Tra i prossimi impegni si segnalano una tournee in Germania<\/strong> (Munich, Altom\u00f9ster), in Italia (Teatro Diana a Napoli, Steinway hall Verona, etc.) e la registrazione di un cd presso la prestigiosa sala Paolina del Vaticano.<\/div>\n","protected":false},"excerpt":{"rendered":"","protected":false},"author":1,"featured_media":7935,"comment_status":"open","ping_status":"closed","sticky":false,"template":"","format":"standard","meta":{"colormag_page_container_layout":"default_layout","colormag_page_sidebar_layout":"default_layout","footnotes":""},"categories":[6],"tags":[],"class_list":["post-7939","post","type-post","status-publish","format-standard","has-post-thumbnail","hentry","category-cultura"],"_links":{"self":[{"href":"https:\/\/archiviogioia.lavocedelpaese.info\/index.php?rest_route=\/wp\/v2\/posts\/7939","targetHints":{"allow":["GET"]}}],"collection":[{"href":"https:\/\/archiviogioia.lavocedelpaese.info\/index.php?rest_route=\/wp\/v2\/posts"}],"about":[{"href":"https:\/\/archiviogioia.lavocedelpaese.info\/index.php?rest_route=\/wp\/v2\/types\/post"}],"author":[{"embeddable":true,"href":"https:\/\/archiviogioia.lavocedelpaese.info\/index.php?rest_route=\/wp\/v2\/users\/1"}],"replies":[{"embeddable":true,"href":"https:\/\/archiviogioia.lavocedelpaese.info\/index.php?rest_route=%2Fwp%2Fv2%2Fcomments&post=7939"}],"version-history":[{"count":0,"href":"https:\/\/archiviogioia.lavocedelpaese.info\/index.php?rest_route=\/wp\/v2\/posts\/7939\/revisions"}],"wp:featuredmedia":[{"embeddable":true,"href":"https:\/\/archiviogioia.lavocedelpaese.info\/index.php?rest_route=\/wp\/v2\/media\/7935"}],"wp:attachment":[{"href":"https:\/\/archiviogioia.lavocedelpaese.info\/index.php?rest_route=%2Fwp%2Fv2%2Fmedia&parent=7939"}],"wp:term":[{"taxonomy":"category","embeddable":true,"href":"https:\/\/archiviogioia.lavocedelpaese.info\/index.php?rest_route=%2Fwp%2Fv2%2Fcategories&post=7939"},{"taxonomy":"post_tag","embeddable":true,"href":"https:\/\/archiviogioia.lavocedelpaese.info\/index.php?rest_route=%2Fwp%2Fv2%2Ftags&post=7939"}],"curies":[{"name":"wp","href":"https:\/\/api.w.org\/{rel}","templated":true}]}}