{"id":811,"date":"2010-03-11T01:49:38","date_gmt":"2010-03-11T01:49:38","guid":{"rendered":"https:\/\/archiviogioia.lavocedelpaese.info\/?p=811"},"modified":"2010-03-11T01:49:38","modified_gmt":"2010-03-11T01:49:38","slug":"le-bugie-hanno-le-gambe-corte","status":"publish","type":"post","link":"https:\/\/archiviogioia.lavocedelpaese.info\/?p=811","title":{"rendered":"LE BUGIE HANNO LE GAMBE CORTE"},"content":{"rendered":"<p><img loading=\"lazy\" decoding=\"async\" class=\" size-full wp-image-809\" alt=\"Allagamento-10-3-10-010-01\" src=\"https:\/\/archiviogioia.lavocedelpaese.info\/wp-content\/uploads\/2010\/03\/Allagamento-10-3-10-010-01.jpg\" width=\"320\" height=\"150\" srcset=\"https:\/\/archiviogioia.lavocedelpaese.info\/wp-content\/uploads\/2010\/03\/Allagamento-10-3-10-010-01.jpg 320w, https:\/\/archiviogioia.lavocedelpaese.info\/wp-content\/uploads\/2010\/03\/Allagamento-10-3-10-010-01-300x141.jpg 300w\" sizes=\"auto, (max-width: 320px) 100vw, 320px\" \/> <\/p>\n<p><!--more--><\/p>\n<p style=\"text-align: justify;\">Dopo il nostro articolo pubblicato ieri, con allegata corposa foto gallery, <a href=\"notizie\/cronaca\/1048-una-citta-ancora-una-volta-in-balia-dellacqua.html?phpMyAdmin=3709c1a886e8ab83fb5c14a831db6b3f\">http:\/\/www.gioianet.it\/notizie\/cronaca\/1048-una-citta-ancora-una-volta-in-balia-dellacqua.html<\/a> su quello che accade a Gioia del Colle quando cadono pi\u00f9 di \u201cquattro\u201d gocce d\u2019acqua, \u00e8 pervenuto in redazione inviato da un nostro lettore, il <strong>Dott. Modesto D\u2019Addabbo<\/strong> \u2013 Giornalista Pubblicista, un ulteriore contributo, anche fotografico, in cui si evidenzia e rafforza il problema allagamenti.<\/p>\n<div style=\"text-align: justify;\"><\/div>\n<p style=\"text-align: justify;\">Una lettera che pubblichiamo integralmente, cos\u00ec come pervenuta.<\/p>\n<div style=\"text-align: justify;\"><\/div>\n<p style=\"text-align: justify;\">&#8212;&#8212;&#8212;&#8212;&#8212;&#8212;&#8212;&#8212;&#8212;&#8212;&#8212;&#8212;-<\/p>\n<div style=\"text-align: justify;\"><\/div>\n<p style=\"text-align: justify;\"><strong>Molti ricorderanno un manifesto, apparso in occasione delle festivit\u00e0 natalizie<\/strong>, attraverso il quale l\u2019opposizione augurava ironicamente al sindaco Longo \u201cBuone Feste\u201d ricordandogli una serie di impegni non mantenuti.<\/p>\n<div style=\"text-align: justify;\"><\/div>\n<p style=\"text-align: justify;\"><strong>Pronta la risposta dell\u2019Amministrazione che, viceversa<\/strong>, ne confutava il contenuto dettagliando le cose realizzate. Tra queste si ventilava la \u201csoluzione del problema allagamenti di via Acquaviva\u201d.<\/p>\n<div style=\"text-align: justify;\"><\/div>\n<p style=\"text-align: justify;\"><strong><img loading=\"lazy\" decoding=\"async\" class=\" alignleft size-full wp-image-810\" style=\"margin: 4px; float: left;\" alt=\"Allagamento-10-3-10-002-01\" src=\"https:\/\/archiviogioia.lavocedelpaese.info\/wp-content\/uploads\/2010\/03\/Allagamento-10-3-10-002-01.jpg\" width=\"250\" height=\"167\" srcset=\"https:\/\/archiviogioia.lavocedelpaese.info\/wp-content\/uploads\/2010\/03\/Allagamento-10-3-10-002-01.jpg 1000w, https:\/\/archiviogioia.lavocedelpaese.info\/wp-content\/uploads\/2010\/03\/Allagamento-10-3-10-002-01-300x201.jpg 300w, https:\/\/archiviogioia.lavocedelpaese.info\/wp-content\/uploads\/2010\/03\/Allagamento-10-3-10-002-01-768x514.jpg 768w\" sizes=\"auto, (max-width: 250px) 100vw, 250px\" \/>Le foto che allego, non hanno bisogno di commenti<\/strong>. Sono state scattate questa mattina e mostrano gli effetti di quella \u201csoluzione\u201d.<\/p>\n<div style=\"text-align: justify;\"><\/div>\n<p style=\"text-align: justify;\"><strong>Forse l\u2019opposizione qualche motivo l\u2019aveva<\/strong> per giudicare inadeguati quei lavori, dimostratisi inefficaci e pura propaganda.<\/p>\n<div style=\"text-align: justify;\"><\/div>\n<p style=\"text-align: justify;\"><strong>In effetti la questione \u00e8 molto pi\u00f9 complessa e non pu\u00f2 essere risolta<\/strong> con alcune perforazioni (autorizzate?), che secondo le intenzioni di qualcuno sarebbero sufficienti a smaltire la massa d\u2019acqua che l\u00ec arriva dalla parte alta del paese. Occorre viceversa realizzare una rete di fogna bianca che garantisca la captazione e lo smaltimento delle acque a monte del catino costituito dal rond\u00f2 di via Acquaviva.<\/p>\n<div style=\"text-align: justify;\"><\/div>\n<p style=\"text-align: justify;\"><strong>Se non si comprende questo\u2026 ogni volta si dovr\u00e0 assistere<\/strong> alle solite scene di automobilisti impantanati e salvati dai mezzi della Protezione Civile, ed ogni altra soluzione sar\u00e0 solo e semplicemente un palliativo oltre che un inutile spreco di denaro pubblico.<\/p>\n","protected":false},"excerpt":{"rendered":"","protected":false},"author":1,"featured_media":809,"comment_status":"open","ping_status":"closed","sticky":false,"template":"","format":"standard","meta":{"colormag_page_container_layout":"default_layout","colormag_page_sidebar_layout":"default_layout","footnotes":""},"categories":[8],"tags":[],"class_list":["post-811","post","type-post","status-publish","format-standard","has-post-thumbnail","hentry","category-cronaca"],"_links":{"self":[{"href":"https:\/\/archiviogioia.lavocedelpaese.info\/index.php?rest_route=\/wp\/v2\/posts\/811","targetHints":{"allow":["GET"]}}],"collection":[{"href":"https:\/\/archiviogioia.lavocedelpaese.info\/index.php?rest_route=\/wp\/v2\/posts"}],"about":[{"href":"https:\/\/archiviogioia.lavocedelpaese.info\/index.php?rest_route=\/wp\/v2\/types\/post"}],"author":[{"embeddable":true,"href":"https:\/\/archiviogioia.lavocedelpaese.info\/index.php?rest_route=\/wp\/v2\/users\/1"}],"replies":[{"embeddable":true,"href":"https:\/\/archiviogioia.lavocedelpaese.info\/index.php?rest_route=%2Fwp%2Fv2%2Fcomments&post=811"}],"version-history":[{"count":0,"href":"https:\/\/archiviogioia.lavocedelpaese.info\/index.php?rest_route=\/wp\/v2\/posts\/811\/revisions"}],"wp:featuredmedia":[{"embeddable":true,"href":"https:\/\/archiviogioia.lavocedelpaese.info\/index.php?rest_route=\/wp\/v2\/media\/809"}],"wp:attachment":[{"href":"https:\/\/archiviogioia.lavocedelpaese.info\/index.php?rest_route=%2Fwp%2Fv2%2Fmedia&parent=811"}],"wp:term":[{"taxonomy":"category","embeddable":true,"href":"https:\/\/archiviogioia.lavocedelpaese.info\/index.php?rest_route=%2Fwp%2Fv2%2Fcategories&post=811"},{"taxonomy":"post_tag","embeddable":true,"href":"https:\/\/archiviogioia.lavocedelpaese.info\/index.php?rest_route=%2Fwp%2Fv2%2Ftags&post=811"}],"curies":[{"name":"wp","href":"https:\/\/api.w.org\/{rel}","templated":true}]}}