{"id":8151,"date":"2011-02-24T07:32:16","date_gmt":"2011-02-24T07:32:16","guid":{"rendered":"https:\/\/archiviogioia.lavocedelpaese.info\/?p=8151"},"modified":"2011-02-24T07:32:16","modified_gmt":"2011-02-24T07:32:16","slug":"giuseppe-dossetti-mix-di-valori-politici-sociali-e-umani","status":"publish","type":"post","link":"https:\/\/archiviogioia.lavocedelpaese.info\/?p=8151","title":{"rendered":"GIUSEPPE DOSSETTI, I VALORI POLITICI, SOCIALI, UMANI  -foto-"},"content":{"rendered":"<p><img loading=\"lazy\" decoding=\"async\" class=\" size-full wp-image-8144\" alt=\"dossetti-convegno-pp\" src=\"https:\/\/archiviogioia.lavocedelpaese.info\/wp-content\/uploads\/2011\/02\/dossetti-convegno-pp.jpg\" width=\"320\" height=\"150\" srcset=\"https:\/\/archiviogioia.lavocedelpaese.info\/wp-content\/uploads\/2011\/02\/dossetti-convegno-pp.jpg 640w, https:\/\/archiviogioia.lavocedelpaese.info\/wp-content\/uploads\/2011\/02\/dossetti-convegno-pp-300x141.jpg 300w\" sizes=\"auto, (max-width: 320px) 100vw, 320px\" \/> <\/p>\n<p><!--more--><\/p>\n<div style=\"text-align: justify;\"><\/div>\n<p style=\"text-align: justify;\"><strong><img loading=\"lazy\" decoding=\"async\" class=\" alignright size-full wp-image-2431\" style=\"margin: 4px; float: right;\" alt=\"paolo-covella\" src=\"https:\/\/archiviogioia.lavocedelpaese.info\/wp-content\/uploads\/2010\/06\/paolo-covella.jpg\" width=\"250\" height=\"166\" \/>Interessante e sentita la presentazione di \u201cGiuseppe Dossetti<\/strong> \u2013 <strong>Sentinella e discepolo<\/strong>\u201d Edizioni Paoline, pubblicazione <strong>curata<\/strong> da <strong>Cesare Paradiso<\/strong> e Monsignor <strong>Pietro Maria Fragnelli<\/strong>.<\/p>\n<div style=\"text-align: justify;\"><\/div>\n<p style=\"text-align: justify;\"><strong>Paolo Covella<\/strong>, direttore responsabile di \u201cPaesi&amp;Paesi\u201d, nonch\u00e9 \u201ccaustica\u201d e storica penna gioiese, <strong>ha moderato l\u2019incontro organizzato dall\u2019associazione Hinterland<\/strong> in una sala De Deo particolarmente affollata, dato che attesta l\u2019interesse verso l\u2019argomento ed il personaggio, pur essendo contemporaneamente in atto ben <strong><img loading=\"lazy\" decoding=\"async\" class=\" alignleft size-full wp-image-8145\" style=\"margin: 4px; float: left;\" alt=\"dossetti-secondo-relatore\" src=\"https:\/\/archiviogioia.lavocedelpaese.info\/wp-content\/uploads\/2011\/02\/dossetti-secondo-relatore.jpg\" width=\"140\" height=\"168\" srcset=\"https:\/\/archiviogioia.lavocedelpaese.info\/wp-content\/uploads\/2011\/02\/dossetti-secondo-relatore.jpg 295w, https:\/\/archiviogioia.lavocedelpaese.info\/wp-content\/uploads\/2011\/02\/dossetti-secondo-relatore-250x300.jpg 250w\" sizes=\"auto, (max-width: 140px) 100vw, 140px\" \/><\/strong>due conferenze ed un concerto nella stessa serata di venerd\u00ec, 18 febbraio.<\/p>\n<div style=\"text-align: justify;\"><\/div>\n<p style=\"text-align: justify;\"><strong>Cesare Paradiso<\/strong>, avvocato civilista tarantino e docente di discipline giuridiche ed economiche, <strong>traccia un indimenticabile e suggestivo ritratto di Giuseppe Dossetti<\/strong>, con rimandi e riferimenti ispirati dai suoi scritti.<\/p>\n<div style=\"text-align: justify;\"><\/div>\n<p style=\"text-align: justify;\">Paradiso <strong>ricorda con rispetto ed ammirazione<\/strong> il gio<strong><img loading=\"lazy\" decoding=\"async\" class=\" alignright size-full wp-image-8146\" style=\"margin: 4px; float: right;\" alt=\"dossetti-pubblico-3\" src=\"https:\/\/archiviogioia.lavocedelpaese.info\/wp-content\/uploads\/2011\/02\/dossetti-pubblico-3.jpg\" width=\"250\" height=\"167\" srcset=\"https:\/\/archiviogioia.lavocedelpaese.info\/wp-content\/uploads\/2011\/02\/dossetti-pubblico-3.jpg 354w, https:\/\/archiviogioia.lavocedelpaese.info\/wp-content\/uploads\/2011\/02\/dossetti-pubblico-3-300x200.jpg 300w\" sizes=\"auto, (max-width: 250px) 100vw, 250px\" \/><\/strong>vane ed entusiasta politico che attraverso l\u2019Assemblea Costituente contribu\u00ec alla nascita della Democrazia italiana.<\/p>\n<div style=\"text-align: justify;\"><\/div>\n<p style=\"text-align: justify;\"><strong>Dossetti a trentatre anni<\/strong>, nel \u201943, <strong>\u00e8 attivista nella lotta di liberazione<\/strong>, nel suo percorso pregresso studi classici, laurea in Giurisprudenza, esperienza di oratorio e militanza laica in gruppi missionari con Giuseppe Lazzati e Agostino Gemelli.<\/p>\n<div style=\"text-align: justify;\"><\/div>\n<p style=\"text-align: justify;\"><strong>Il suo impegno politico non passa inosservato<\/strong> e <strong>nel \u201945 viene proposto per la carica di vicesegretario della Democrazia Cristiana<\/strong>.<\/p>\n<div style=\"text-align: justify;\"><\/div>\n<p style=\"text-align: justify;\">\u201c<strong>Eletto deputato<\/strong> \u2013 ricorda P<strong><img loading=\"lazy\" decoding=\"async\" class=\" alignleft size-full wp-image-8147\" style=\"margin: 4px; float: left;\" alt=\"dossetti_pubblico0\" src=\"https:\/\/archiviogioia.lavocedelpaese.info\/wp-content\/uploads\/2011\/02\/dossetti_pubblico0.jpg\" width=\"250\" height=\"166\" srcset=\"https:\/\/archiviogioia.lavocedelpaese.info\/wp-content\/uploads\/2011\/02\/dossetti_pubblico0.jpg 800w, https:\/\/archiviogioia.lavocedelpaese.info\/wp-content\/uploads\/2011\/02\/dossetti_pubblico0-300x200.jpg 300w, https:\/\/archiviogioia.lavocedelpaese.info\/wp-content\/uploads\/2011\/02\/dossetti_pubblico0-768x511.jpg 768w\" sizes=\"auto, (max-width: 250px) 100vw, 250px\" \/><\/strong>aradiso \u2013 <strong>si trasferisce a Roma e partecipa attivamente all\u2019elaborazione della carta Costituzionale<\/strong>. Insegna diritto canonico all\u2019universit\u00e0 di Modena e nel \u201959 &#8211; <strong>all\u2019et\u00e0 di 46 anni<\/strong> &#8211; <strong>viene ordinato sacerdote<\/strong>. Collaborer\u00e0 inoltre con il cardinale Giacomo Lercaro durante il Concilio ecumenico Vaticano II.\u201d.<\/p>\n<div style=\"text-align: justify;\"><\/div>\n<p style=\"text-align: justify;\"><strong>Emblematica eppur esaustiva sintesi di vita<\/strong>, in questa frase di Don Dossetti : \u201c\u2026 <strong>ho deciso di vivere, non abdic<\/strong><strong><img loading=\"lazy\" decoding=\"async\" class=\" alignright size-full wp-image-8148\" style=\"margin: 4px; float: right;\" alt=\"dossetti-relatore-religioso\" src=\"https:\/\/archiviogioia.lavocedelpaese.info\/wp-content\/uploads\/2011\/02\/dossetti-relatore-religioso.jpg\" width=\"150\" height=\"181\" srcset=\"https:\/\/archiviogioia.lavocedelpaese.info\/wp-content\/uploads\/2011\/02\/dossetti-relatore-religioso.jpg 293w, https:\/\/archiviogioia.lavocedelpaese.info\/wp-content\/uploads\/2011\/02\/dossetti-relatore-religioso-248x300.jpg 248w\" sizes=\"auto, (max-width: 150px) 100vw, 150px\" \/><\/strong><strong>ando ma ricapitolando e dando un significato ulteriore in essa a tut<\/strong><strong>te le precedenti tappe della mia esistenza<\/strong>\u201d.<\/p>\n<div style=\"text-align: justify;\"><\/div>\n<p style=\"text-align: justify;\"><strong>Il tratteggio della su<\/strong><strong><img loading=\"lazy\" decoding=\"async\" class=\" alignleft size-full wp-image-8149\" style=\"margin: 4px; float: left;\" alt=\"michele-gaudiomonte\" src=\"https:\/\/archiviogioia.lavocedelpaese.info\/wp-content\/uploads\/2011\/02\/michele-gaudiomonte.jpg\" width=\"156\" height=\"188\" srcset=\"https:\/\/archiviogioia.lavocedelpaese.info\/wp-content\/uploads\/2011\/02\/michele-gaudiomonte.jpg 295w, https:\/\/archiviogioia.lavocedelpaese.info\/wp-content\/uploads\/2011\/02\/michele-gaudiomonte-250x300.jpg 250w\" sizes=\"auto, (max-width: 156px) 100vw, 156px\" \/><\/strong><strong>a duplice e poliedrica personalit\u00e0<\/strong>, in particolare del suo profilo religioso e spirituale, <strong>\u00e8 affidato a Monsignor Fragnelli<\/strong>, il quale esalta il suo \u201cavvicinarsi a Dio\u201d senza allontanarsi dagli uomini.<\/p>\n<div style=\"text-align: justify;\"><\/div>\n<p style=\"text-align: justify;\">Nella prefazione <strong>Cosimo Damiano Fonseca<\/strong> <strong>ne sottolinea \u201cl\u2019alto senso dello Stato<\/strong>, <strong>la duttilit\u00e0 interiore, la disponibilit\u00e0 all\u2019ascolto<\/strong>, la sensibilit\u00e0 contemplativa, la continuit\u00e0 della ricerca e la pluralit\u00e0 delle dimensioni, biblica, patristica, liturgica, ecclesiale ma anche comunitaria e pastorale.\u201d<\/p>\n<div style=\"text-align: justify;\"><\/div>\n<p style=\"text-align: justify;\"><strong><img loading=\"lazy\" decoding=\"async\" class=\" alignright size-full wp-image-2406\" style=\"margin: 4px; float: right;\" alt=\"peppino-vasco\" src=\"https:\/\/archiviogioia.lavocedelpaese.info\/wp-content\/uploads\/2010\/06\/peppino-vasco.jpg\" width=\"130\" height=\"197\" \/>A fine conferenza si \u00e8 aperto il dibattito con interventi motivati e pertinenti<\/strong> che hanno contribuito a ridar vigore allo spirito costituzionalista in apparenza anestetizzato o forse traumatizzato dalle recenti ferite inferte alla Costituzione. <strong>In tanti hanno dichiarato di aver sentito per la prima volta parlare di Don Giuseppe Dossetti<\/strong> e di essere stati conquistati da una figura cos\u00ec carismatica sia dal punto di vista politico che spirituale.<\/p>\n<div style=\"text-align: justify;\"><\/div>\n<p style=\"text-align: justify;\"><strong>Vito Buttiglione<\/strong>, <strong>Franco Ferrara<\/strong>, <strong>Annamaria Longo<\/strong>, <strong>Sergio D\u2019Onghia<\/strong>, <strong>Giulia Cantore<\/strong>, <strong>Giorgio Gasparre<\/strong>, <strong>Peppino Vasco<\/strong>, <strong>Michele Gaudiomonte<\/strong>\u2026 <strong>ciascuno a suo modo ha ritrovato nel Dossetti quei valori politici, umani e sociali latitanti nella maggior parte della classe <img loading=\"lazy\" decoding=\"async\" class=\" alignleft size-full wp-image-8150\" style=\"margin: 4px; float: left;\" alt=\"sergio-donghia\" src=\"https:\/\/archiviogioia.lavocedelpaese.info\/wp-content\/uploads\/2011\/02\/sergio-donghia.jpg\" width=\"160\" height=\"179\" srcset=\"https:\/\/archiviogioia.lavocedelpaese.info\/wp-content\/uploads\/2011\/02\/sergio-donghia.jpg 317w, https:\/\/archiviogioia.lavocedelpaese.info\/wp-content\/uploads\/2011\/02\/sergio-donghia-269x300.jpg 269w\" sizes=\"auto, (max-width: 160px) 100vw, 160px\" \/>politica attuale<\/strong>, intuito la grandezza del suo agire, ritrovato i valori fondanti di una democrazia \u201cpensata\u201d per il popolo e non agita artatamente ed adattata alle esigenze di chi lo governa.<\/p>\n<div style=\"text-align: justify;\"><\/div>\n<p style=\"text-align: justify;\"><strong>In particolare colpisce l\u2019attualizzazione del padre costituzionalista<\/strong>, del quale si \u201ccattura\u201d l\u2019energia e la positivit\u00e0, tentando di rileggere in chiave moderna il pensiero.<\/p>\n<div style=\"text-align: justify;\"><\/div>\n<p style=\"text-align: justify;\"><strong>A Sergio D\u2019Onghia un plauso per aver suggerito<\/strong> agli organizzatori <strong>di presentare questo libro<\/strong>, letto e promosso con entusiasmo, dando cos\u00ec un fondato ed attivo contributo all\u2019incontro.<\/p>\n<p style=\"text-align: justify;\">Si ringraziano <strong>Maria Castellaneta<\/strong> e <strong>Mario Di Giuseppe<\/strong> per il contributo fotografico.<\/p>\n<p><object data=\"https:\/\/picasaweb.google.com\/s\/c\/bin\/slideshow.swf\" type=\"application\/x-shockwave-flash\" height=\"660\" width=\"660\"><param name=\"flashvars\" value=\"host=picasaweb.google.com&amp;hl=it&amp;feat=flashalbum&amp;RGB=0x000000&amp;feed=https%3A%2F%2Fpicasaweb.google.com%2Fdata%2Ffeed%2Fapi%2Fuser%2Fredazionegioianet%2Falbumid%2F5577221179247603377%3Falt%3Drss%26kind%3Dphoto%26authkey%3DGv1sRgCOLPoOvzt9C-Pw%26hl%3Dit\" \/><param name=\"src\" value=\"https:\/\/picasaweb.google.com\/s\/c\/bin\/slideshow.swf\" \/><\/object><\/p>\n","protected":false},"excerpt":{"rendered":"","protected":false},"author":1,"featured_media":8144,"comment_status":"open","ping_status":"closed","sticky":false,"template":"","format":"standard","meta":{"colormag_page_container_layout":"default_layout","colormag_page_sidebar_layout":"default_layout","footnotes":""},"categories":[6],"tags":[],"class_list":["post-8151","post","type-post","status-publish","format-standard","has-post-thumbnail","hentry","category-cultura"],"_links":{"self":[{"href":"https:\/\/archiviogioia.lavocedelpaese.info\/index.php?rest_route=\/wp\/v2\/posts\/8151","targetHints":{"allow":["GET"]}}],"collection":[{"href":"https:\/\/archiviogioia.lavocedelpaese.info\/index.php?rest_route=\/wp\/v2\/posts"}],"about":[{"href":"https:\/\/archiviogioia.lavocedelpaese.info\/index.php?rest_route=\/wp\/v2\/types\/post"}],"author":[{"embeddable":true,"href":"https:\/\/archiviogioia.lavocedelpaese.info\/index.php?rest_route=\/wp\/v2\/users\/1"}],"replies":[{"embeddable":true,"href":"https:\/\/archiviogioia.lavocedelpaese.info\/index.php?rest_route=%2Fwp%2Fv2%2Fcomments&post=8151"}],"version-history":[{"count":0,"href":"https:\/\/archiviogioia.lavocedelpaese.info\/index.php?rest_route=\/wp\/v2\/posts\/8151\/revisions"}],"wp:featuredmedia":[{"embeddable":true,"href":"https:\/\/archiviogioia.lavocedelpaese.info\/index.php?rest_route=\/wp\/v2\/media\/8144"}],"wp:attachment":[{"href":"https:\/\/archiviogioia.lavocedelpaese.info\/index.php?rest_route=%2Fwp%2Fv2%2Fmedia&parent=8151"}],"wp:term":[{"taxonomy":"category","embeddable":true,"href":"https:\/\/archiviogioia.lavocedelpaese.info\/index.php?rest_route=%2Fwp%2Fv2%2Fcategories&post=8151"},{"taxonomy":"post_tag","embeddable":true,"href":"https:\/\/archiviogioia.lavocedelpaese.info\/index.php?rest_route=%2Fwp%2Fv2%2Ftags&post=8151"}],"curies":[{"name":"wp","href":"https:\/\/api.w.org\/{rel}","templated":true}]}}