{"id":8227,"date":"2011-02-27T07:39:31","date_gmt":"2011-02-27T07:39:31","guid":{"rendered":"https:\/\/archiviogioia.lavocedelpaese.info\/?p=8227"},"modified":"2011-02-27T07:39:31","modified_gmt":"2011-02-27T07:39:31","slug":"la-vita-e-un-soffio-vivila-contro-labuso-di-alcol","status":"publish","type":"post","link":"https:\/\/archiviogioia.lavocedelpaese.info\/?p=8227","title":{"rendered":"\u201cLA VITA E\u2019 UN SOFFIO, VIVILA!\u201d, CONTRO L\u2019ABUSO DI ALCOL"},"content":{"rendered":"<p><img loading=\"lazy\" decoding=\"async\" class=\" size-full wp-image-8220\" alt=\"vivi-la-vita-pp\" src=\"https:\/\/archiviogioia.lavocedelpaese.info\/wp-content\/uploads\/2011\/02\/vivi-la-vita-pp.jpg\" width=\"320\" height=\"150\" srcset=\"https:\/\/archiviogioia.lavocedelpaese.info\/wp-content\/uploads\/2011\/02\/vivi-la-vita-pp.jpg 320w, https:\/\/archiviogioia.lavocedelpaese.info\/wp-content\/uploads\/2011\/02\/vivi-la-vita-pp-300x141.jpg 300w\" sizes=\"auto, (max-width: 320px) 100vw, 320px\" \/><\/p>\n<p><!--more--><\/p>\n<p style=\"text-align: justify;\"><strong><img loading=\"lazy\" decoding=\"async\" class=\" alignleft size-full wp-image-8221\" style=\"margin: 4px; float: left;\" alt=\"vivi_la_vita_relatori\" src=\"https:\/\/archiviogioia.lavocedelpaese.info\/wp-content\/uploads\/2011\/02\/vivi_la_vita_relatori.jpg\" width=\"250\" height=\"167\" srcset=\"https:\/\/archiviogioia.lavocedelpaese.info\/wp-content\/uploads\/2011\/02\/vivi_la_vita_relatori.jpg 500w, https:\/\/archiviogioia.lavocedelpaese.info\/wp-content\/uploads\/2011\/02\/vivi_la_vita_relatori-300x200.jpg 300w\" sizes=\"auto, (max-width: 250px) 100vw, 250px\" \/>Stop alle stragi del sabato sera<\/strong>. Allarmanti i dati di cui ci informano i media a proposito dell\u2019<strong>uso e abuso di bevande alcoliche tra una popolazione adolescente sempre pi\u00f9&nbsp;giovane<\/strong>, disinformata e imprudente. <strong>L\u2019et\u00e0 in cui viene consumato il primo bicchiere \u00e8 scesa vertiginosamente<\/strong> a toccare il triste record di <strong>11 anni<\/strong>. Inoltre, <strong>la causa della met\u00e0 degli incidenti stradali in Europa \u00e8 la guida in stato di ebbrezza<\/strong> e <strong>un terzo delle vittime ha meno di 28 anni<\/strong>.<\/p>\n<p style=\"text-align: justify;\"><strong>\u00c8 quanto emerge da una<\/strong><strong> recente indagine dell\u2019Automobile Club Italia<\/strong>. <strong>Claudio De Leonardis<\/strong>, in qualit\u00e0 di Presidente Commissione Politiche Giovanili e Femminili dell<strong><img loading=\"lazy\" decoding=\"async\" class=\" alignright size-full wp-image-8222\" style=\"margin: 4px; float: right;\" alt=\"vivi_la_vita_incontro_comune\" src=\"https:\/\/archiviogioia.lavocedelpaese.info\/wp-content\/uploads\/2011\/02\/vivi_la_vita_incontro_comune.jpg\" width=\"250\" height=\"167\" srcset=\"https:\/\/archiviogioia.lavocedelpaese.info\/wp-content\/uploads\/2011\/02\/vivi_la_vita_incontro_comune.jpg 500w, https:\/\/archiviogioia.lavocedelpaese.info\/wp-content\/uploads\/2011\/02\/vivi_la_vita_incontro_comune-300x200.jpg 300w\" sizes=\"auto, (max-width: 250px) 100vw, 250px\" \/><\/strong>a Provincia di Bari, <strong>ha promosso la campagna di sensibilizzazione \u201cLa vita \u00e8 un soffio<\/strong>,<strong> Vivila!\u201d<\/strong>, <strong>presentata<\/strong> durante la tavola rotonda tenutasi a Palazzo San Domenico <strong>venerd\u00ec, 25 febbraio<\/strong>, e <strong>moderata<\/strong> dalla giornalista <strong>Patrizia Nettis<\/strong>.<\/p>\n<p style=\"text-align: justify;\"><strong>L\u2019iniziativa ha previsto la distribuzione gratuita di alcol test nei bar e nei locali aderenti<\/strong> (Caffetteria degli Angeli, Bar Prestige, Bar Grand\u2019Italia, Bar Dolci Momenti, Bar Aldebaran, Bar Rossini, Bar Zahir, Bar Primo, Bar Tropical, <img loading=\"lazy\" decoding=\"async\" class=\" alignleft size-full wp-image-8223\" style=\"margin: 4px; float: left;\" alt=\"vivi_la_vita_intervento\" src=\"https:\/\/archiviogioia.lavocedelpaese.info\/wp-content\/uploads\/2011\/02\/vivi_la_vita_intervento.jpg\" width=\"150\" height=\"224\" srcset=\"https:\/\/archiviogioia.lavocedelpaese.info\/wp-content\/uploads\/2011\/02\/vivi_la_vita_intervento.jpg 334w, https:\/\/archiviogioia.lavocedelpaese.info\/wp-content\/uploads\/2011\/02\/vivi_la_vita_intervento-200x300.jpg 200w\" sizes=\"auto, (max-width: 150px) 100vw, 150px\" \/>Pietrarosa Caf\u00e8, Bar Capital, Bar Mary, Bar Unab Ku, Bar Avalon, Bar Deja V\u00f9, Bar Panta Rei, Bar Roma, Bar Carpe Diem, Strange Pub, Pizzeria Charlie Pub, Pizzeria Su X Gi\u00f9, Ueffilo Jazz Club, Ristorante Il Borbone, Il Fermento) <strong>nel week-end dal 25 al 27 febbraio<\/strong>.<\/p>\n<p style=\"text-align: justify;\"><strong>Il fine \u00e8 quello di assicurarsi che la quantit\u00e0 di alcol assorbita dall\u2019organismo non sia elevata<\/strong> al tal punto da rendere&nbsp; rischiosa la guida, date anche le recenti modifiche al Codice della Strada, che inaspriscono i provvedimenti contro chi guida in stato di ebbrezza. Numerosi, <strong>gravi e talvolta irreversibili gli effetti generati dall\u2019abuso di bevande alcoliche<\/strong> sull\u2019organismo, <strong>illustrati<\/strong> dal Prof. <strong>Salvatore Scacco<\/strong>, Associato di Bioclinica Chimica alla Facolt\u00e0 di Medicina dell\u2019Universit\u00e0 degli Studi di Bari.<\/p>\n<p style=\"text-align: justify;\"><strong>Il consumo cronico di alcol pu\u00f2 causare danni a <\/strong><img loading=\"lazy\" decoding=\"async\" class=\" alignright size-full wp-image-8224\" style=\"margin: 4px; float: right;\" alt=\"pensaci6\" src=\"https:\/\/archiviogioia.lavocedelpaese.info\/wp-content\/uploads\/2011\/02\/pensaci6.jpg\" width=\"250\" height=\"188\" srcset=\"https:\/\/archiviogioia.lavocedelpaese.info\/wp-content\/uploads\/2011\/02\/pensaci6.jpg 800w, https:\/\/archiviogioia.lavocedelpaese.info\/wp-content\/uploads\/2011\/02\/pensaci6-300x225.jpg 300w, https:\/\/archiviogioia.lavocedelpaese.info\/wp-content\/uploads\/2011\/02\/pensaci6-768x576.jpg 768w\" sizes=\"auto, (max-width: 250px) 100vw, 250px\" \/><strong>livello neurologico e psichico<\/strong>, oltre che malfunzionamento dell\u2019apparato cardiocircolatorio e di quello endocrino. Altri possibili effetti sono la <strong>malformazione del feto<\/strong>, <strong>se assunto da donne in gravidanza<\/strong>, e una depressione del sistema immunitario.<\/p>\n<p style=\"text-align: justify;\">Da non sottovalutare, inoltre, i dati che attestano che <strong>l\u2019alcol \u00e8 responsabile di una percentuale non trascurabile di tumori, oltre che di pi\u00f9 del 60% delle cirrosi e del 45% degli incidenti stradali<\/strong>. <strong>Il consumo di alcol<\/strong>, i cui effetti slittano dall\u2019euforia, allo stato di ebbrezza, all\u2019ubriachezza, <strong>\u00e8 causa di distrazione e confusione mentale<\/strong>, riduc<strong><img loading=\"lazy\" decoding=\"async\" class=\" alignleft size-full wp-image-8225\" style=\"margin: 4px; float: left;\" alt=\"vivi_la_vita_salvatore\" src=\"https:\/\/archiviogioia.lavocedelpaese.info\/wp-content\/uploads\/2011\/02\/vivi_la_vita_salvatore.jpg\" width=\"172\" height=\"257\" srcset=\"https:\/\/archiviogioia.lavocedelpaese.info\/wp-content\/uploads\/2011\/02\/vivi_la_vita_salvatore.jpg 334w, https:\/\/archiviogioia.lavocedelpaese.info\/wp-content\/uploads\/2011\/02\/vivi_la_vita_salvatore-200x300.jpg 200w\" sizes=\"auto, (max-width: 172px) 100vw, 172px\" \/><\/strong>e la visione notturna e porta a sopravvalutare le proprie capacit\u00e0. Compromette, poi, la capacit\u00e0 di coordinazione psicomotoria, rallentando i tempi di reazione.<\/p>\n<p style=\"text-align: justify;\"><strong>Toccante la testimonianza dell\u2019attore e scrittore Fabio Salvatore<\/strong>, che tre anni fa <strong>ha perso il padre in un incidente stradale provocato da un guidatore in stato di ebbrezza<\/strong>. Un evento dovuto al \u201c<strong>malcostume di non amare la propria vita<\/strong>\u201d. La rabbia iniziale ha ceduto il posto al perdono e al dialogo, rivolti a chi vive <strong>forme di disagio come quella dell\u2019alcolismo, dettate spesso da un dolore che non si \u00e8 in grado di \u201cumanizzare\u201d<\/strong>, di accettare come un\u2019opportunit\u00e0 per migliorare la propria vita, per capire che gli ostacoli vanno affrontati, non anestetizzati.<\/p>\n<p style=\"text-align: justify;\"><img loading=\"lazy\" decoding=\"async\" class=\" alignright size-full wp-image-8226\" style=\"margin: 4px; float: right;\" alt=\"sballo\" src=\"https:\/\/archiviogioia.lavocedelpaese.info\/wp-content\/uploads\/2011\/02\/sballo.jpg\" width=\"244\" height=\"183\" srcset=\"https:\/\/archiviogioia.lavocedelpaese.info\/wp-content\/uploads\/2011\/02\/sballo.jpg 640w, https:\/\/archiviogioia.lavocedelpaese.info\/wp-content\/uploads\/2011\/02\/sballo-300x225.jpg 300w\" sizes=\"auto, (max-width: 244px) 100vw, 244px\" \/>Un messaggio che passa attraverso<strong> lo spot di comunicazione sociale \u201cPi\u00f9 vivi di prima\u201d<\/strong>, presentato in anteprima nel corso della serata, in cui <strong>al dolore, alla paura, alla sofferenza, si oppongono forza, speranza e sogni<\/strong>.<\/p>\n<p style=\"text-align: justify;\"><strong>In una popolazione adolescente<\/strong> in cui \u201csballarsi\u201d risponde all\u2019esigenza di seguire la tendenza del momento, <strong>il consumo abituale di alcol rappresenta una problematica di primaria importanza<\/strong>, che va affrontata con azioni sinergiche di prevenzione, informazione e responsabilizzazione. Che avranno i loro risultati, per\u00f2, solo tra chi dotato di giudizio e senso di responsabilit\u00e0. Per se stessi e per gli altri.<\/p>\n","protected":false},"excerpt":{"rendered":"","protected":false},"author":1,"featured_media":8220,"comment_status":"open","ping_status":"closed","sticky":false,"template":"","format":"standard","meta":{"colormag_page_container_layout":"default_layout","colormag_page_sidebar_layout":"default_layout","footnotes":""},"categories":[7],"tags":[],"class_list":["post-8227","post","type-post","status-publish","format-standard","has-post-thumbnail","hentry","category-attualita"],"_links":{"self":[{"href":"https:\/\/archiviogioia.lavocedelpaese.info\/index.php?rest_route=\/wp\/v2\/posts\/8227","targetHints":{"allow":["GET"]}}],"collection":[{"href":"https:\/\/archiviogioia.lavocedelpaese.info\/index.php?rest_route=\/wp\/v2\/posts"}],"about":[{"href":"https:\/\/archiviogioia.lavocedelpaese.info\/index.php?rest_route=\/wp\/v2\/types\/post"}],"author":[{"embeddable":true,"href":"https:\/\/archiviogioia.lavocedelpaese.info\/index.php?rest_route=\/wp\/v2\/users\/1"}],"replies":[{"embeddable":true,"href":"https:\/\/archiviogioia.lavocedelpaese.info\/index.php?rest_route=%2Fwp%2Fv2%2Fcomments&post=8227"}],"version-history":[{"count":0,"href":"https:\/\/archiviogioia.lavocedelpaese.info\/index.php?rest_route=\/wp\/v2\/posts\/8227\/revisions"}],"wp:featuredmedia":[{"embeddable":true,"href":"https:\/\/archiviogioia.lavocedelpaese.info\/index.php?rest_route=\/wp\/v2\/media\/8220"}],"wp:attachment":[{"href":"https:\/\/archiviogioia.lavocedelpaese.info\/index.php?rest_route=%2Fwp%2Fv2%2Fmedia&parent=8227"}],"wp:term":[{"taxonomy":"category","embeddable":true,"href":"https:\/\/archiviogioia.lavocedelpaese.info\/index.php?rest_route=%2Fwp%2Fv2%2Fcategories&post=8227"},{"taxonomy":"post_tag","embeddable":true,"href":"https:\/\/archiviogioia.lavocedelpaese.info\/index.php?rest_route=%2Fwp%2Fv2%2Ftags&post=8227"}],"curies":[{"name":"wp","href":"https:\/\/api.w.org\/{rel}","templated":true}]}}