{"id":8610,"date":"2011-03-14T06:40:15","date_gmt":"2011-03-14T06:40:15","guid":{"rendered":"https:\/\/archiviogioia.lavocedelpaese.info\/?p=8610"},"modified":"2011-03-14T06:40:15","modified_gmt":"2011-03-14T06:40:15","slug":"il-duo-per-pianoforti-yuka-a-ayaka-al-rossini","status":"publish","type":"post","link":"https:\/\/archiviogioia.lavocedelpaese.info\/?p=8610","title":{"rendered":"IL DUO PER PIANOFORTI \u201cYUKA &#038; AYAKA\u201d AL ROSSINI"},"content":{"rendered":"<p><img loading=\"lazy\" decoding=\"async\" class=\" size-full wp-image-8607\" alt=\"duo-yamamoto-legature-pp\" src=\"https:\/\/archiviogioia.lavocedelpaese.info\/wp-content\/uploads\/2011\/03\/duo-yamamoto-legature-pp.jpg\" width=\"320\" height=\"150\" srcset=\"https:\/\/archiviogioia.lavocedelpaese.info\/wp-content\/uploads\/2011\/03\/duo-yamamoto-legature-pp.jpg 320w, https:\/\/archiviogioia.lavocedelpaese.info\/wp-content\/uploads\/2011\/03\/duo-yamamoto-legature-pp-300x141.jpg 300w\" sizes=\"auto, (max-width: 320px) 100vw, 320px\" \/> <\/p>\n<p><!--more--><\/p>\n<p style=\"text-align: justify;\"><strong><img loading=\"lazy\" decoding=\"async\" class=\" alignleft size-full wp-image-4538\" style=\"margin: 4px; float: left;\" alt=\"teatro-rossini-295x201\" src=\"https:\/\/archiviogioia.lavocedelpaese.info\/wp-content\/uploads\/2010\/09\/teatro-rossini-295x201.jpg\" width=\"200\" height=\"136\" \/><\/strong><\/p>\n<div style=\"text-align: justify;\"><\/div>\n<p style=\"text-align: justify;\"><strong>Mercoled\u00ec 23 marzo<\/strong> (ore 21,00) <strong>terzo appuntamento<\/strong> inserito nella Stagione del Teatro Rossini <strong>con il Duo Yuka &amp; Ayaka<\/strong> (due pianoforti), <strong>vincitrici del premio critica dell\u2019ediz<\/strong><strong>ione 2010<\/strong> del <strong>Concorso Internazionale<\/strong> \u201c<strong>P.Argento<\/strong>\u201d, le sorelle Yamamoto si esibiranno in un programma di musiche di Saint Saens, Schubert e Rachmaninoff.<\/p>\n<div style=\"text-align: justify;\"><\/div>\n<p style=\"text-align: justify;\"><strong>Il duo pianistico<\/strong> \u201cYuka &amp; Ayaka\u201d <strong>si \u00e8 costituito a Vienna nel 2009<\/strong>. Gi\u00e0 nello stesso agosto <strong>ha v<\/strong><strong>into<\/strong><strong> <\/strong><strong><img loading=\"lazy\" decoding=\"async\" class=\" alignright size-full wp-image-8608\" style=\"margin: 4px; float: right;\" alt=\"vincitori-concorso-10\" src=\"https:\/\/archiviogioia.lavocedelpaese.info\/wp-content\/uploads\/2011\/03\/vincitori-concorso-10.jpg\" width=\"168\" height=\"296\" srcset=\"https:\/\/archiviogioia.lavocedelpaese.info\/wp-content\/uploads\/2011\/03\/vincitori-concorso-10.jpg 455w, https:\/\/archiviogioia.lavocedelpaese.info\/wp-content\/uploads\/2011\/03\/vincitori-concorso-10-171x300.jpg 171w\" sizes=\"auto, (max-width: 168px) 100vw, 168px\" \/><\/strong><strong>il 33\u00b0 Grand Prixd PTNA Piano Competition<\/strong> nella sezione per 2 pianoforti ed inoltre <strong>il 3\u00b0 Yokohama Internat<\/strong><strong>ional Music Competition<\/strong>. Nel giugno 2010 ha vinto il <strong>1\u00b0 premio nella sezione Musica da Camera<\/strong> e il premio-critica al XIII Concorso Internazionale di Musica \u201c<strong>Pietro Argento<\/strong>\u201d di Gioia del Colle. Ha successivamente vinto <strong>il Grand Prix<\/strong> e <strong>la <\/strong><strong>Ongaku-no-Tomo \u201cMusica Nova\u201d &#8211; Prize<\/strong> al 16\u00b0 Concorso Internazionale per piano duo<strong>, nell\u2019ottobre 2010<\/strong>. Le sorelle Yamamoto <strong>hanno fatto il loro debutto<\/strong> concertistico <strong>nel prestigioso Musikverein di Vienna<\/strong> nel <strong>gennaio 2011<\/strong> e a seguire hanno effettuato una tourn\u00e9e in Giappone nel febbraio 2011.<\/p>\n<div style=\"text-align: justify;\"><\/div>\n<p style=\"text-align: justify;\"><strong>Il duo eseguir\u00e0<\/strong>:<\/p>\n<div style=\"text-align: justify;\"><\/div>\n<p style=\"text-align: justify;\"><strong>Saint-Saens<\/strong>, Variations on a Theme of Beethoven Op.35;<\/p>\n<div style=\"text-align: justify;\"><\/div>\n<p style=\"text-align: justify;\"><strong>Roh Ogura<\/strong>, Dance Suite for two pianos;<\/p>\n<div style=\"text-align: justify;\"><\/div>\n<p style=\"text-align: justify;\"><strong>F. Schubert<\/strong>, Grand Sonata in Bb Major, D. 617;<\/p>\n<div style=\"text-align: justify;\"><\/div>\n<p style=\"text-align: justify;\"><strong>S. Rachmaninoff<\/strong>, Suite no.2 Op.17.<\/p>\n<p style=\"text-align: justify;\"><strong>Si invitano le Associazioni tutte e le Scuole di ogni ordine e grado<\/strong>, presenti sul territorio gioiese, <strong>a testimoniare<\/strong> con la propria presenza, <strong>la vicinanza alle due musiciste <\/strong>presenti a Gioia del Colle e per esse, <strong>idealmente<\/strong>, <strong>a tutto il popolo del Giappone<\/strong>.<\/p>\n<div style=\"text-align: justify;\"><\/div>\n<p style=\"text-align: justify;\"><strong> <\/strong><\/p>\n<div style=\"text-align: justify;\"><\/div>\n<p style=\"text-align: justify;\"><strong>Per questa circostanza \u00e8 stato previsto un biglietto di \u20ac 5,00<\/strong> <strong>valido per due persone<\/strong>, oltre ad <strong>un ingresso omaggio<\/strong> <strong>per<\/strong> il\u00a0 rappresentante di ogni <strong>associazione<\/strong>, il <strong>Capo d\u2019Istituto<\/strong> e gli <strong>insegnanti <\/strong>accompagnatori. Partecipazione <strong>da confermare<\/strong> telefonando <strong>al 080\/3484453<\/strong> dalle ore 18 alle 20, giorni feriali escluso sabato. <strong><img loading=\"lazy\" decoding=\"async\" class=\" alignright size-full wp-image-8609\" style=\"margin: 4px; float: right;\" alt=\"duo_sorelle_yamamoto_concorso_argento\" src=\"https:\/\/archiviogioia.lavocedelpaese.info\/wp-content\/uploads\/2011\/03\/duo_sorelle_yamamoto_concorso_argento.jpg\" width=\"250\" height=\"170\" srcset=\"https:\/\/archiviogioia.lavocedelpaese.info\/wp-content\/uploads\/2011\/03\/duo_sorelle_yamamoto_concorso_argento.jpg 448w, https:\/\/archiviogioia.lavocedelpaese.info\/wp-content\/uploads\/2011\/03\/duo_sorelle_yamamoto_concorso_argento-300x204.jpg 300w\" sizes=\"auto, (max-width: 250px) 100vw, 250px\" \/><\/strong><\/p>\n<div style=\"text-align: justify;\"><\/div>\n<p style=\"text-align: justify;\"><strong> <\/strong><\/p>\n<div style=\"text-align: justify;\"><\/div>\n<p><strong>Ingresso<\/strong> <strong>gratuito<\/strong> per i <strong>bambini fino a 6 anni<\/strong>.<\/p>\n<div style=\"text-align: justify;\"><\/div>\n<p style=\"text-align: justify;\">Info: Tel. 080 3433405 \u2013 fax 080 9190223 &#8211; Cell. 3281891920 &#8211; <a href=\"http:\/\/mce_host\/Parade99@alice.it\">Parade99@alice.it<\/a> <a href=\"http:\/\/www.associazionemusicaledanielelobefaro.it\/\" target=\"_blank\" rel=\"noopener\">www.associazionemusicaledanielelobefaro.it<\/a><\/p>\n<div style=\"text-align: justify;\"><\/div>\n<p style=\"text-align: justify;\"><strong>Prevendite<\/strong>:<\/p>\n<div style=\"text-align: justify;\"><\/div>\n<p style=\"text-align: justify;\"><strong>Ass. D. Lobefaro<\/strong> &#8211; via Flora, 77 &#8211; Gioia del Colle (lunedi, mercoled\u00ec, gioved\u00ec, venerd\u00ec, ore 16,00-20,30);<\/p>\n<div style=\"text-align: justify;\"><\/div>\n<p style=\"text-align: justify;\"><strong>Dixieland<\/strong> &#8211; via Dante, 75 &#8211; Gioia del Colle &#8211; Tel. 080 3484674<\/p>\n<div style=\"text-align: justify;\"><\/div>\n<p style=\"text-align: justify;\"><strong>Alceste Ayroldi <\/strong>&#8211; Responsabile della Comunicazione Legature 2011 &#8211; 339\/2986949.<\/p>\n","protected":false},"excerpt":{"rendered":"","protected":false},"author":1,"featured_media":8607,"comment_status":"open","ping_status":"closed","sticky":false,"template":"","format":"standard","meta":{"colormag_page_container_layout":"default_layout","colormag_page_sidebar_layout":"default_layout","footnotes":""},"categories":[6],"tags":[],"class_list":["post-8610","post","type-post","status-publish","format-standard","has-post-thumbnail","hentry","category-cultura"],"_links":{"self":[{"href":"https:\/\/archiviogioia.lavocedelpaese.info\/index.php?rest_route=\/wp\/v2\/posts\/8610","targetHints":{"allow":["GET"]}}],"collection":[{"href":"https:\/\/archiviogioia.lavocedelpaese.info\/index.php?rest_route=\/wp\/v2\/posts"}],"about":[{"href":"https:\/\/archiviogioia.lavocedelpaese.info\/index.php?rest_route=\/wp\/v2\/types\/post"}],"author":[{"embeddable":true,"href":"https:\/\/archiviogioia.lavocedelpaese.info\/index.php?rest_route=\/wp\/v2\/users\/1"}],"replies":[{"embeddable":true,"href":"https:\/\/archiviogioia.lavocedelpaese.info\/index.php?rest_route=%2Fwp%2Fv2%2Fcomments&post=8610"}],"version-history":[{"count":0,"href":"https:\/\/archiviogioia.lavocedelpaese.info\/index.php?rest_route=\/wp\/v2\/posts\/8610\/revisions"}],"wp:featuredmedia":[{"embeddable":true,"href":"https:\/\/archiviogioia.lavocedelpaese.info\/index.php?rest_route=\/wp\/v2\/media\/8607"}],"wp:attachment":[{"href":"https:\/\/archiviogioia.lavocedelpaese.info\/index.php?rest_route=%2Fwp%2Fv2%2Fmedia&parent=8610"}],"wp:term":[{"taxonomy":"category","embeddable":true,"href":"https:\/\/archiviogioia.lavocedelpaese.info\/index.php?rest_route=%2Fwp%2Fv2%2Fcategories&post=8610"},{"taxonomy":"post_tag","embeddable":true,"href":"https:\/\/archiviogioia.lavocedelpaese.info\/index.php?rest_route=%2Fwp%2Fv2%2Ftags&post=8610"}],"curies":[{"name":"wp","href":"https:\/\/api.w.org\/{rel}","templated":true}]}}