{"id":8736,"date":"2011-03-18T07:20:06","date_gmt":"2011-03-18T07:20:06","guid":{"rendered":"https:\/\/archiviogioia.lavocedelpaese.info\/?p=8736"},"modified":"2011-03-18T07:20:06","modified_gmt":"2011-03-18T07:20:06","slug":"fermiamo-il-rischio-nucleare-vota-si-al-referendum","status":"publish","type":"post","link":"https:\/\/archiviogioia.lavocedelpaese.info\/?p=8736","title":{"rendered":"FERMIAMO IL RISCHIO NUCLEARE, VOTA SI AL REFERENDUM"},"content":{"rendered":"<p><img loading=\"lazy\" decoding=\"async\" class=\" size-full wp-image-8728\" alt=\"greenpeace_lido_venezia-pp\" src=\"https:\/\/archiviogioia.lavocedelpaese.info\/wp-content\/uploads\/2011\/03\/greenpeace_lido_venezia-pp.jpg\" width=\"320\" height=\"150\" srcset=\"https:\/\/archiviogioia.lavocedelpaese.info\/wp-content\/uploads\/2011\/03\/greenpeace_lido_venezia-pp.jpg 640w, https:\/\/archiviogioia.lavocedelpaese.info\/wp-content\/uploads\/2011\/03\/greenpeace_lido_venezia-pp-300x141.jpg 300w\" sizes=\"auto, (max-width: 320px) 100vw, 320px\" \/> <\/p>\n<p><!--more--><\/p>\n<p style=\"text-align: justify;\"><img loading=\"lazy\" decoding=\"async\" class=\" alignleft size-full wp-image-8729\" style=\"margin: 4px; float: left;\" alt=\"ministri_prestigiacomo-romani\" src=\"https:\/\/archiviogioia.lavocedelpaese.info\/wp-content\/uploads\/2011\/03\/ministri_prestigiacomo-romani.jpg\" width=\"250\" height=\"167\" srcset=\"https:\/\/archiviogioia.lavocedelpaese.info\/wp-content\/uploads\/2011\/03\/ministri_prestigiacomo-romani.jpg 600w, https:\/\/archiviogioia.lavocedelpaese.info\/wp-content\/uploads\/2011\/03\/ministri_prestigiacomo-romani-300x201.jpg 300w\" sizes=\"auto, (max-width: 250px) 100vw, 250px\" \/>&#8220;<strong>Sono davvero incredibili e arroganti le affermazioni sul programma nucleare Italiano del Ministro Prestigiacomo<\/strong>&#8221; &#8211; <strong>afferma<\/strong> <strong>Massimo De Maio<\/strong>, presidente di Fare Verde. &#8220;Dopo quello che \u00e8 successo in Giappone <strong>non pu\u00f2 essere n\u00e9 il Ministro Prestigiacomo<\/strong>, <strong>n\u00e9 il Ministro Romani<\/strong>, <strong>n\u00e9<\/strong> il rappresentante degli interessi industriali <strong>Chicco Testa<\/strong> <strong>a decidere se il programma nucleare italiano pu\u00f2 andare avanti<\/strong>&#8221; &#8211; sottolinea De Maio &#8211; &#8220;<strong>Un Governo saggio dovrebbe rimettersi alla volont\u00e0 popolare<\/strong> ed invitare tutti gli Italiani ad esprimersi su una scelta cos\u00ec importante attraverso il referendum gi\u00e0 previsto nei prossimi mesi. Non \u00e8 accettabile che la volont\u00e0 popolare sia invocata solo quando fa comodo. Ciascuno abbia il coraggio di <img loading=\"lazy\" decoding=\"async\" class=\" alignright size-full wp-image-8730\" style=\"margin: 4px; float: right;\" alt=\"giappone_controlli_radiazioni\" src=\"https:\/\/archiviogioia.lavocedelpaese.info\/wp-content\/uploads\/2011\/03\/giappone_controlli_radiazioni.jpg\" width=\"250\" height=\"188\" srcset=\"https:\/\/archiviogioia.lavocedelpaese.info\/wp-content\/uploads\/2011\/03\/giappone_controlli_radiazioni.jpg 400w, https:\/\/archiviogioia.lavocedelpaese.info\/wp-content\/uploads\/2011\/03\/giappone_controlli_radiazioni-300x225.jpg 300w\" sizes=\"auto, (max-width: 250px) 100vw, 250px\" \/>fare la sua campagna referendaria a viso aperto&#8221;.<\/p>\n<div style=\"text-align: justify;\"><\/div>\n<p style=\"text-align: justify;\">&#8220;<strong>Noi continueremo a fare la nostra campagna informando i cittadini sulle implicazioni negative del nucleare<\/strong> in termini economici e tecnologici&#8221; &#8211; conclude De Maio &#8211; &#8220;Parlare dei rischi del nucleare dopo le notizie drammatiche che arrivano dal Giappone sarebbe, infatti, troppo facile&#8221;.<\/p>\n<div style=\"text-align: justify;\"><\/div>\n<p style=\"text-align: justify;\"><strong>Mentre il nostro Governo con un decreto cerca di fermare la corsa delle rinnovali<\/strong>, pi\u00f9 sostenibili e decisamente meno costoso del nucleare, uno dei pochi settori capaci di generare economie e in crescita in periodo di crisi, attuabile oggi e non fra molti anni, invece di ripensare seriamente al futuro energetico del nostro paese, <strong>il <img loading=\"lazy\" decoding=\"async\" class=\" alignleft size-full wp-image-8731\" style=\"margin: 4px; float: left;\" alt=\"giappone-terremoto-e-rischio-nucleare1\" src=\"https:\/\/archiviogioia.lavocedelpaese.info\/wp-content\/uploads\/2011\/03\/giappone-terremoto-e-rischio-nucleare1.jpg\" width=\"250\" height=\"160\" srcset=\"https:\/\/archiviogioia.lavocedelpaese.info\/wp-content\/uploads\/2011\/03\/giappone-terremoto-e-rischio-nucleare1.jpg 472w, https:\/\/archiviogioia.lavocedelpaese.info\/wp-content\/uploads\/2011\/03\/giappone-terremoto-e-rischio-nucleare1-300x192.jpg 300w\" sizes=\"auto, (max-width: 250px) 100vw, 250px\" \/>nostro Ministro dell&#8217;Ambiente nega e minimizza<\/strong> quello che da giorni tecnici competenti temevano: <strong>i reattori stanno saltando a uno a uno<\/strong>, <strong>ci sono fuoriuscite di gas radioattivo<\/strong>, anche controllate per ridurre calore e pressione all&#8217;interno del nucleo. <strong>C&#8217;\u00e8 il rischio di altre esplosioni e altri rilasci di radioattivit\u00e0<\/strong> che il vento sta spingendo verso Tokio.<\/p>\n<div style=\"text-align: justify;\"><\/div>\n<p style=\"text-align: justify;\"><strong>Del pericolo radiazioni lo hanno<\/strong> <strong>confermato le autorit\u00e0 giapponesi<\/strong> e invitano le persone a rimane chiuse in casa nel raggio di 30 Km.<\/p>\n<div style=\"text-align: justify;\"><\/div>\n<p style=\"text-align: justify;\"><strong><img loading=\"lazy\" decoding=\"async\" class=\" alignright size-full wp-image-8732\" style=\"margin: 4px; float: right;\" alt=\"Giappone_a_rischio_esplosione_reattore_3_in_centrale_Fukushima.jpg.scaled1000\" src=\"https:\/\/archiviogioia.lavocedelpaese.info\/wp-content\/uploads\/2011\/03\/Giappone_a_rischio_esplosione_reattore_3_in_centrale_Fukushima.jpg.scaled1000.jpg\" width=\"250\" height=\"158\" srcset=\"https:\/\/archiviogioia.lavocedelpaese.info\/wp-content\/uploads\/2011\/03\/Giappone_a_rischio_esplosione_reattore_3_in_centrale_Fukushima.jpg.scaled1000.jpg 750w, https:\/\/archiviogioia.lavocedelpaese.info\/wp-content\/uploads\/2011\/03\/Giappone_a_rischio_esplosione_reattore_3_in_centrale_Fukushima.jpg.scaled1000-300x190.jpg 300w\" sizes=\"auto, (max-width: 250px) 100vw, 250px\" \/>Da cittadini giapponesi residenti a Tokio sappiamo<\/strong> che le famiglie giapponesi chiuse in casa e che guardano la sola televisione sono tranquillizzati dal loro Governo che incita alla calma.<br \/> Mentre <strong>cittadini pi\u00f9 giovani<\/strong>, che trovano molti canali d&#8217;informazione anche tramite internet, <strong>sono molto preoccupati per i gas radioattivi<\/strong>.<\/p>\n<div style=\"text-align: justify;\"><\/div>\n<p style=\"text-align: justify;\"><strong>In Europa continuano a riunirsi pool di esperti per valutare la sicurezza delle centrali nucleari<\/strong> sul territorio europeo, <strong>la Merkel in Germania ha proposto una moratoria di tre mesi<\/strong> per la costruzione di nuovi impianti <strong>e decide di fermare i pi\u00f9 vecchi, la Svizzera blocca <img loading=\"lazy\" decoding=\"async\" class=\" alignleft size-full wp-image-8733\" style=\"margin: 4px; float: left;\" alt=\"2010_06_21_13_53_11\" src=\"https:\/\/archiviogioia.lavocedelpaese.info\/wp-content\/uploads\/2011\/03\/2010_06_21_13_53_11.jpg\" width=\"200\" height=\"135\" srcset=\"https:\/\/archiviogioia.lavocedelpaese.info\/wp-content\/uploads\/2011\/03\/2010_06_21_13_53_11.jpg 600w, https:\/\/archiviogioia.lavocedelpaese.info\/wp-content\/uploads\/2011\/03\/2010_06_21_13_53_11-300x203.jpg 300w\" sizes=\"auto, (max-width: 200px) 100vw, 200px\" \/>la programmazione di nuove centrali<\/strong>, <strong>l&#8217;Austria<\/strong> (antinuclearizzata come l&#8217;Italia) <strong>chiede il controllo di tutte le centrali in Europa<\/strong> e standard di sicurezza rispettati da tutti i Paesi membri. <strong>Obama non cede<\/strong> e conferma un programma nucleare basato su un indebitamento di 36 miliardi di dollari. <strong>La Cina decide di evacuare i suoi cittadini dalla zona del sisma<\/strong>. <strong>La Francia<\/strong>, con Sarcosy, pi\u00f9 in veste di imprenditore che di presidente, <strong>si preoccupa se riusciranno a vendere i propri reattori nucleari di terza generazione!<\/strong> Ma a consolarlo ci pensa l&#8217;Italia, che non coglie l&#8217;insegnamento giapponese e in modo miope i nostri illustri rappresentanti dichiarano di voler proseguire con il programma nucleare.<\/p>\n<div style=\"text-align: justify;\"><\/div>\n<p style=\"text-align: justify;\"><strong>L&#8217;unico modo di fermare questa cieca e illogica corsa rimane il REFERENDUM<\/strong>. <strong>VOTA SI per fermare il nucleare<\/strong> e <img loading=\"lazy\" decoding=\"async\" class=\" alignright size-full wp-image-8734\" style=\"margin: 4px; float: right;\" alt=\"giappone-nucleare51\" src=\"https:\/\/archiviogioia.lavocedelpaese.info\/wp-content\/uploads\/2011\/03\/giappone-nucleare51.jpg\" width=\"250\" height=\"196\" srcset=\"https:\/\/archiviogioia.lavocedelpaese.info\/wp-content\/uploads\/2011\/03\/giappone-nucleare51.jpg 400w, https:\/\/archiviogioia.lavocedelpaese.info\/wp-content\/uploads\/2011\/03\/giappone-nucleare51-300x236.jpg 300w\" sizes=\"auto, (max-width: 250px) 100vw, 250px\" \/>lavorare serenamente per un futuro energetico indipendente, sostenibile, democratico, moderno e pi\u00f9 economico.<\/p>\n<div style=\"text-align: justify;\"><\/div>\n<p style=\"text-align: justify;\"><strong>Nel mondo esistono ancora troppe centrali nucleari<\/strong>, ma ormai \u00e8 risaputo che <strong>la costruzione di nuove \u00e8 dovuto solo per una questione strategica- militare<\/strong>, in modo da rimanere sempre aggiornati sulla tecnologia nucleare. <strong>Il nucleare civile nasconde anche interessi militari<\/strong>. Anche per questo \u00e8 importante che nel mondo continui l&#8217;impegno e la richiesta di disarmo nucleare.<\/p>\n<div style=\"text-align: justify;\"><\/div>\n<p style=\"text-align: justify;\">Contro il nucleare in Italia e nel mondo. <strong>Nel nostro Paese abbiamo il potere del Referendum&#8230;usiamolo!<\/strong><\/p>\n<div style=\"text-align: justify;\"><\/div>\n<p style=\"text-align: justify;\"><strong>Centrali nel mondo<\/strong><\/p>\n<div style=\"text-align: justify;\"><\/div>\n<p style=\"text-align: justify;\"><strong><img loading=\"lazy\" decoding=\"async\" class=\" alignleft size-full wp-image-8735\" style=\"margin: 4px; float: left;\" alt=\"centrali_nucleari_prestigiacomo\" src=\"https:\/\/archiviogioia.lavocedelpaese.info\/wp-content\/uploads\/2011\/03\/centrali_nucleari_prestigiacomo.jpg\" width=\"290\" height=\"150\" srcset=\"https:\/\/archiviogioia.lavocedelpaese.info\/wp-content\/uploads\/2011\/03\/centrali_nucleari_prestigiacomo.jpg 564w, https:\/\/archiviogioia.lavocedelpaese.info\/wp-content\/uploads\/2011\/03\/centrali_nucleari_prestigiacomo-300x155.jpg 300w\" sizes=\"auto, (max-width: 290px) 100vw, 290px\" \/>Sono 442 i reattori nucleari attivi nel mondo<\/strong>, <strong>concentrati in 29 Paesi<\/strong>. <strong>Altri 65 sono attualmente in costruzione<\/strong>. Il primato mondiale spetta proprio agli <strong>Stati Uniti, con 104<\/strong> \u00abcomignoli\u00bb, ma anche la vicina Europa \u00e8 all\u2019avanguardia e mantiene in funzione ben 165 centrali. Attualmente la maggiore concentrazione di impianti si trova in <strong>Francia<\/strong> &#8211; che <strong>con 58 centrali<\/strong> <strong>\u00e8 al secondo posto nel mondo<\/strong> dopo gli Stati Uniti &#8211; <strong>seguita a distanza da Gran Bretagna<\/strong>, con 19 centrali, <strong>Germania<\/strong> (17) e <strong>Svezia<\/strong> (10). Altri 6 reattori di tipo tradizionale sono in costruzione in Bulgaria, Romania e Slovacchia (2 per ciascun Paese).<\/p>\n<div style=\"text-align: justify;\"><\/div>\n<p style=\"text-align: justify;\"><a href=\"http:\/\/links.mailing.greenpeace.org\/ctt?kn=3&amp;m=36380997&amp;r=NzE4OTAzODcyNgS2&amp;b=0&amp;j=OTY2MTUzMTES1&amp;mt=1&amp;rt=0\" target=\"_blank\" title=\"Partecipa anche tu!\" rel=\"noopener\"><strong>Partecipa anche tu a questa mobilitazione: diffondi la petizione in rete, condividila su Facebook e inoltrala ai tuoi contatti.<\/strong><\/a><strong> <\/strong><strong> <\/strong><\/p>\n","protected":false},"excerpt":{"rendered":"","protected":false},"author":1,"featured_media":8728,"comment_status":"open","ping_status":"closed","sticky":false,"template":"","format":"standard","meta":{"colormag_page_container_layout":"default_layout","colormag_page_sidebar_layout":"default_layout","footnotes":""},"categories":[4],"tags":[],"class_list":["post-8736","post","type-post","status-publish","format-standard","has-post-thumbnail","hentry","category-politica"],"_links":{"self":[{"href":"https:\/\/archiviogioia.lavocedelpaese.info\/index.php?rest_route=\/wp\/v2\/posts\/8736","targetHints":{"allow":["GET"]}}],"collection":[{"href":"https:\/\/archiviogioia.lavocedelpaese.info\/index.php?rest_route=\/wp\/v2\/posts"}],"about":[{"href":"https:\/\/archiviogioia.lavocedelpaese.info\/index.php?rest_route=\/wp\/v2\/types\/post"}],"author":[{"embeddable":true,"href":"https:\/\/archiviogioia.lavocedelpaese.info\/index.php?rest_route=\/wp\/v2\/users\/1"}],"replies":[{"embeddable":true,"href":"https:\/\/archiviogioia.lavocedelpaese.info\/index.php?rest_route=%2Fwp%2Fv2%2Fcomments&post=8736"}],"version-history":[{"count":0,"href":"https:\/\/archiviogioia.lavocedelpaese.info\/index.php?rest_route=\/wp\/v2\/posts\/8736\/revisions"}],"wp:featuredmedia":[{"embeddable":true,"href":"https:\/\/archiviogioia.lavocedelpaese.info\/index.php?rest_route=\/wp\/v2\/media\/8728"}],"wp:attachment":[{"href":"https:\/\/archiviogioia.lavocedelpaese.info\/index.php?rest_route=%2Fwp%2Fv2%2Fmedia&parent=8736"}],"wp:term":[{"taxonomy":"category","embeddable":true,"href":"https:\/\/archiviogioia.lavocedelpaese.info\/index.php?rest_route=%2Fwp%2Fv2%2Fcategories&post=8736"},{"taxonomy":"post_tag","embeddable":true,"href":"https:\/\/archiviogioia.lavocedelpaese.info\/index.php?rest_route=%2Fwp%2Fv2%2Ftags&post=8736"}],"curies":[{"name":"wp","href":"https:\/\/api.w.org\/{rel}","templated":true}]}}