{"id":8994,"date":"2011-03-27T07:52:19","date_gmt":"2011-03-27T07:52:19","guid":{"rendered":"https:\/\/archiviogioia.lavocedelpaese.info\/?p=8994"},"modified":"2011-03-27T07:52:19","modified_gmt":"2011-03-27T07:52:19","slug":"pegorari-angiuli-e-spazio-unotre-incroci-perfetti","status":"publish","type":"post","link":"https:\/\/archiviogioia.lavocedelpaese.info\/?p=8994","title":{"rendered":"PEGORARI-ANGIULI E SPAZIO UNOTRE, \u201cINCROCI\u201d PERFETTI"},"content":{"rendered":"<p><img loading=\"lazy\" decoding=\"async\" class=\" size-full wp-image-8983\" alt=\"incroci-spazio-unotre-pp\" src=\"https:\/\/archiviogioia.lavocedelpaese.info\/wp-content\/uploads\/2011\/03\/incroci-spazio-unotre-pp.jpg\" width=\"320\" height=\"150\" srcset=\"https:\/\/archiviogioia.lavocedelpaese.info\/wp-content\/uploads\/2011\/03\/incroci-spazio-unotre-pp.jpg 640w, https:\/\/archiviogioia.lavocedelpaese.info\/wp-content\/uploads\/2011\/03\/incroci-spazio-unotre-pp-300x141.jpg 300w\" sizes=\"auto, (max-width: 320px) 100vw, 320px\" \/> <\/p>\n<p><!--more--><\/p>\n<p style=\"text-align: justify;\"><strong><img loading=\"lazy\" decoding=\"async\" class=\" alignleft size-full wp-image-8986\" style=\"margin: 4px; float: left;\" alt=\"pasquale_barberio_fisarmonica\" src=\"https:\/\/archiviogioia.lavocedelpaese.info\/wp-content\/uploads\/2011\/03\/pasquale_barberio_fisarmonica.jpg\" width=\"200\" height=\"151\" srcset=\"https:\/\/archiviogioia.lavocedelpaese.info\/wp-content\/uploads\/2011\/03\/pasquale_barberio_fisarmonica.jpg 720w, https:\/\/archiviogioia.lavocedelpaese.info\/wp-content\/uploads\/2011\/03\/pasquale_barberio_fisarmonica-300x227.jpg 300w\" sizes=\"auto, (max-width: 200px) 100vw, 200px\" \/>Il fascino del suono della fisarmonica di Pasquale Barberio ha segnato l\u2019inizio dell\u2019incontro<\/strong> <strong>tenutosi<\/strong>, gioved\u00ec 24 marzo, presso la suggestiva location di <strong>Spazio Unotre<\/strong>, gentilmente messa a disposizione dell\u2019arte dall\u2019ospitalit\u00e0 ineccepibile di Mario Pugliese. Nell\u2019ambito degli appuntamenti letterari, organizzati da <strong>Fortunato Buttiglione<\/strong>, <strong>Giorgio Gasparre<\/strong> e <strong>Giacomo Leronni<\/strong>, si \u00e8 avuta la <strong>presentazione della rivista semestrale \u2018Incroci\u2019<\/strong> \u2013 diretta da <strong>Lino Angiuli<\/strong>, e coodiretta da <strong>Raffaele Nigro<\/strong> e <strong>Daniele Maria Pegorari<\/strong> \u2013 e del secondo <strong>volume<\/strong> de \u2018<strong>Les barisiens<\/strong>\u2019 edito 2010 dalla Stilo Editrice, di Daniele Maria Pegorari.<strong><img loading=\"lazy\" decoding=\"async\" class=\" alignright size-full wp-image-8988\" style=\"margin: 4px; float: right;\" alt=\"incroci-rivista-lino_angiuli\" src=\"https:\/\/archiviogioia.lavocedelpaese.info\/wp-content\/uploads\/2011\/03\/incroci-rivista-lino_angiuli.jpg\" width=\"220\" height=\"172\" srcset=\"https:\/\/archiviogioia.lavocedelpaese.info\/wp-content\/uploads\/2011\/03\/incroci-rivista-lino_angiuli.jpg 720w, https:\/\/archiviogioia.lavocedelpaese.info\/wp-content\/uploads\/2011\/03\/incroci-rivista-lino_angiuli-300x235.jpg 300w\" sizes=\"auto, (max-width: 220px) 100vw, 220px\" \/><\/strong><\/p>\n<div style=\"text-align: justify;\"><\/div>\n<p style=\"text-align: justify;\"><strong>Si parte dalla rivista \u2018Incroci\u2019<\/strong>, il cui scopo \u00e8 quello di mettere in contatto le varie manifestazioni artistiche. <strong>Non si tratta del canonico incontro<\/strong>, n\u00e9 tanto meno di contaminazioni, <strong>l\u2019incrocio \u00e8<\/strong>, per Lino Angiuli, <strong>qualcosa di pi\u00f9<\/strong>. Ed afferma: \u201c<strong>Quando due entit\u00e0 s\u2019incrociano, la terza \u00e8 sia la prima che la seconda entit\u00e0, ma \u00e8 anche altro<\/strong>\u201d.<\/p>\n<div style=\"text-align: justify;\"><\/div>\n<p style=\"text-align: justify;\"><strong>Si apre<\/strong>, quindi, <strong>una prospettiva<\/strong>, <strong>si va verso la possibilit\u00e0<\/strong>, <strong>verso ci\u00f2 che potrebbe esserci<\/strong>, <strong>ma ancora non \u00e8<\/strong>. Sulla magia dell\u2019incrocio verte anche l\u2019intervento di Daniele Maria Pegorari, <img loading=\"lazy\" decoding=\"async\" class=\" alignleft size-full wp-image-8989\" style=\"margin: 4px; float: left;\" alt=\"les-barisiens-pegorari\" src=\"https:\/\/archiviogioia.lavocedelpaese.info\/wp-content\/uploads\/2011\/03\/les-barisiens-pegorari.jpg\" width=\"268\" height=\"176\" \/>ricercatore presso il Dipartimento di Italianistica dell\u2019Universit\u00e0 degli Studi di Bari.<\/p>\n<div style=\"text-align: justify;\"><\/div>\n<p style=\"text-align: justify;\"><strong>\u2018Les barisiens &#8211; Letteratura di una capitale di periferia 1850-<st1:metricconverter productid=\"2010\u2019\" w:st=\"on\">2010\u2019<\/st1:metricconverter> \u00e8 una raccolta antologica di saggi<\/strong>, che fanno il punto della situazione sulla letteratura in Terra di Bari dal periodo risorgimentale ad oggi. <strong>Alla domanda di Giacomo Leronni<\/strong>, che ha condotto la serata, <strong>su quale sia la specificit\u00e0 della letteratura pugliese<\/strong>, <strong>Daniele Maria Pegorari risponde<\/strong>: \u201cCredo che il contributo pi\u00f9 interessante stia proprio nel concetto di incrocio [\u2026]. <strong>La nostra regione \u00e8 stata un luogo di <img loading=\"lazy\" decoding=\"async\" class=\" alignright size-full wp-image-8990\" style=\"margin: 4px; float: right;\" alt=\"incroci_pubblico2\" src=\"https:\/\/archiviogioia.lavocedelpaese.info\/wp-content\/uploads\/2011\/03\/incroci_pubblico2.jpg\" width=\"250\" height=\"138\" srcset=\"https:\/\/archiviogioia.lavocedelpaese.info\/wp-content\/uploads\/2011\/03\/incroci_pubblico2.jpg 720w, https:\/\/archiviogioia.lavocedelpaese.info\/wp-content\/uploads\/2011\/03\/incroci_pubblico2-300x165.jpg 300w\" sizes=\"auto, (max-width: 250px) 100vw, 250px\" \/>incroci fra varie culture<\/strong>, un luogo proteso verso l\u2019oriente. <strong>Basti pensare ai nostri dialetti<\/strong>, nei quali si sentono echi di canti arabi\u201d.<\/p>\n<div style=\"text-align: justify;\"><\/div>\n<p style=\"text-align: justify;\"><strong>Essere periferici<\/strong>, per\u00f2, <strong>comporta il rischio di marginalit\u00e0<\/strong>, il rischio <strong>di non essere ascoltati<\/strong>, e \u201c la mortificazione di un lavoro poetico \u00e8 una mortificazione dolorosa\u201d, cos\u00ec si esprime in proposito il professore. <strong>Forse perch\u00e9 l\u2019opera d\u2019arte altro non \u00e8 che una confessione<\/strong> dell\u2019autore che aspetta solo di essere assolta dal proprio pubblico. Da<strong><img loading=\"lazy\" decoding=\"async\" class=\" alignleft size-full wp-image-8991\" style=\"margin: 4px; float: left;\" alt=\"les_barisiens_libro\" src=\"https:\/\/archiviogioia.lavocedelpaese.info\/wp-content\/uploads\/2011\/03\/les_barisiens_libro.jpg\" width=\"160\" height=\"224\" srcset=\"https:\/\/archiviogioia.lavocedelpaese.info\/wp-content\/uploads\/2011\/03\/les_barisiens_libro.jpg 515w, https:\/\/archiviogioia.lavocedelpaese.info\/wp-content\/uploads\/2011\/03\/les_barisiens_libro-215x300.jpg 215w\" sizes=\"auto, (max-width: 160px) 100vw, 160px\" \/><\/strong>niele Maria Pegorari <strong>sceglie di parlare di periferia piuttosto che di provincia<\/strong>, <strong>perch\u00e9<\/strong> in periferia \u201c<strong>cambiano gli angoli<\/strong>, <strong>i punti di vista<\/strong>, <strong>le prospettive aumentano\u201d<\/strong>. \u201cMa &#8211; continua &#8211; se c\u2019\u00e8 un aspetto barese che \u00e8 <strong>ancora provinciale \u00e8 l\u2019atteggiamento da parte dell\u2019accademia verso i nostri autori<\/strong>\u201d. Fa riferimento a <strong>Vittorio Bodini<\/strong> &#8211; uno dei maggiori poeti del Novecento &#8211; e a quanto \u00e8 stato amato e studiato nella facolt\u00e0 di Lettere e Filosofia dell\u2019Universit\u00e0 degli Studi di Lecce; al contrario dell\u2019<strong>Universit\u00e0 degli Studi di Bari che \u00e8 stata sorda agli input lanciati dai nostri autori<\/strong>, quasi incurante.<\/p>\n<div style=\"text-align: justify;\"><\/div>\n<p style=\"text-align: justify;\">\u00c8 d\u2019obbligo, vista la sua presenza a Gioia, spiegare <strong>il <\/strong><strong>titolo della raccolta<\/strong>, che <strong>nasce da un aneddoto legato al nostro Ricciotto Canudo<\/strong>, che trasferitosi in Francia veniva <strong>appellato<\/strong> <strong>scherzo<\/strong><strong><img loading=\"lazy\" decoding=\"async\" class=\" alignright size-full wp-image-8992\" style=\"margin: 4px; float: right;\" alt=\"atrebil-spazio-unotre\" src=\"https:\/\/archiviogioia.lavocedelpaese.info\/wp-content\/uploads\/2011\/03\/atrebil-spazio-unotre.jpg\" width=\"240\" height=\"164\" \/><\/strong><strong>samente<\/strong> \u2018<strong>barisien<\/strong>\u2019.<\/p>\n<div style=\"text-align: justify;\"><\/div>\n<p style=\"text-align: justify;\"><strong>L\u2019aggettivo lo ritroviamo negli anni 70 quando si form\u00f2 a Bari<\/strong> un \u00e9cole di intellettuali, e <strong>divenne il simbolo di quel movimento culturale<\/strong>. Daniele Maria Pegorari <strong>incanta l\u2019uditorio<\/strong> di Spazio Unotre attraverso un\u2019eloquenza chiara e scorrevole, <strong>capace di rendere fruibili anche i concetti pi\u00f9 complessi<\/strong>.<\/p>\n<div style=\"text-align: justify;\"><\/div>\n<p style=\"text-align: justify;\"><strong>Un \u2018incrocio\u2019, quello fra Lino Angiuli e Daniele Maria Pegorari, capace di creare uno degli appuntamenti pi\u00f9 belli e ad alto valore<\/strong> contenutistico della stagione poetica di <img loading=\"lazy\" decoding=\"async\" class=\" alignleft size-full wp-image-8993\" style=\"margin: 4px; float: left;\" alt=\"valerio-pastore-disegni\" src=\"https:\/\/archiviogioia.lavocedelpaese.info\/wp-content\/uploads\/2011\/03\/valerio-pastore-disegni.jpg\" width=\"220\" height=\"166\" srcset=\"https:\/\/archiviogioia.lavocedelpaese.info\/wp-content\/uploads\/2011\/03\/valerio-pastore-disegni.jpg 720w, https:\/\/archiviogioia.lavocedelpaese.info\/wp-content\/uploads\/2011\/03\/valerio-pastore-disegni-300x227.jpg 300w\" sizes=\"auto, (max-width: 220px) 100vw, 220px\" \/>Spazio Unotre. Il tutto <strong>avvalorato dalle letture affidate agli attori dell\u2019Atrebil<\/strong>, associazione teatrale autoctona, <strong>e dai meravigliosi disegni di Valerio Pastore<\/strong> con i suoi volti e sguardi che continuamente si \u2018incrociano\u2019.<\/p>\n<div style=\"text-align: justify;\"><\/div>\n<p style=\"text-align: justify;\"><strong>Grazie di cuor<\/strong><strong>e a Fabio Guliersi <\/strong>per aver messo a disposizione della nostra redazione i suoi scatti, capaci di rapire i momenti pi\u00f9 salienti della serata.<\/p>\n","protected":false},"excerpt":{"rendered":"","protected":false},"author":1,"featured_media":8984,"comment_status":"open","ping_status":"closed","sticky":false,"template":"","format":"standard","meta":{"colormag_page_container_layout":"default_layout","colormag_page_sidebar_layout":"default_layout","footnotes":""},"categories":[6],"tags":[],"class_list":["post-8994","post","type-post","status-publish","format-standard","has-post-thumbnail","hentry","category-cultura"],"_links":{"self":[{"href":"https:\/\/archiviogioia.lavocedelpaese.info\/index.php?rest_route=\/wp\/v2\/posts\/8994","targetHints":{"allow":["GET"]}}],"collection":[{"href":"https:\/\/archiviogioia.lavocedelpaese.info\/index.php?rest_route=\/wp\/v2\/posts"}],"about":[{"href":"https:\/\/archiviogioia.lavocedelpaese.info\/index.php?rest_route=\/wp\/v2\/types\/post"}],"author":[{"embeddable":true,"href":"https:\/\/archiviogioia.lavocedelpaese.info\/index.php?rest_route=\/wp\/v2\/users\/1"}],"replies":[{"embeddable":true,"href":"https:\/\/archiviogioia.lavocedelpaese.info\/index.php?rest_route=%2Fwp%2Fv2%2Fcomments&post=8994"}],"version-history":[{"count":0,"href":"https:\/\/archiviogioia.lavocedelpaese.info\/index.php?rest_route=\/wp\/v2\/posts\/8994\/revisions"}],"wp:featuredmedia":[{"embeddable":true,"href":"https:\/\/archiviogioia.lavocedelpaese.info\/index.php?rest_route=\/wp\/v2\/media\/8984"}],"wp:attachment":[{"href":"https:\/\/archiviogioia.lavocedelpaese.info\/index.php?rest_route=%2Fwp%2Fv2%2Fmedia&parent=8994"}],"wp:term":[{"taxonomy":"category","embeddable":true,"href":"https:\/\/archiviogioia.lavocedelpaese.info\/index.php?rest_route=%2Fwp%2Fv2%2Fcategories&post=8994"},{"taxonomy":"post_tag","embeddable":true,"href":"https:\/\/archiviogioia.lavocedelpaese.info\/index.php?rest_route=%2Fwp%2Fv2%2Ftags&post=8994"}],"curies":[{"name":"wp","href":"https:\/\/api.w.org\/{rel}","templated":true}]}}