{"id":9356,"date":"2011-04-06T05:00:29","date_gmt":"2011-04-06T05:00:29","guid":{"rendered":"https:\/\/archiviogioia.lavocedelpaese.info\/?p=9356"},"modified":"2011-04-06T05:00:29","modified_gmt":"2011-04-06T05:00:29","slug":"area-51-amico-della-donazione-del-sangue-2","status":"publish","type":"post","link":"https:\/\/archiviogioia.lavocedelpaese.info\/?p=9356","title":{"rendered":"AREA 51 AMICO DELLA DONAZIONE DEL SANGUE"},"content":{"rendered":"<p><img loading=\"lazy\" decoding=\"async\" class=\" size-full wp-image-9350\" alt=\"direttivo-componenti-di-are\" src=\"https:\/\/archiviogioia.lavocedelpaese.info\/wp-content\/uploads\/2011\/04\/direttivo-componenti-di-are.jpg\" width=\"320\" height=\"150\" srcset=\"https:\/\/archiviogioia.lavocedelpaese.info\/wp-content\/uploads\/2011\/04\/direttivo-componenti-di-are.jpg 640w, https:\/\/archiviogioia.lavocedelpaese.info\/wp-content\/uploads\/2011\/04\/direttivo-componenti-di-are-300x141.jpg 300w\" sizes=\"auto, (max-width: 320px) 100vw, 320px\" \/> <\/p>\n<p><!--more--><\/p>\n<p style=\"text-align: justify;\"><strong><img loading=\"lazy\" decoding=\"async\" class=\" alignleft size-full wp-image-9351\" style=\"margin: 4px; float: left;\" alt=\"FIDAS\" src=\"https:\/\/archiviogioia.lavocedelpaese.info\/wp-content\/uploads\/2011\/04\/FIDAS.jpg\" width=\"200\" height=\"101\" srcset=\"https:\/\/archiviogioia.lavocedelpaese.info\/wp-content\/uploads\/2011\/04\/FIDAS.jpg 400w, https:\/\/archiviogioia.lavocedelpaese.info\/wp-content\/uploads\/2011\/04\/FIDAS-300x151.jpg 300w\" sizes=\"auto, (max-width: 200px) 100vw, 200px\" \/>Sabato 2 aprile si \u00e8 svolta un&#8217; altra iniziativa<\/strong> della locale sezione <strong>FIDAS<\/strong>, questa volta si \u00e8 trattato di <strong>una serata danzante<\/strong>. L&#8217;intenzione \u00e8 stata proprio quella di <strong>trascorrere tutti insieme<\/strong>, donatori e non, <strong>una serata all&#8217;insegna del divertimento e dell&#8217;allegria<\/strong>, perch\u00e9 la donazione del sangue \u00e8 un momento di gioia e cos\u00ec deve essere vissuto.<\/p>\n<div style=\"text-align: justify;\"><\/div>\n<p style=\"text-align: justify;\"><strong><img loading=\"lazy\" decoding=\"async\" class=\" alignright size-full wp-image-3632\" style=\"margin: 4px; float: right;\" alt=\"maria-stea\" src=\"https:\/\/archiviogioia.lavocedelpaese.info\/wp-content\/uploads\/2010\/08\/maria-stea.jpg\" width=\"200\" height=\"149\" srcset=\"https:\/\/archiviogioia.lavocedelpaese.info\/wp-content\/uploads\/2010\/08\/maria-stea.jpg 1831w, https:\/\/archiviogioia.lavocedelpaese.info\/wp-content\/uploads\/2010\/08\/maria-stea-300x224.jpg 300w, https:\/\/archiviogioia.lavocedelpaese.info\/wp-content\/uploads\/2010\/08\/maria-stea-1024x765.jpg 1024w, https:\/\/archiviogioia.lavocedelpaese.info\/wp-content\/uploads\/2010\/08\/maria-stea-768x574.jpg 768w, https:\/\/archiviogioia.lavocedelpaese.info\/wp-content\/uploads\/2010\/08\/maria-stea-1536x1148.jpg 1536w\" sizes=\"auto, (max-width: 200px) 100vw, 200px\" \/>Ben 150 persone si sono recate ad<\/strong> <strong>AREA 51<\/strong>, dove si \u00e8 svolta la  serata. <strong>Questo<\/strong><strong> locale<\/strong> non \u00e8 la prima volta che <strong>collabora con la sezione gioiese<\/strong>, infatti lo scorso anno, tutto il carnevale \u00e8 stato dedicato alla sensibilizzazione della donazione del sangue. La serata \u00e8 trascorsa tra balli, giochi e tanto divertimento. <strong>Parte del ricavato \u00e8 stato devoluto all&#8217;associazione<\/strong>, la quale si \u00e8 sentita in dovere di <strong>ringraziare<\/strong> con una targa il proprietario di Area 51 <strong>Pino Caserta<\/strong> e il conduttore della serata, <strong>Donato Milano<\/strong>, quest&#8217;ultimo davvero eccezionale. Senza dubbio <strong>soddisfatta la presidente<\/strong> della Fidas di Gioia, <strong>Maria Stea<\/strong>, che aveva fortemente voluto questa festa proprio <img loading=\"lazy\" decoding=\"async\" class=\" alignleft size-full wp-image-9352\" style=\"margin: 4px; float: left;\" alt=\"momento-di-donazione-in-aut\" src=\"https:\/\/archiviogioia.lavocedelpaese.info\/wp-content\/uploads\/2011\/04\/momento-di-donazione-in-aut.jpg\" width=\"232\" height=\"174\" srcset=\"https:\/\/archiviogioia.lavocedelpaese.info\/wp-content\/uploads\/2011\/04\/momento-di-donazione-in-aut.jpg 591w, https:\/\/archiviogioia.lavocedelpaese.info\/wp-content\/uploads\/2011\/04\/momento-di-donazione-in-aut-300x225.jpg 300w\" sizes=\"auto, (max-width: 232px) 100vw, 232px\" \/>perch\u00e9 spesso la donazione del sangue viene associata a qualcosa di triste, invece deve essere considerato un momento di felicit\u00e0, perch\u00e9 chi riceve questo dono non pu\u00f2 che essere felice, visto che \u00e8 come se avesse in dono un&#8217;altra volta la vita.<\/p>\n<div style=\"text-align: justify;\"><\/div>\n<p style=\"text-align: justify;\"><strong>Domenica 3 aprile<\/strong>, la presidente insieme ad altri componenti del direttivo della sezione si sono recati a Bari, presso l&#8217;Hotel Majesty, dove <strong>si \u00e8 svolto un corso di formazione<\/strong> su &#8220;found raising&#8221; (attivit\u00e0 di raccolta fondi) <strong>tenuto dal dott. Massimiliano Balestrero<\/strong> e dalla dott.ssa <strong>Silvia Nidasio<\/strong>. <strong>Nel pomeriggio<\/strong>, nello stesso luogo, <strong>si \u00e8 tenuta l&#8217;Assemblea Ordinaria dei soci<\/strong> della Federazione, un mom<strong><img loading=\"lazy\" decoding=\"async\" class=\" alignright size-full wp-image-9354\" style=\"margin: 4px; float: right;\" alt=\"autoemoteca-fidas\" src=\"https:\/\/archiviogioia.lavocedelpaese.info\/wp-content\/uploads\/2011\/04\/autoemoteca-fidas.jpg\" width=\"250\" height=\"187\" srcset=\"https:\/\/archiviogioia.lavocedelpaese.info\/wp-content\/uploads\/2011\/04\/autoemoteca-fidas.jpg 591w, https:\/\/archiviogioia.lavocedelpaese.info\/wp-content\/uploads\/2011\/04\/autoemoteca-fidas-300x225.jpg 300w\" sizes=\"auto, (max-width: 250px) 100vw, 250px\" \/><\/strong>ento importante dal punto di vista associativo dove si sono <strong>approvati il bilancio consuntivo 2010 e que<\/strong><strong>llo preventivo 2011<\/strong>, oltre alla relazione morale della presidente.<\/p>\n<div style=\"text-align: justify;\"><\/div>\n<p style=\"text-align: justify;\">L&#8217;attenzione del Consiglio Direttivo adesso \u00e8 rivolta alla <strong>prossima iniziativa<\/strong> del <strong>17 aprile<\/strong>, giornata delle Palme, in cui oltre ad omaggiare i propri donatori con la Palma, <strong>in Piazza Plebiscito si svolger\u00e0 una mattinata di donazione con l&#8217;autoemoteca del policlinico<\/strong>. <strong>In un giorno di pace<\/strong> come quello della festivit\u00e0 delle <strong>Palme<\/strong> non pu\u00f2 esserci <strong>un gesto pi\u00f9 bello se non quello del dono<\/strong>.<\/p>\n<div style=\"text-align: justify;\"><\/div>\n<p style=\"text-align: justify;\">Per maggiori <strong>informazioni<\/strong>: <strong>Maria Stea<\/strong>, tel. 3295791339<\/p>\n","protected":false},"excerpt":{"rendered":"","protected":false},"author":1,"featured_media":9350,"comment_status":"open","ping_status":"closed","sticky":false,"template":"","format":"standard","meta":{"colormag_page_container_layout":"default_layout","colormag_page_sidebar_layout":"default_layout","footnotes":""},"categories":[7],"tags":[],"class_list":["post-9356","post","type-post","status-publish","format-standard","has-post-thumbnail","hentry","category-attualita"],"_links":{"self":[{"href":"https:\/\/archiviogioia.lavocedelpaese.info\/index.php?rest_route=\/wp\/v2\/posts\/9356","targetHints":{"allow":["GET"]}}],"collection":[{"href":"https:\/\/archiviogioia.lavocedelpaese.info\/index.php?rest_route=\/wp\/v2\/posts"}],"about":[{"href":"https:\/\/archiviogioia.lavocedelpaese.info\/index.php?rest_route=\/wp\/v2\/types\/post"}],"author":[{"embeddable":true,"href":"https:\/\/archiviogioia.lavocedelpaese.info\/index.php?rest_route=\/wp\/v2\/users\/1"}],"replies":[{"embeddable":true,"href":"https:\/\/archiviogioia.lavocedelpaese.info\/index.php?rest_route=%2Fwp%2Fv2%2Fcomments&post=9356"}],"version-history":[{"count":0,"href":"https:\/\/archiviogioia.lavocedelpaese.info\/index.php?rest_route=\/wp\/v2\/posts\/9356\/revisions"}],"wp:featuredmedia":[{"embeddable":true,"href":"https:\/\/archiviogioia.lavocedelpaese.info\/index.php?rest_route=\/wp\/v2\/media\/9350"}],"wp:attachment":[{"href":"https:\/\/archiviogioia.lavocedelpaese.info\/index.php?rest_route=%2Fwp%2Fv2%2Fmedia&parent=9356"}],"wp:term":[{"taxonomy":"category","embeddable":true,"href":"https:\/\/archiviogioia.lavocedelpaese.info\/index.php?rest_route=%2Fwp%2Fv2%2Fcategories&post=9356"},{"taxonomy":"post_tag","embeddable":true,"href":"https:\/\/archiviogioia.lavocedelpaese.info\/index.php?rest_route=%2Fwp%2Fv2%2Ftags&post=9356"}],"curies":[{"name":"wp","href":"https:\/\/api.w.org\/{rel}","templated":true}]}}