{"id":9439,"date":"2011-04-08T05:15:30","date_gmt":"2011-04-08T05:15:30","guid":{"rendered":"https:\/\/archiviogioia.lavocedelpaese.info\/?p=9439"},"modified":"2011-04-08T05:15:30","modified_gmt":"2011-04-08T05:15:30","slug":"wwf-in-piazza-per-salvare-il-verde-pubblico","status":"publish","type":"post","link":"https:\/\/archiviogioia.lavocedelpaese.info\/?p=9439","title":{"rendered":"WWF IN PIAZZA, PER SALVARE IL VERDE PUBBLICO"},"content":{"rendered":"<p><img loading=\"lazy\" decoding=\"async\" class=\" size-full wp-image-9435\" alt=\"potature-alberi-via-eva-pp\" src=\"https:\/\/archiviogioia.lavocedelpaese.info\/wp-content\/uploads\/2011\/04\/potature-alberi-via-eva-pp.jpg\" width=\"320\" height=\"150\" srcset=\"https:\/\/archiviogioia.lavocedelpaese.info\/wp-content\/uploads\/2011\/04\/potature-alberi-via-eva-pp.jpg 640w, https:\/\/archiviogioia.lavocedelpaese.info\/wp-content\/uploads\/2011\/04\/potature-alberi-via-eva-pp-300x141.jpg 300w\" sizes=\"auto, (max-width: 320px) 100vw, 320px\" \/> <\/p>\n<p><!--more--><\/p>\n<div style=\"text-align: justify;\"><\/div>\n<p style=\"text-align: justify;\"><strong><img loading=\"lazy\" decoding=\"async\" class=\" alignleft size-full wp-image-9436\" style=\"margin: 4px; float: left;\" alt=\"PandaForestaUrbana2\" src=\"https:\/\/archiviogioia.lavocedelpaese.info\/wp-content\/uploads\/2011\/04\/PandaForestaUrbana2.jpg\" width=\"250\" height=\"198\" srcset=\"https:\/\/archiviogioia.lavocedelpaese.info\/wp-content\/uploads\/2011\/04\/PandaForestaUrbana2.jpg 304w, https:\/\/archiviogioia.lavocedelpaese.info\/wp-content\/uploads\/2011\/04\/PandaForestaUrbana2-300x238.jpg 300w\" sizes=\"auto, (max-width: 250px) 100vw, 250px\" \/>Il 9 e 10 aprile iniziativa regionale del WWF Puglia sul tema del verde pubblico<\/strong>. Prima iniziativa in assoluto organizzata dal WWF Puglia su scala regionale.<\/p>\n<div style=\"text-align: justify;\"><\/div>\n<p style=\"text-align: justify;\"><strong>La manifestazione si articoler\u00e0 in due giornate<\/strong>: <strong>il 9 aprile 2011<\/strong> nella splendida cornice di Palazzo della Marra a Barletta, alle ore 9, <strong>si svolger\u00e0 la conferenza stampa<\/strong> <strong>con la partecipazione<\/strong> del Sindaco di Barletta <strong>Nicola Maffei<\/strong>, dell\u2019Assessore all\u2019Ambiente e Verde pubblico del comune di Barletta <strong>Salvatore Filannino<\/strong>, del Direttore dell\u2019Area politiche per la riqualificazione, la tutela e la sicurezza ambientale e per l\u2019attuazione delle opere pubbliche della Regione Puglia <strong>Antonello Antonicelli<\/strong>, del Presidente e dei Consiglieri regionali del WWF Puglia e del Presidente del WWF di Barletta.<\/p>\n<div style=\"text-align: justify;\"><\/div>\n<p style=\"text-align: justify;\"><img loading=\"lazy\" decoding=\"async\" class=\" alignright size-full wp-image-2654\" style=\"margin: 4px; float: right;\" alt=\"barbanente\" src=\"https:\/\/archiviogioia.lavocedelpaese.info\/wp-content\/uploads\/2010\/06\/barbanente.jpg\" width=\"150\" height=\"172\" \/>Nell\u2019occasione <strong>verranno illustrati i risultati del monitoraggio del verde pubblico di 20 citt\u00e0 pugliesi<\/strong> e verr\u00e0 avanzata una proposta di regolamentazione del settore. A tal fine il WWF Puglia ha <strong>invitato ufficialmente<\/strong> l\u2019assessore regionale all\u2019Assetto del Territorio, Paesaggio e Aree Protette,<br \/> prof.ssa <strong>Angela Barbanente<\/strong>, ad avviare l\u2019iter amministrativo che consenta una pianificazione del verde pubblico delle citt\u00e0 pugliesi attraverso un atto regionale, sia esso una Legge o una Delibera di giunta, che vincoli i comuni a censire il patrimonio verde e ad adottare un il relativo regolamento di gestione. Per questo gli esperti agronomi del WWF Puglia hanno <strong>elaborato un Regolamento standard<\/strong> che potr\u00e0 essere la base di partenza per raggiungere gli scopi pre<strong><img loading=\"lazy\" decoding=\"async\" class=\" alignleft size-full wp-image-9437\" style=\"margin: 4px; float: left;\" alt=\"potatura_alberi_p.zza_pinto\" src=\"https:\/\/archiviogioia.lavocedelpaese.info\/wp-content\/uploads\/2011\/04\/potatura_alberi_p.zza_pinto.jpg\" width=\"246\" height=\"164\" srcset=\"https:\/\/archiviogioia.lavocedelpaese.info\/wp-content\/uploads\/2011\/04\/potatura_alberi_p.zza_pinto.jpg 512w, https:\/\/archiviogioia.lavocedelpaese.info\/wp-content\/uploads\/2011\/04\/potatura_alberi_p.zza_pinto-300x200.jpg 300w\" sizes=\"auto, (max-width: 246px) 100vw, 246px\" \/><\/strong>fissati.<\/p>\n<div style=\"text-align: justify;\"><\/div>\n<p style=\"text-align: justify;\"><strong>Il 10 aprile 2011 <\/strong>le 15 Strutture Territoriali Locali del WWF in Puglia scenderanno<strong> in piazza per spiegare ai cittadini la loro idea di biodiversit\u00e0 urbana. <\/strong><\/p>\n<div style=\"text-align: justify;\"><\/div>\n<p style=\"text-align: justify;\">Le associazioni locali WWF\u00a0<strong>allestiranno il loro gazebo in un luogo significativo della citt\u00e0<\/strong> di riferimento, dove gli alberi sono minacciati di taglio ovvero la manutenzione ordinaria \u00e8 un\u2019utopia. Su ogni albero verr\u00e0 affisso un cartello simbolico che riporter\u00e0 frasi ad effetto.<\/p>\n<div style=\"text-align: justify;\"><\/div>\n<p style=\"text-align: justify;\"><strong>SE GLI ALBERI POTESSERO PARLARE<\/strong><\/p>\n<div style=\"text-align: justify;\"><\/div>\n<p style=\"text-align: justify;\"><img loading=\"lazy\" decoding=\"async\" class=\" alignright size-full wp-image-9438\" style=\"margin: 4px; float: right;\" alt=\"potature-alberi-p.azza-dall\" src=\"https:\/\/archiviogioia.lavocedelpaese.info\/wp-content\/uploads\/2011\/04\/potature-alberi-p.azza-dall.jpg\" width=\"250\" height=\"188\" srcset=\"https:\/\/archiviogioia.lavocedelpaese.info\/wp-content\/uploads\/2011\/04\/potature-alberi-p.azza-dall.jpg 472w, https:\/\/archiviogioia.lavocedelpaese.info\/wp-content\/uploads\/2011\/04\/potature-alberi-p.azza-dall-300x225.jpg 300w\" sizes=\"auto, (max-width: 250px) 100vw, 250px\" \/>Gran parte delle citt\u00e0 pugliesi non ha un censimento del proprio patrimonio verde: questo \u00e8 uno dei dati pi\u00f9 significativi del monitoraggio effettuato su 19 comuni, tra i pi\u00f9 importanti in Puglia: Bari, Lecce, Taranto, Andria, Barletta, Foggia, Molfetta, Monopoli, Martina Franca, Bitonto, Gioia del Colle, Bisceglie, Canosa, Grumo Appula, Palo del Colle, Mola di Bari, Capurso, Triggiano, Binetto. Tra le minacce parassitarie riteniamo gravissima la situazione relativa al punteruolo rosso, che ha invaso quasi tutta la regione. Anche la progettualit\u00e0 non se la passa bene: \u00e8 quasi del tutto assente e\/o bloccata da legacci e legaccioli. Riguardo la tanto vituperata \u201cdemocrazia partecipata\u201d registriamo l\u2019assenza di tavoli verdi con le associazioni ambientaliste.<\/p>\n<div style=\"text-align: justify;\"><\/div>\n<p style=\"text-align: justify;\"><strong>GLI APPUNTAMENTI IN PUGLIA<\/strong><\/p>\n<div style=\"text-align: justify;\"><\/div>\n<p style=\"text-align: justify;\"><img loading=\"lazy\" decoding=\"async\" class=\" alignleft size-full wp-image-7993\" style=\"margin: 4px; float: left;\" alt=\"WWF\" src=\"https:\/\/archiviogioia.lavocedelpaese.info\/wp-content\/uploads\/2011\/02\/WWF.gif\" width=\"250\" height=\"264\" \/>Nei prossimi comunicati esporremo con precisione i dati del monitoraggio e diremo dove allestiremo i banchetti. I nostri canali di informazione sono la mailing list, alla quale ci si pu\u00f2 iscrivere scrivendo a <a href=\"mailto:econewswwfpuglia@gmail.com\" target=\"_blank\" rel=\"noopener\">econewswwfpuglia@gmail.com<\/a> e la pagina face book <a href=\"http:\/\/www.facebook.com\/Econews.WWF.Puglia\" target=\"_blank\" rel=\"noopener\">http:\/\/www.facebook.com\/Econews.WWF.Puglia<\/a>.<\/p>\n<div style=\"text-align: justify;\"><\/div>\n<p style=\"text-align: justify;\">\u201cLa biodiversit\u00e0 urbana rappresenta il primo banco di prova del rapporto del cittadino con la natura \u2013 ha dichiarato il Presidente del WWF Puglia,\u00a0Antonio de Feo \u2013 ed \u00e8 per questo che devono implementarsi tutte le migliori pratiche per incoraggiare la cultura del verde in citt\u00e0. La tutela dell\u2019ambiente parte da casa per giungere sino alle aree protette, motivo per cui il patrimonio verde merita la stessa cura e protezione di queste\u201d.<\/p>\n<div style=\"text-align: justify;\">WWF Gioia del Colle, Acquaviva delle Fonti e Santeramo in Colle\u00a0 <a href=\"http:\/\/wwfgioiacquaviva.netsons.org\/\" target=\"_blank\" rel=\"noopener\">http:\/\/wwfgioiacquaviva.netsons.org<\/a><\/div>\n<div style=\"text-align: justify;\">e-mail: <a href=\"mailto:info@wwfgioiacquaviva.netsons.org\" target=\"_blank\" rel=\"noopener\">info@wwfgioiacquaviva.netsons.org<\/a><\/div>\n","protected":false},"excerpt":{"rendered":"","protected":false},"author":1,"featured_media":9435,"comment_status":"open","ping_status":"closed","sticky":false,"template":"","format":"standard","meta":{"colormag_page_container_layout":"default_layout","colormag_page_sidebar_layout":"default_layout","footnotes":""},"categories":[4],"tags":[],"class_list":["post-9439","post","type-post","status-publish","format-standard","has-post-thumbnail","hentry","category-politica"],"_links":{"self":[{"href":"https:\/\/archiviogioia.lavocedelpaese.info\/index.php?rest_route=\/wp\/v2\/posts\/9439","targetHints":{"allow":["GET"]}}],"collection":[{"href":"https:\/\/archiviogioia.lavocedelpaese.info\/index.php?rest_route=\/wp\/v2\/posts"}],"about":[{"href":"https:\/\/archiviogioia.lavocedelpaese.info\/index.php?rest_route=\/wp\/v2\/types\/post"}],"author":[{"embeddable":true,"href":"https:\/\/archiviogioia.lavocedelpaese.info\/index.php?rest_route=\/wp\/v2\/users\/1"}],"replies":[{"embeddable":true,"href":"https:\/\/archiviogioia.lavocedelpaese.info\/index.php?rest_route=%2Fwp%2Fv2%2Fcomments&post=9439"}],"version-history":[{"count":0,"href":"https:\/\/archiviogioia.lavocedelpaese.info\/index.php?rest_route=\/wp\/v2\/posts\/9439\/revisions"}],"wp:featuredmedia":[{"embeddable":true,"href":"https:\/\/archiviogioia.lavocedelpaese.info\/index.php?rest_route=\/wp\/v2\/media\/9435"}],"wp:attachment":[{"href":"https:\/\/archiviogioia.lavocedelpaese.info\/index.php?rest_route=%2Fwp%2Fv2%2Fmedia&parent=9439"}],"wp:term":[{"taxonomy":"category","embeddable":true,"href":"https:\/\/archiviogioia.lavocedelpaese.info\/index.php?rest_route=%2Fwp%2Fv2%2Fcategories&post=9439"},{"taxonomy":"post_tag","embeddable":true,"href":"https:\/\/archiviogioia.lavocedelpaese.info\/index.php?rest_route=%2Fwp%2Fv2%2Ftags&post=9439"}],"curies":[{"name":"wp","href":"https:\/\/api.w.org\/{rel}","templated":true}]}}