{"id":9458,"date":"2011-04-08T05:33:23","date_gmt":"2011-04-08T05:33:23","guid":{"rendered":"https:\/\/archiviogioia.lavocedelpaese.info\/?p=9458"},"modified":"2011-04-08T05:33:23","modified_gmt":"2011-04-08T05:33:23","slug":"chi-vuole-la-chiusura-del-passaggio-a-livello-2","status":"publish","type":"post","link":"https:\/\/archiviogioia.lavocedelpaese.info\/?p=9458","title":{"rendered":"\u201cCHI VUOLE LA CHIUSURA DEL PASSAGGIO A LIVELLO?\u201d"},"content":{"rendered":"<p><img loading=\"lazy\" decoding=\"async\" class=\" size-full wp-image-9451\" alt=\"passaggio-a-livello--chiuso\" src=\"https:\/\/archiviogioia.lavocedelpaese.info\/wp-content\/uploads\/2011\/04\/passaggio-a-livello-chiuso.jpg\" width=\"320\" height=\"150\" srcset=\"https:\/\/archiviogioia.lavocedelpaese.info\/wp-content\/uploads\/2011\/04\/passaggio-a-livello-chiuso.jpg 640w, https:\/\/archiviogioia.lavocedelpaese.info\/wp-content\/uploads\/2011\/04\/passaggio-a-livello-chiuso-300x141.jpg 300w\" sizes=\"auto, (max-width: 320px) 100vw, 320px\" \/> <\/p>\n<p><!--more--><\/p>\n<p style=\"text-align: justify;\"><strong><img loading=\"lazy\" decoding=\"async\" class=\" alignright size-full wp-image-8217\" style=\"margin: 4px; float: right;\" alt=\"dongiovanni-leonardo\" src=\"https:\/\/archiviogioia.lavocedelpaese.info\/wp-content\/uploads\/2011\/02\/dongiovanni-leonardo.jpg\" width=\"170\" height=\"180\" srcset=\"https:\/\/archiviogioia.lavocedelpaese.info\/wp-content\/uploads\/2011\/02\/dongiovanni-leonardo.jpg 438w, https:\/\/archiviogioia.lavocedelpaese.info\/wp-content\/uploads\/2011\/02\/dongiovanni-leonardo-284x300.jpg 284w\" sizes=\"auto, (max-width: 170px) 100vw, 170px\" \/>In ordine alla questione RFI rendo note alcune considerazioni personali<\/strong> gi\u00e0 rappresentate nelle sedi istituzionali competenti:<\/p>\n<div style=\"text-align: justify;\"><\/div>\n<p style=\"text-align: justify;\"><strong>Rimango esterrefatto dalla \u201cfacilit\u00e0\u201d con la quale gran parte dei membri della nostra amministrazione<\/strong> <strong>ha cambiato radicalmente idea<\/strong> sulle sorti del passaggio a livello di via Dante!<\/p>\n<div style=\"text-align: justify;\"><\/div>\n<p style=\"text-align: justify;\">Io ero sinceramente e forse ingenuamente fermo alla delibera del luglio 2009\u00a0 nella quale l\u2019intero Consiglio Comunale vot\u00f2 all\u2019unanimit\u00e0 un <strong>atto di indirizzo contro la chiusura del passaggio a livello<\/strong>; tutto quello che \u00e8 successo dopo tale data ha riguardato esclusivamente una serie infinita di sollecitazioni del sottoscritto e di qualche altro Collega ad affrontare la questione RFI ed a <strong>cercare una trattativa che potesse definire bonar<\/strong><strong><img loading=\"lazy\" decoding=\"async\" class=\" alignleft size-full wp-image-9453\" style=\"margin: 4px; float: left;\" alt=\"consiglio_maggioranza\" src=\"https:\/\/archiviogioia.lavocedelpaese.info\/wp-content\/uploads\/2011\/04\/consiglio_maggioranza.jpg\" width=\"250\" height=\"166\" srcset=\"https:\/\/archiviogioia.lavocedelpaese.info\/wp-content\/uploads\/2011\/04\/consiglio_maggioranza.jpg 800w, https:\/\/archiviogioia.lavocedelpaese.info\/wp-content\/uploads\/2011\/04\/consiglio_maggioranza-300x200.jpg 300w, https:\/\/archiviogioia.lavocedelpaese.info\/wp-content\/uploads\/2011\/04\/consiglio_maggioranza-768x511.jpg 768w\" sizes=\"auto, (max-width: 250px) 100vw, 250px\" \/><\/strong><strong>iamente il contenzioso<\/strong> mediante soluzioni concordate (e quanto mai opportuno sarebbe stato trattare concretamente con RFI all\u2019indomani della sentenza ad essa sfavorevole della Autorit\u00e0 giudiziaria amministrativa che <strong>si dichiar\u00f2 incompetente<\/strong> \u2026!) e, di contro,\u00a0 vi \u00e8 stato un silenzio assordante degli organi deputati della nostra amministrazione a trattare con RFI.<\/p>\n<div style=\"text-align: justify;\"><\/div>\n<p style=\"text-align: justify;\">Improvvisamente e come di incanto <strong>da qualche settimana sta circolando sempre pi\u00f9 insistentemente la voce<\/strong> (peraltro avvalorata da molti illustri esponenti dell\u2019Amministrazione) <strong>che vuole la chiusura del passaggio a livello di <\/strong><img loading=\"lazy\" decoding=\"async\" class=\" alignright size-full wp-image-9358\" style=\"margin: 4px; float: right;\" alt=\"ferrovia-ponte-passaggi_livello_005\" src=\"https:\/\/archiviogioia.lavocedelpaese.info\/wp-content\/uploads\/2011\/04\/ferrovia-ponte-passaggi_livello_005.jpg\" width=\"250\" height=\"188\" srcset=\"https:\/\/archiviogioia.lavocedelpaese.info\/wp-content\/uploads\/2011\/04\/ferrovia-ponte-passaggi_livello_005.jpg 640w, https:\/\/archiviogioia.lavocedelpaese.info\/wp-content\/uploads\/2011\/04\/ferrovia-ponte-passaggi_livello_005-300x225.jpg 300w\" sizes=\"auto, (max-width: 250px) 100vw, 250px\" \/><strong>via Dante<\/strong> come unica soluzione alla concessione da parte di RFI di presunte autorizzazioni per le opere del cavalcaferrovia di via Giovanni XXIII e del parcheggio di scambio di via Lagomagno. <strong>Chi ha parlato con RFI, cosa si sono detti in questi incontri? Sono state chiacchierate amichevoli o istituzionali?<\/strong> Da cosa dovremmo evincere che RFI ha posto come condizione per la concessione delle autorizzazioni di cui sopra la chiusura del passaggio a livello?<\/p>\n<div style=\"text-align: justify;\"><\/div>\n<p style=\"text-align: justify;\"><strong>Credo che allo stato<\/strong>, in mancanza di idonea documentazione e di approfondimenti, <strong>il sillogismo autorizzazioni\/chiusura del passaggio a livello sia una assurdit\u00e0<\/strong> logica prima ancora che giuridica e invito, pertanto, tutti quanti ad una maggiore riflessione su questo<strong><img loading=\"lazy\" decoding=\"async\" class=\" alignleft size-full wp-image-4644\" style=\"margin: 4px; float: left;\" alt=\"celiberti\" src=\"https:\/\/archiviogioia.lavocedelpaese.info\/wp-content\/uploads\/2010\/09\/celiberti.jpg\" width=\"150\" height=\"200\" srcset=\"https:\/\/archiviogioia.lavocedelpaese.info\/wp-content\/uploads\/2010\/09\/celiberti.jpg 300w, https:\/\/archiviogioia.lavocedelpaese.info\/wp-content\/uploads\/2010\/09\/celiberti-225x300.jpg 225w\" sizes=\"auto, (max-width: 150px) 100vw, 150px\" \/><\/strong> delicatissimo tema evitando fughe in avanti che, perlomeno da chi scrive, non saranno consentite.<\/p>\n<div style=\"text-align: justify;\"><\/div>\n<p style=\"text-align: justify;\"><strong>L\u2019ex Assessore ai lavori pubblici ed il Dirigente dell\u2019Ufficio tecnico<\/strong>, su mia esplicita domanda ripetuta diverse volte in questi ultimi due anni, <strong>hanno sempre assicurato che la questione passaggio a livello era completamente separata dal finanziamento<\/strong> dei famosi sei milioni di euro e tale mi sembra ancora la situazione a giudicare da quanto riferito nelle nostre ultime riunioni anche dai tecnici incaricati (ing. Pepe \u2013 arch. Cirillo).<\/p>\n<div style=\"text-align: justify;\"><\/div>\n<p style=\"text-align: justify;\"><strong>A titolo personale sono e sar\u00f2 sempre contrario alla chiusura del passaggio a livello di via Dante<\/strong> anche alla luce della scarsissima propensione delle opere indicate come riqualificazione del fascio ferroviario a \u201ccompensare\u201d l\u2019eventuale sacrificio della chiusura del passaggio a livello (vedasi, a solo titolo esemplif<img loading=\"lazy\" decoding=\"async\" class=\" alignright size-full wp-image-9455\" style=\"margin: 4px; float: right;\" alt=\"ferrovia-via-dante\" src=\"https:\/\/archiviogioia.lavocedelpaese.info\/wp-content\/uploads\/2011\/04\/ferrovia-via-dante.jpg\" width=\"250\" height=\"188\" srcset=\"https:\/\/archiviogioia.lavocedelpaese.info\/wp-content\/uploads\/2011\/04\/ferrovia-via-dante.jpg 472w, https:\/\/archiviogioia.lavocedelpaese.info\/wp-content\/uploads\/2011\/04\/ferrovia-via-dante-300x225.jpg 300w\" sizes=\"auto, (max-width: 250px) 100vw, 250px\" \/>icativo, l\u2019assenza di interventi sul sottopasso pedonale di via Dante che \u00e8 un vero e proprio scandalo anche con gli accorgimenti previsti nelle opere finanziate e la mancata previsione di un apposito sottovia). A questo proposito <strong>non posso esimermi dall\u2019esprimere il mio pi\u00f9 totale disappunto<\/strong> per avere appreso dai tecnici incaricati che agli stessi non \u00e8 mai stato commissionato alcun incarico e\/o studio di fattibilit\u00e0 al fine di valutare la possibilit\u00e0 di realizzazione del sottovia su via Dante. Il che mi induce legittimamente a pensare che tale opera non \u00e8 mai stata presa in considerazione seriamente quando invece io ritengo che sia ben pi\u00f9 urgente, per esempio, del parcheggio di scambio.<\/p>\n<div style=\"text-align: justify;\"><\/div>\n<p style=\"text-align: justify;\"><strong>Il sottovia sarebbe la vera ed unica opera<\/strong> (costi quel che costi!) <strong>che potrebbe considerarsi un intervento di riqualificazione della via <img loading=\"lazy\" decoding=\"async\" class=\" alignleft size-full wp-image-9432\" style=\"margin: 4px; float: left;\" alt=\"piero_longo_accigliato\" src=\"https:\/\/archiviogioia.lavocedelpaese.info\/wp-content\/uploads\/2011\/04\/piero_longo_accigliato.jpg\" width=\"150\" height=\"182\" srcset=\"https:\/\/archiviogioia.lavocedelpaese.info\/wp-content\/uploads\/2011\/04\/piero_longo_accigliato.jpg 353w, https:\/\/archiviogioia.lavocedelpaese.info\/wp-content\/uploads\/2011\/04\/piero_longo_accigliato-247x300.jpg 247w\" sizes=\"auto, (max-width: 150px) 100vw, 150px\" \/>Dante<\/strong> e che spalancherebbe le porte per la chiusura indolore del passaggio a livello. <strong>Tale opera a confronto con il famoso parcheggio di scambio<\/strong> (costo dell\u2019operazione \u20ac 2.400.000,00) <strong>sarebbe molto pi\u00f9 utile e funzionale per gli interessi della intera citt\u00e0!<\/strong><\/p>\n<div style=\"text-align: justify;\"><\/div>\n<p style=\"text-align: justify;\"><strong>Invito il Sindaco<\/strong>, l\u2019Assessore competente ed il Dirigente dell\u2019Ufficio tecnico <strong>a perseguire altre strade<\/strong> per l\u2019ottenimento del finanziamento delle somme denominate \u201criqualificazione del fascio ferroviario\u201d per esempio producendo atti formali di richiesta a RFI delle necessarie autorizzazioni (<strong>piuttosto che avventurarsi in previsioni<\/strong> del tipo: immaginiamo che RFI non ci dar\u00e0 le autorizzazioni necessarie se non chiudiamo il passaggio a livello&#8230;) ed aspettando le relative risposte (che se negative potrebbero esserci anche utili nella causa dinanzi il Tribunale di Acquaviva).<\/p>\n<div style=\"text-align: justify;\"><\/div>\n<p style=\"text-align: justify;\"><strong>Non condivido il discorso che se non accettiamo di chiudere il passaggio a li<\/strong><strong><img loading=\"lazy\" decoding=\"async\" class=\" alignright size-full wp-image-9456\" style=\"margin: 4px; float: right;\" alt=\"passaggio-livello-dannunzi\" src=\"https:\/\/archiviogioia.lavocedelpaese.info\/wp-content\/uploads\/2011\/04\/passaggio-livello-dannunzi.jpg\" width=\"292\" height=\"219\" srcset=\"https:\/\/archiviogioia.lavocedelpaese.info\/wp-content\/uploads\/2011\/04\/passaggio-livello-dannunzi.jpg 472w, https:\/\/archiviogioia.lavocedelpaese.info\/wp-content\/uploads\/2011\/04\/passaggio-livello-dannunzi-300x225.jpg 300w\" sizes=\"auto, (max-width: 292px) 100vw, 292px\" \/><\/strong><strong>vello perderemo i sei milioni di euro<\/strong> (qualcuno parla addirittura di dieci! Ma ci siamo chiesti se veramente sono ben spesi tutti questi soldi e se per caso si devono spendere e basta?). E meno che meno accetto il discorso che <strong>chi contrasta l\u2019idea di chiudere il passaggio a livello \u00e8 un irresponsabile<\/strong> perch\u00e9 fa perdere a Gioia tanti soldi!<\/p>\n<div style=\"text-align: justify;\"><\/div>\n<p style=\"text-align: justify;\"><strong>FINIAMOLA CON QUESTA MANFRINA!<\/strong><\/p>\n<div style=\"text-align: justify;\"><\/div>\n<p style=\"text-align: justify;\">Rester\u00f2 in attesa di essere invitato a tutti gli incontri locali e\u00a0 non che l\u2019Amministrazione intender\u00e0 realizzare per affrontare il problema e Vi <strong>preannunzio che non intendo pi\u00f9 assecondare supinamente decisioni prese da pochi <\/strong>a totale dispregio degli interessi della citt\u00e0.<\/p>\n<div style=\"text-align: justify;\"><\/div>\n<p style=\"text-align: justify;\"><strong>Mi auguro<\/strong> infine <strong>di\u00a0 non essere costretto a prendere iniziative individuali<\/strong> ad ogni livello <strong>per interrompere questo schifo<\/strong>.<\/p>\n<div style=\"text-align: justify;\"><\/div>\n<p style=\"text-align: right;\">Leonardo Dongiovanni<\/p>\n","protected":false},"excerpt":{"rendered":"","protected":false},"author":1,"featured_media":9451,"comment_status":"open","ping_status":"closed","sticky":false,"template":"","format":"standard","meta":{"colormag_page_container_layout":"default_layout","colormag_page_sidebar_layout":"default_layout","footnotes":""},"categories":[4],"tags":[],"class_list":["post-9458","post","type-post","status-publish","format-standard","has-post-thumbnail","hentry","category-politica"],"_links":{"self":[{"href":"https:\/\/archiviogioia.lavocedelpaese.info\/index.php?rest_route=\/wp\/v2\/posts\/9458","targetHints":{"allow":["GET"]}}],"collection":[{"href":"https:\/\/archiviogioia.lavocedelpaese.info\/index.php?rest_route=\/wp\/v2\/posts"}],"about":[{"href":"https:\/\/archiviogioia.lavocedelpaese.info\/index.php?rest_route=\/wp\/v2\/types\/post"}],"author":[{"embeddable":true,"href":"https:\/\/archiviogioia.lavocedelpaese.info\/index.php?rest_route=\/wp\/v2\/users\/1"}],"replies":[{"embeddable":true,"href":"https:\/\/archiviogioia.lavocedelpaese.info\/index.php?rest_route=%2Fwp%2Fv2%2Fcomments&post=9458"}],"version-history":[{"count":0,"href":"https:\/\/archiviogioia.lavocedelpaese.info\/index.php?rest_route=\/wp\/v2\/posts\/9458\/revisions"}],"wp:featuredmedia":[{"embeddable":true,"href":"https:\/\/archiviogioia.lavocedelpaese.info\/index.php?rest_route=\/wp\/v2\/media\/9451"}],"wp:attachment":[{"href":"https:\/\/archiviogioia.lavocedelpaese.info\/index.php?rest_route=%2Fwp%2Fv2%2Fmedia&parent=9458"}],"wp:term":[{"taxonomy":"category","embeddable":true,"href":"https:\/\/archiviogioia.lavocedelpaese.info\/index.php?rest_route=%2Fwp%2Fv2%2Fcategories&post=9458"},{"taxonomy":"post_tag","embeddable":true,"href":"https:\/\/archiviogioia.lavocedelpaese.info\/index.php?rest_route=%2Fwp%2Fv2%2Ftags&post=9458"}],"curies":[{"name":"wp","href":"https:\/\/api.w.org\/{rel}","templated":true}]}}