{"id":9559,"date":"2011-04-11T06:42:46","date_gmt":"2011-04-11T06:42:46","guid":{"rendered":"https:\/\/archiviogioia.lavocedelpaese.info\/?p=9559"},"modified":"2011-04-11T06:42:46","modified_gmt":"2011-04-11T06:42:46","slug":"il-consigliere-bradascio-si-dimette-da-coordinatore","status":"publish","type":"post","link":"https:\/\/archiviogioia.lavocedelpaese.info\/?p=9559","title":{"rendered":"IL CONSIGLIERE BRADASCIO SI DIMETTE DA COORDINATORE"},"content":{"rendered":"<p><img loading=\"lazy\" decoding=\"async\" class=\" size-full wp-image-9556\" alt=\"consiglio-minoranza-pp\" src=\"https:\/\/archiviogioia.lavocedelpaese.info\/wp-content\/uploads\/2011\/04\/consiglio-minoranza-pp.jpg\" width=\"320\" height=\"150\" srcset=\"https:\/\/archiviogioia.lavocedelpaese.info\/wp-content\/uploads\/2011\/04\/consiglio-minoranza-pp.jpg 640w, https:\/\/archiviogioia.lavocedelpaese.info\/wp-content\/uploads\/2011\/04\/consiglio-minoranza-pp-300x141.jpg 300w\" sizes=\"auto, (max-width: 320px) 100vw, 320px\" \/> <\/p>\n<p><!--more--><\/p>\n<p style=\"text-align: justify;\"><img loading=\"lazy\" decoding=\"async\" class=\" alignleft size-full wp-image-2732\" style=\"margin: 4px; float: left;\" alt=\"tommaso_bradascio\" src=\"https:\/\/archiviogioia.lavocedelpaese.info\/wp-content\/uploads\/2010\/06\/tommaso_bradascio.jpg\" width=\"170\" height=\"227\" srcset=\"https:\/\/archiviogioia.lavocedelpaese.info\/wp-content\/uploads\/2010\/06\/tommaso_bradascio.jpg 1200w, https:\/\/archiviogioia.lavocedelpaese.info\/wp-content\/uploads\/2010\/06\/tommaso_bradascio-225x300.jpg 225w, https:\/\/archiviogioia.lavocedelpaese.info\/wp-content\/uploads\/2010\/06\/tommaso_bradascio-768x1024.jpg 768w, https:\/\/archiviogioia.lavocedelpaese.info\/wp-content\/uploads\/2010\/06\/tommaso_bradascio-1152x1536.jpg 1152w\" sizes=\"auto, (max-width: 170px) 100vw, 170px\" \/>Se da una parte la <strong>maggioranza continua ad essere interessata da scosse di \u201cassestamento\u201d <\/strong>interne, l\u2019ultimo scossone in ordine temporale lo ha rifilato il consigliere <strong>Leonardo Dongiovanni<\/strong>, dall\u2019altra parte certamente non si pu\u00f2 dire che <strong>i rapporti all\u2019interno dell\u2019opposizione consiliare<\/strong> siano cos\u00ec idilliaci.<\/p>\n<div style=\"text-align: justify;\"><\/div>\n<p style=\"text-align: justify;\"><strong>Dietro una calma apparente, e una ritrovata unit\u00e0<\/strong>, affermata pi\u00f9 volte fino a ieri, <strong>ecco scoppiare<\/strong> al loro interno <strong>la mina lanciata dal consigliere Tommaso Bradascio<\/strong> che, come un fulmine a ciel sereno, comunica di voler <strong>rinunciare al suo \u201cruolo di coordinatore dell\u2019opposizione\u201d<\/strong>.<\/p>\n<div style=\"text-align: justify;\"><\/div>\n<p style=\"text-align: justify;\"><strong>Una decisione che ho maturato all\u2019indomani del consiglio comunale svoltosi il 1\u00b0 aprile<\/strong>, cos\u00ec si esprime dietro nostra richiesta di chiarimenti sui perch\u00e9, a causa di alcuni <strong>comportamenti incomprensibili assunti da alcuni consiglieri<\/strong> <strong>di minoranza<\/strong> in merito alle mie proposte, avanzate in quella sede, di <strong>modificare il Regolamento ICI<\/strong> e tese a ridurre la tassazione delle <strong>aree edificabili insistenti nella Zona F e D non utilizzate<\/strong>.<\/p>\n<div style=\"text-align: justify;\"><\/div>\n<p style=\"text-align: justify;\"><img loading=\"lazy\" decoding=\"async\" class=\" alignright size-full wp-image-5425\" style=\"margin: 4px; float: right;\" alt=\"consiglio-comunale-pp\" src=\"https:\/\/archiviogioia.lavocedelpaese.info\/wp-content\/uploads\/2010\/10\/consiglio-comunale-pp.jpg\" width=\"346\" height=\"162\" srcset=\"https:\/\/archiviogioia.lavocedelpaese.info\/wp-content\/uploads\/2010\/10\/consiglio-comunale-pp.jpg 640w, https:\/\/archiviogioia.lavocedelpaese.info\/wp-content\/uploads\/2010\/10\/consiglio-comunale-pp-300x141.jpg 300w\" sizes=\"auto, (max-width: 346px) 100vw, 346px\" \/>Una richiesta, precisa il consigliere, avanzata e discussa pi\u00f9 volte in sede di commissione consiliare, che tutti conoscevano e che andava avanti da oltre un anno. <strong>Mai mi sarei aspettato che in sede di votazione alcuni dei miei colleghi di coalizione votassero contro<\/strong> gli emendamenti presentati non da un consigliere qualunque, ma dal loro stesso coordinatore. Un comportamento che di fatto non solo <strong>ha esautorato di autorit\u00e0 istituzionale e delegittimato detta figura<\/strong>, ma pone un problema molto serio sulla necessit\u00e0 di prevederla per il futuro.<\/p>\n<div style=\"text-align: justify;\"><\/div>\n<p style=\"text-align: justify;\"><strong>Non so quali poteri o interessi trasversali ci siano dietro queste decisioni<\/strong>, sta di fatto per\u00f2, conclude amareggiato, che <strong>non intendo essere ancora usato per portare la bandiera<\/strong> di una opposizione che a questo punto deve andare avanti autonomamente e assumersi le proprie responsabilit\u00e0. E&#8217; <strong>troppo bello impegnarsi e lavorare per gli altri, senza un progetto alternativo<\/strong> che qualcuno, a quanto sembra, sta invece elaborando, senza per\u00f2 informare gli altri, o parte di essi.<\/p>\n<div style=\"text-align: justify;\"><\/div>\n<p style=\"text-align: justify;\">Pubblichiamo in calce il messaggio ufficiale che il consigliere Tommaso Bradascio ha inviato alla nostra redazione.<\/p>\n<div style=\"text-align: justify;\"><\/div>\n<p style=\"text-align: center;\">&#8212;&#8212;&#8212;&#8212;&#8212;&#8212;&#8212;&#8212;&#8212;&#8212;&#8212;&#8212;&#8212;&#8212;&#8212;&#8212;&#8212;&#8212;&#8212;&#8212;&#8212;&#8212;&#8212;-<\/p>\n<div style=\"text-align: justify;\"><\/div>\n<p style=\"text-align: justify;\"><img loading=\"lazy\" decoding=\"async\" class=\" alignleft size-full wp-image-5787\" style=\"margin: 4px; float: left;\" alt=\"municipio-ingresso\" src=\"https:\/\/archiviogioia.lavocedelpaese.info\/wp-content\/uploads\/2010\/11\/municipio-ingresso.jpg\" width=\"200\" height=\"266\" srcset=\"https:\/\/archiviogioia.lavocedelpaese.info\/wp-content\/uploads\/2010\/11\/municipio-ingresso.jpg 272w, https:\/\/archiviogioia.lavocedelpaese.info\/wp-content\/uploads\/2010\/11\/municipio-ingresso-225x300.jpg 225w\" sizes=\"auto, (max-width: 200px) 100vw, 200px\" \/>Il 1\u00b0 aprile finalmente \u00e8 giunta in consiglio comunale la mia insistente richiesta di rivedere il regolamento comunale per la disciplina dell\u2019ICI alla luce delle recenti normative, ma soprattutto delle situazioni di fatto venutesi a creare in questi ultimi anni. Con la mia interpellanza consiliare di oltre un anno fa, infatti, chiedevo la revisione dell\u2019ICI nelle aree tipizzate D1 (zona industriale) dove i proprietari dei terreni erano costretti a continuare a pagare una aliquota del 7 per mille per un\u2019area che, pur tipizzata edificabile dal PRG e oggetto di uno strumento attuativo (il piano per gli insediamenti produttivi), non ha mai visto il decollo non avendo il Comune proceduto agli espropri finalizzati agli insediamenti produttivi, anche per le scarse richieste da parte degli imprenditori e per gli eccessivi costi necessari alla realizzazione delle opere di urbanizzazione e dei servizi. E\u2019 evidente che in queste condizioni non era possibile tollerare che i proprietari dei terreni continuassero a pagare l\u2019aliquota massima. A conti fatti, quei terreni restano ancora agricoli senza alcuna reale suscettibilit\u00e0 di incremento di valore di mercato. E questo perch\u00e9, a differenza delle zone F (aree a servizi), nelle zone D l\u2019intervento \u00e8 possibile solo attraverso uno strumento pubblico attuativo. Inoltre la mia interpellanza chiedeva di rivedere l\u2019applicazione dell\u2019ICI nelle zone F, sulla base di un principio di equit\u00e0 fiscale fra tutte le aree non residenziali.<\/p>\n<div style=\"text-align: justify;\"><\/div>\n<p style=\"text-align: justify;\">Gli emendamenti da me proposti nella seduta consiliare erano finalizzati a:<\/p>\n<div style=\"text-align: justify;\">\n<ul>\n<li>ridurre al minimo, se proprio non era possibile l\u2019esenzione totale, l\u2019imposizione ICI sui terreni della zona D1, sui quali per giunta \u00e8 scaduto anche il PIP per decorrenza dei termini;<\/li>\n<li>esentare dall\u2019ICI la zona a valenza ambientale della zona D1;<\/li>\n<li>riequilibrare l\u2019imposizione sulle aree edificabili delle zone F, alla luce delle situazioni di fatto venutesi a creare negli ultimi anni<\/li>\n<li>rivedere la perimetrazione della zona A oggetto di agevolazioni e incentivi, essendomi reso conto che la modifica apportata l\u2019anno scorso estendeva il trattamento di favore anche a locali di particolare pregio (per esempio quelli di via Garibaldi).<\/li>\n<\/ul>\n<\/div>\n<p style=\"text-align: justify;\"><img loading=\"lazy\" decoding=\"async\" class=\" alignright size-full wp-image-9453\" style=\"margin: 4px; float: right;\" alt=\"consiglio_maggioranza\" src=\"https:\/\/archiviogioia.lavocedelpaese.info\/wp-content\/uploads\/2011\/04\/consiglio_maggioranza.jpg\" width=\"270\" height=\"179\" srcset=\"https:\/\/archiviogioia.lavocedelpaese.info\/wp-content\/uploads\/2011\/04\/consiglio_maggioranza.jpg 800w, https:\/\/archiviogioia.lavocedelpaese.info\/wp-content\/uploads\/2011\/04\/consiglio_maggioranza-300x200.jpg 300w, https:\/\/archiviogioia.lavocedelpaese.info\/wp-content\/uploads\/2011\/04\/consiglio_maggioranza-768x511.jpg 768w\" sizes=\"auto, (max-width: 270px) 100vw, 270px\" \/>La seduta consiliare \u00e8 stata molto animata e non priva di momenti di particolare tensione. Gli emendamenti, proposti da me in uno spirito collaborativo e non ostruzionistico (come qualcuno della maggioranza si \u00e8 permesso di dire), erano dettati da principi di giustizia e di tutela degli interessi collettivi delle persone, e non certo da interessi personali e di bottega. Questo lo testimonia l\u2019intera mia azione amministrativa.<\/p>\n<div style=\"text-align: justify;\"><\/div>\n<p style=\"text-align: justify;\">Posso dire che il risultato ottenuto pu\u00f2 considerarsi positivo, pur con alcune incongruenze, anche se non tutte le mie proposte sono passate come avrei voluto. Sta di fatto che la maggioranza ha dovuto piegarsi di fronte alla mia determinazione nel porre con forza emendamenti basati esclusivamente su principi di equit\u00e0 e di giustizia sociale. Per questo ho dato il mio voto favorevole sull\u2019intero provvedimento, essendo riuscito a ridurre i \u201cdanni collaterali\u201d con questi risultati:<\/p>\n<div style=\"text-align: justify;\">\n<ol>\n<li><span style=\"text-decoration: underline;\">suoli non ancora edificati delle zone D<\/span>:\n<ol>\n<li>l\u2019aliquota si riduce dal 7 al 4 per mille;<\/li>\n<li>l\u2019imposta cos\u00ec determinata viene ulteriormente ridotta del 60% in quanto lo strumento urbanistico di attuazione \u00e8 scaduto;<\/li>\n<li>l\u2019imposta si riduce di un ulteriore 30% in mancanza del lotto minimo di intervento.<\/li>\n<\/ol>\n<\/li>\n<li><span style=\"text-decoration: underline;\">terreni inseriti nell\u2019area a valenza ambientale della zona D1<\/span>\n<ol>\n<li>l\u2019aliquota si riduce dal 7 al 4 per mille e l\u2019imposta subisce un ulteriore 90%, senza condizioni.<\/li>\n<\/ol>\n<\/li>\n<li><span style=\"text-decoration: underline;\">suoli inseriti nelle zone F<\/span>\n<ol>\n<li>riequilibrio fra le diverse tipologie e applicazione dell\u2019aliquota ridotta del 4 per mille in assenza di permesso di costruire.<\/li>\n<\/ol>\n<\/li>\n<li><span style=\"text-decoration: underline;\">inserimento nel corpo della delibera del\u2019impegno dell\u2019Amministrazione a:<\/span>\n<ol>\n<li>predisporre atto consiliare di variante urbanistica per riperimetrare la zona D1 sulla base delle reali esigenze, esonerando cos\u00ec fiscalmente i proprietari dei terreni esclusi;<\/li>\n<li>predisporre una ricognizione complessiva delle aree tipizzate \u201cF\u201d nel vigente PRG al fine di tentare l\u2019elaborazione di un piano concreto dei servizi, coniugando le legittime esigenze del pubblico e del privato attraverso la perequazione urbanistica prevista dalla legge Regionale n. 20.<\/li>\n<\/ol>\n<\/li>\n<\/ol>\n<\/div>\n<p style=\"text-align: justify;\"><img loading=\"lazy\" decoding=\"async\" class=\" alignright size-full wp-image-9557\" style=\"margin: 4px; float: right;\" alt=\"zona-industriale\" src=\"https:\/\/archiviogioia.lavocedelpaese.info\/wp-content\/uploads\/2011\/04\/zona-industriale.jpg\" width=\"270\" height=\"170\" srcset=\"https:\/\/archiviogioia.lavocedelpaese.info\/wp-content\/uploads\/2011\/04\/zona-industriale.jpg 472w, https:\/\/archiviogioia.lavocedelpaese.info\/wp-content\/uploads\/2011\/04\/zona-industriale-300x189.jpg 300w\" sizes=\"auto, (max-width: 270px) 100vw, 270px\" \/>Egoisticamente parlando potrei sentirmi anche soddisfatto del risultato. Ma cos\u00ec non \u00e8 perch\u00e9, dal mio punto di vista, nel corso della seduta consiliare si \u00e8 verificata una situazione a dir poco assurda e non priva di conseguenze. Di fronte ad una maggioranza allo sbando, arruffona e priva di prospettive progettuali, la minoranza non ha saputo o voluto approfittarne incartandosi in un incomprensibile atteggiamento non collaborativo con le proposte e gli emendamenti sostenuti da colui che \u00e8 stato nominato \u201ccoordinatore dell\u2019opposizione consiliare\u201d. Difatti sulla perimetrazione della zona A, l\u2019emendamento non \u00e8 passato per un voto (favorevoli 8 consiglieri; contrari 9 di cui 4 dell\u2019opposizione; astenuti 2). Sugli altri emendamenti l\u2019opposizione ha avuto posizioni ballerine e non sempre in sintonia col suo \u201ccoordinatore\u201d. Il documento complessivo, nonostante gli emendamenti approvati e il parere favorevole della 1\u00b0 Commissione che ha predisposto il regolamento, ha visto il voto contrario di 6 consiglieri dell\u2019opposizione ed \u00e8 stato approvato con 13 voti favorevoli, fra i quali il mio per le motivazioni che ho detto prima.<\/p>\n<div style=\"text-align: justify;\"><\/div>\n<p style=\"text-align: justify;\">Alla luce dei fatti, cos\u00ec come si sono svolti, mi sento costretto a trarre le dovute conclusioni conseguenti ad una delegittimazione di fatto del mio ruolo di \u201ccoordinatore dell\u2019opposizione consiliare\u201d. Deduco perci\u00f2 che la mia persona viene malamente considerata a uso e consumo di alcuni maggiorenti e messa da parte quando la mia azione rischia di andare in rotta di collisione con interessi che potrebbero apparire trasversali e sicuramente indecifrabili. Credo allora che sia giunto il momento di dover amaramente riprendermi la mia libert\u00e0 di giudizio e di azione, e quindi di rinunciare al ruolo di \u201ccoordinatore dell\u2019opposizione\u201d, nel solo scopo di mantenere fede agli impegni da me assunti nei confronti della citt\u00e0 e degli elettori.<\/p>\n<div style=\"text-align: justify;\"><\/div>\n<p style=\"text-align: right;\"><strong>Tommaso Bradascio &#8211; <\/strong>Consigliere Comunale<\/p>\n","protected":false},"excerpt":{"rendered":"","protected":false},"author":1,"featured_media":9556,"comment_status":"open","ping_status":"closed","sticky":false,"template":"","format":"standard","meta":{"colormag_page_container_layout":"default_layout","colormag_page_sidebar_layout":"default_layout","footnotes":""},"categories":[4],"tags":[],"class_list":["post-9559","post","type-post","status-publish","format-standard","has-post-thumbnail","hentry","category-politica"],"_links":{"self":[{"href":"https:\/\/archiviogioia.lavocedelpaese.info\/index.php?rest_route=\/wp\/v2\/posts\/9559","targetHints":{"allow":["GET"]}}],"collection":[{"href":"https:\/\/archiviogioia.lavocedelpaese.info\/index.php?rest_route=\/wp\/v2\/posts"}],"about":[{"href":"https:\/\/archiviogioia.lavocedelpaese.info\/index.php?rest_route=\/wp\/v2\/types\/post"}],"author":[{"embeddable":true,"href":"https:\/\/archiviogioia.lavocedelpaese.info\/index.php?rest_route=\/wp\/v2\/users\/1"}],"replies":[{"embeddable":true,"href":"https:\/\/archiviogioia.lavocedelpaese.info\/index.php?rest_route=%2Fwp%2Fv2%2Fcomments&post=9559"}],"version-history":[{"count":0,"href":"https:\/\/archiviogioia.lavocedelpaese.info\/index.php?rest_route=\/wp\/v2\/posts\/9559\/revisions"}],"wp:featuredmedia":[{"embeddable":true,"href":"https:\/\/archiviogioia.lavocedelpaese.info\/index.php?rest_route=\/wp\/v2\/media\/9556"}],"wp:attachment":[{"href":"https:\/\/archiviogioia.lavocedelpaese.info\/index.php?rest_route=%2Fwp%2Fv2%2Fmedia&parent=9559"}],"wp:term":[{"taxonomy":"category","embeddable":true,"href":"https:\/\/archiviogioia.lavocedelpaese.info\/index.php?rest_route=%2Fwp%2Fv2%2Fcategories&post=9559"},{"taxonomy":"post_tag","embeddable":true,"href":"https:\/\/archiviogioia.lavocedelpaese.info\/index.php?rest_route=%2Fwp%2Fv2%2Ftags&post=9559"}],"curies":[{"name":"wp","href":"https:\/\/api.w.org\/{rel}","templated":true}]}}