{"id":9585,"date":"2011-04-11T07:29:47","date_gmt":"2011-04-11T07:29:47","guid":{"rendered":"https:\/\/archiviogioia.lavocedelpaese.info\/?p=9585"},"modified":"2011-04-11T07:29:47","modified_gmt":"2011-04-11T07:29:47","slug":"donazione-midollo-osseo-sullonda-della-solidarieta","status":"publish","type":"post","link":"https:\/\/archiviogioia.lavocedelpaese.info\/?p=9585","title":{"rendered":"DONAZIONE MIDOLLO OSSEO \u201cSULL\u2019ONDA DELLA SOLIDARIETA\u2019\u201d"},"content":{"rendered":"<p><img loading=\"lazy\" decoding=\"async\" class=\" size-full wp-image-9582\" alt=\"admo-logo-nazionale-pp\" src=\"https:\/\/archiviogioia.lavocedelpaese.info\/wp-content\/uploads\/2011\/04\/admo-logo-nazionale-pp.jpg\" width=\"320\" height=\"150\" srcset=\"https:\/\/archiviogioia.lavocedelpaese.info\/wp-content\/uploads\/2011\/04\/admo-logo-nazionale-pp.jpg 640w, https:\/\/archiviogioia.lavocedelpaese.info\/wp-content\/uploads\/2011\/04\/admo-logo-nazionale-pp-300x141.jpg 300w\" sizes=\"auto, (max-width: 320px) 100vw, 320px\" \/> <\/p>\n<p><!--more--><\/p>\n<p style=\"text-align: justify;\"><strong><img loading=\"lazy\" decoding=\"async\" class=\" alignleft size-full wp-image-8126\" style=\"margin: 4px; float: left;\" alt=\"capitaneria_porto\" src=\"https:\/\/archiviogioia.lavocedelpaese.info\/wp-content\/uploads\/2011\/02\/capitaneria_porto.jpg\" width=\"250\" height=\"165\" srcset=\"https:\/\/archiviogioia.lavocedelpaese.info\/wp-content\/uploads\/2011\/02\/capitaneria_porto.jpg 650w, https:\/\/archiviogioia.lavocedelpaese.info\/wp-content\/uploads\/2011\/02\/capitaneria_porto-300x198.jpg 300w\" sizes=\"auto, (max-width: 250px) 100vw, 250px\" \/>ADMO federazione ha sviluppato una iniziativa nazionale con le Capitanerie di Porto<\/strong>. In Puglia sono stati presi contatti tra la Direzione Marittima di Bari e l\u2019Associazione Donatori Midollo Osseo, che ha come scopo principale quello di sensibilizzare alla donazione e trapianto di midollo osseo. <strong>L\u2019iniziativa ha coinvolto altre 10 capitanerie di porto in Puglia<\/strong>.<\/p>\n<div style=\"text-align: justify;\"><\/div>\n<p style=\"text-align: justify;\"><strong>Domani<\/strong>, 12 aprile, alle ore 11, <strong>presso il Terminal Crociere del Porto di Bari avr\u00e0 luogo la manifestazione conclusiva<\/strong> a soste<strong><img loading=\"lazy\" decoding=\"async\" class=\" alignright size-full wp-image-6793\" style=\"margin: 4px; float: right;\" alt=\"tommaso_fiore_ass._sanit\" src=\"https:\/\/archiviogioia.lavocedelpaese.info\/wp-content\/uploads\/2010\/12\/tommaso_fiore_ass._sanit.jpg\" width=\"200\" height=\"150\" srcset=\"https:\/\/archiviogioia.lavocedelpaese.info\/wp-content\/uploads\/2010\/12\/tommaso_fiore_ass._sanit.jpg 480w, https:\/\/archiviogioia.lavocedelpaese.info\/wp-content\/uploads\/2010\/12\/tommaso_fiore_ass._sanit-300x225.jpg 300w\" sizes=\"auto, (max-width: 200px) 100vw, 200px\" \/><\/strong>gno della donazione di midollo osseo.<\/p>\n<div style=\"text-align: justify;\"><\/div>\n<p style=\"text-align: justify;\"><strong>L\u2019evento<\/strong>, organizzato dalla Direzione Marittima di Bari d\u2019intesa con l\u2019ADMO, <strong>registrer\u00e0<\/strong>, tra gli altri, <strong>la partecipazione <\/strong>del Prof.<strong> Tommaso Fiore<\/strong> <strong>e<\/strong> del Prof. <strong>Francesco Schittulli<\/strong> da sempre impegnati nella sanit\u00e0 ed oggi anche in ruoli di rilievo della Pubblica Amministrazione Regionale e Provinciale.<\/p>\n<div style=\"text-align: justify;\"><\/div>\n<p style=\"text-align: justify;\">La manifestazione favorir\u00e0 una <strong>riflessione sul valore etico e solidaristico della donazione<\/strong> ospitando anche dirette testimonianze.<\/p>\n<div style=\"text-align: justify;\"><\/div>\n<p style=\"text-align: justify;\"><img loading=\"lazy\" decoding=\"async\" class=\" alignleft size-full wp-image-9583\" style=\"margin: 4px; float: left;\" alt=\"schittulli_prof\" src=\"https:\/\/archiviogioia.lavocedelpaese.info\/wp-content\/uploads\/2011\/04\/schittulli_prof.jpg\" width=\"200\" height=\"158\" \/>Nel corso dell\u2019evento <strong>sar\u00e0 presentato<\/strong>, <strong>in prima nazionale<\/strong>, <strong>il video<\/strong> che una primaria societ\u00e0 attiva nel settore crocieristico internazionale non solo si \u00e8 impegnata a sostenere economicamente ma quanto a divulgare nei circuiti televisivi interni delle proprie unit\u00e0 da crociera.<\/p>\n<div style=\"text-align: justify;\"><\/div>\n<p style=\"text-align: justify;\"><strong>L&#8217;iniziativa <\/strong>\u00e8 una risposta concreta che <strong>dimostra come organizzazioni<\/strong>, che pure hanno compiti istituzionali diversi, <strong>siano in grado di elevare la solidariet\u00e0<\/strong> da sentimento individuale ad impegno sociale e morale.<\/p>\n<div style=\"text-align: justify;\"><\/div>\n<p style=\"text-align: justify;\">Per <strong>contatti telefonici<\/strong>:<\/p>\n<div style=\"text-align: justify;\"><\/div>\n<p style=\"text-align: justify;\"><strong>Maria Stea<\/strong> &#8211; responsabile dell\u2019iniziativa &#8211; 3295791339;<\/p>\n<div style=\"text-align: justify;\"><\/div>\n<p style=\"text-align: justify;\"><strong>Roberto Masciopinto<\/strong> &#8211; presidente regionale admo \u2013 3394799633.<\/p>\n","protected":false},"excerpt":{"rendered":"","protected":false},"author":1,"featured_media":9582,"comment_status":"open","ping_status":"closed","sticky":false,"template":"","format":"standard","meta":{"colormag_page_container_layout":"default_layout","colormag_page_sidebar_layout":"default_layout","footnotes":""},"categories":[7],"tags":[],"class_list":["post-9585","post","type-post","status-publish","format-standard","has-post-thumbnail","hentry","category-attualita"],"_links":{"self":[{"href":"https:\/\/archiviogioia.lavocedelpaese.info\/index.php?rest_route=\/wp\/v2\/posts\/9585","targetHints":{"allow":["GET"]}}],"collection":[{"href":"https:\/\/archiviogioia.lavocedelpaese.info\/index.php?rest_route=\/wp\/v2\/posts"}],"about":[{"href":"https:\/\/archiviogioia.lavocedelpaese.info\/index.php?rest_route=\/wp\/v2\/types\/post"}],"author":[{"embeddable":true,"href":"https:\/\/archiviogioia.lavocedelpaese.info\/index.php?rest_route=\/wp\/v2\/users\/1"}],"replies":[{"embeddable":true,"href":"https:\/\/archiviogioia.lavocedelpaese.info\/index.php?rest_route=%2Fwp%2Fv2%2Fcomments&post=9585"}],"version-history":[{"count":0,"href":"https:\/\/archiviogioia.lavocedelpaese.info\/index.php?rest_route=\/wp\/v2\/posts\/9585\/revisions"}],"wp:featuredmedia":[{"embeddable":true,"href":"https:\/\/archiviogioia.lavocedelpaese.info\/index.php?rest_route=\/wp\/v2\/media\/9582"}],"wp:attachment":[{"href":"https:\/\/archiviogioia.lavocedelpaese.info\/index.php?rest_route=%2Fwp%2Fv2%2Fmedia&parent=9585"}],"wp:term":[{"taxonomy":"category","embeddable":true,"href":"https:\/\/archiviogioia.lavocedelpaese.info\/index.php?rest_route=%2Fwp%2Fv2%2Fcategories&post=9585"},{"taxonomy":"post_tag","embeddable":true,"href":"https:\/\/archiviogioia.lavocedelpaese.info\/index.php?rest_route=%2Fwp%2Fv2%2Ftags&post=9585"}],"curies":[{"name":"wp","href":"https:\/\/api.w.org\/{rel}","templated":true}]}}