{"id":9692,"date":"2011-04-13T06:38:04","date_gmt":"2011-04-13T06:38:04","guid":{"rendered":"https:\/\/archiviogioia.lavocedelpaese.info\/?p=9692"},"modified":"2011-04-13T06:38:04","modified_gmt":"2011-04-13T06:38:04","slug":"filo-darianna-figli-e-alcol-per-capirli-meglio-3","status":"publish","type":"post","link":"https:\/\/archiviogioia.lavocedelpaese.info\/?p=9692","title":{"rendered":"FILO D\u2019ARIANNA, FIGLI E ALCOL, \u201cPER CAPIRLI MEGLIO\u2026\u201d"},"content":{"rendered":"<p><img loading=\"lazy\" decoding=\"async\" class=\" size-full wp-image-9652\" alt=\"alcol-e-giovani.jpg-pp\" src=\"https:\/\/archiviogioia.lavocedelpaese.info\/wp-content\/uploads\/2011\/04\/alcol-e-giovani.jpg-pp.jpg\" width=\"320\" height=\"150\" srcset=\"https:\/\/archiviogioia.lavocedelpaese.info\/wp-content\/uploads\/2011\/04\/alcol-e-giovani.jpg-pp.jpg 640w, https:\/\/archiviogioia.lavocedelpaese.info\/wp-content\/uploads\/2011\/04\/alcol-e-giovani.jpg-pp-300x141.jpg 300w\" sizes=\"auto, (max-width: 320px) 100vw, 320px\" \/> <\/p>\n<p><!--more--><\/p>\n<p style=\"text-align: justify;\"><img loading=\"lazy\" decoding=\"async\" class=\" alignleft size-full wp-image-9654\" style=\"margin: 4px; float: left;\" alt=\"Danza\" src=\"https:\/\/archiviogioia.lavocedelpaese.info\/wp-content\/uploads\/2011\/04\/Danza.jpg\" width=\"170\" height=\"153\" \/>Due prestigiosi relatori, <strong>Paolo Danza, pedagogista, counsellor, mediatore familiare<\/strong>, gi\u00e0 giudice onorario della sezione Minori presso la Corte d\u2019Appello del Tribunale di Bari e vice presidente della cooperativa sociale \u201cIl sogno di Don Bosco\u201d e <strong>Mimmo Bianco, psicologo, psicoterapeuta biosistemico<\/strong>, con esperienze curriculari vastissime nel settore, saranno nel <strong> liceo Classico \u201cP. V. Marone\u201d<\/strong>, domani, <strong>14 aprile alle ore 18<\/strong>.<\/p>\n<div style=\"text-align: justify;\"><\/div>\n<p style=\"text-align: justify;\"><img loading=\"lazy\" decoding=\"async\" class=\" alignright size-full wp-image-9655\" style=\"margin: 4px; float: right;\" alt=\"Arianna\" src=\"https:\/\/archiviogioia.lavocedelpaese.info\/wp-content\/uploads\/2011\/04\/Arianna.jpg\" width=\"200\" height=\"96\" \/>I due professionisti, punte di diamante del terzo appuntamento organizzato dal \u201c<strong>Filo d\u2019Arianna<\/strong>\u201d in collaborazione con il Progetto di Ambito &#8220;<strong>Famiglie Accoglienti<\/strong>&#8220;, non a caso intitolato \u201c<strong>Per capirli meglio\u2026<\/strong>\u201d, suggeriranno le strategie pi\u00f9 efficaci da adottare per meglio comprendere ed aiutare i ragazzi, in particolare i pi\u00f9 fragili, attratti dall\u2019oblio e dall\u2019ebbrezz<img loading=\"lazy\" decoding=\"async\" class=\" alignleft size-full wp-image-9656\" style=\"margin: 4px; float: left;\" alt=\"decalogo-per-i-genitori-control-abuso-di-alcool-2\" src=\"https:\/\/archiviogioia.lavocedelpaese.info\/wp-content\/uploads\/2011\/04\/decalogo-per-i-genitori-control-abuso-di-alcool-2.jpg\" width=\"211\" height=\"160\" \/>a, \u201ceffetti\u00a0 collaterali\u201d dell\u2019alcol che tanti danni causa.<\/p>\n<div style=\"text-align: justify;\"><\/div>\n<p style=\"text-align: justify;\"><img loading=\"lazy\" decoding=\"async\" class=\" alignright size-full wp-image-9658\" style=\"margin: 4px; float: right;\" alt=\"alcool_fumetto\" src=\"https:\/\/archiviogioia.lavocedelpaese.info\/wp-content\/uploads\/2011\/04\/alcool_fumetto.jpg\" width=\"173\" height=\"154\" \/>Sempre pi\u00f9 spesso i genitori, distratti da mille impegni, dal dover produrre \u201cbenessere\u201d economico e sostentamento, dialogano poco con i figli, i quali a loro volta disertano volentieri le occasioni in cui conversare, per sentirsi pi\u00f9 liberi ed emancipati e soprattutto\u2026 meno controllati.<\/p>\n<div style=\"text-align: justify;\"><\/div>\n<p style=\"text-align: justify;\"><strong>Cogliere i segnali <\/strong><strong><img loading=\"lazy\" decoding=\"async\" class=\" alignleft size-full wp-image-9659\" style=\"margin: 4px; float: left;\" alt=\"alcool202-380x253\" src=\"https:\/\/archiviogioia.lavocedelpaese.info\/wp-content\/uploads\/2011\/04\/alcool202-380x253.jpg\" width=\"250\" height=\"166\" srcset=\"https:\/\/archiviogioia.lavocedelpaese.info\/wp-content\/uploads\/2011\/04\/alcool202-380x253.jpg 380w, https:\/\/archiviogioia.lavocedelpaese.info\/wp-content\/uploads\/2011\/04\/alcool202-380x253-300x200.jpg 300w\" sizes=\"auto, (max-width: 250px) 100vw, 250px\" \/><\/strong><strong>di un loro malessere inespresso, di una fragilit\u00e0 talvolta schermata ma pur sempre presente, terreno fertile per ogni tipo di dipendenza, \u00e8 possibile e su questo relazioneranno i due dottori offrendo consigli,<\/strong> <strong>suggerimenti e un prezioso supporto utile a tutte le famiglie<\/strong>, non solo a quelle che con il problema, loro malgrado, hanno dovuto confrontarsi consapevolmente.<\/p>\n<div style=\"text-align: justify;\"><\/div>\n<p style=\"text-align: justify;\">Sempre pi\u00f9 spesso \u00e8 nelle famiglie pi\u00f9 \u201cnormali\u201d che si annida il fantasma\u00a0 della dipendenza, in quelle \u201ca rischio\u201d l\u2019allerta \u00e8 alto e le istituzioni sono pi\u00f9 vicine e vigili.<img loading=\"lazy\" decoding=\"async\" class=\" alignright size-full wp-image-9660\" style=\"margin: 4px; float: right;\" alt=\"incidente\" src=\"https:\/\/archiviogioia.lavocedelpaese.info\/wp-content\/uploads\/2011\/04\/incidente.jpg\" width=\"233\" height=\"171\" srcset=\"https:\/\/archiviogioia.lavocedelpaese.info\/wp-content\/uploads\/2011\/04\/incidente.jpg 400w, https:\/\/archiviogioia.lavocedelpaese.info\/wp-content\/uploads\/2011\/04\/incidente-300x220.jpg 300w\" sizes=\"auto, (max-width: 233px) 100vw, 233px\" \/><\/p>\n<div style=\"text-align: justify;\"><\/div>\n<p style=\"text-align: justify;\">\u201c\u2026 <strong>Ma questo a mio figlio non succeder\u00e0 mai<\/strong>\u2026\u201d \u00e8 una delle frasi pi\u00f9 ricorrenti e \u201csmentite\u201d dalla realt\u00e0 di ogni giorno che vede anche \u201c<strong>bravi\u201d ragazzi e figli modello schiantarsi lungo le strade<\/strong>, vittima dell\u2019ubriaco di turno o di quei bicchierini di troppo bevuti per tenersi su e far compagnia agli amici.<\/p>\n<div style=\"text-align: justify;\"><\/div>\n<p style=\"text-align: justify;\"><img loading=\"lazy\" decoding=\"async\" class=\" alignleft size-full wp-image-9661\" style=\"margin: 4px; float: left;\" alt=\"figli-adolescenti-genitori-dialogo-mamma-figlia-430\" src=\"https:\/\/archiviogioia.lavocedelpaese.info\/wp-content\/uploads\/2011\/04\/figli-adolescenti-genitori-dialogo-mamma-figlia-430.jpg\" width=\"200\" height=\"141\" srcset=\"https:\/\/archiviogioia.lavocedelpaese.info\/wp-content\/uploads\/2011\/04\/figli-adolescenti-genitori-dialogo-mamma-figlia-430.jpg 430w, https:\/\/archiviogioia.lavocedelpaese.info\/wp-content\/uploads\/2011\/04\/figli-adolescenti-genitori-dialogo-mamma-figlia-430-300x211.jpg 300w\" sizes=\"auto, (max-width: 200px) 100vw, 200px\" \/>Trovare nell\u2019arco della giornata il tempo di \u201cosservare\u201d i propri figli, ascoltarli meno distrattamente, cogliere quei segnali che ci sono e talvolta vengono volutamente \u201clasciati\u201d per svelare quello che non si ha il coraggio di dire, <strong>trovare il tempo di seguire un incontro con professionisti che ogni giorno vivono a contatto con queste realt\u00e0<\/strong>, ancor prima di dover ricorrere ad una \u201cnecessaria\u201d consulenza, in parole povere <strong>\u201cprevenire prima di curare\u201d, potrebbe non essere \u201ctempo perso\u201d<\/strong>.<\/p>\n","protected":false},"excerpt":{"rendered":"","protected":false},"author":1,"featured_media":9652,"comment_status":"open","ping_status":"closed","sticky":false,"template":"","format":"standard","meta":{"colormag_page_container_layout":"default_layout","colormag_page_sidebar_layout":"default_layout","footnotes":""},"categories":[7],"tags":[],"class_list":["post-9692","post","type-post","status-publish","format-standard","has-post-thumbnail","hentry","category-attualita"],"_links":{"self":[{"href":"https:\/\/archiviogioia.lavocedelpaese.info\/index.php?rest_route=\/wp\/v2\/posts\/9692","targetHints":{"allow":["GET"]}}],"collection":[{"href":"https:\/\/archiviogioia.lavocedelpaese.info\/index.php?rest_route=\/wp\/v2\/posts"}],"about":[{"href":"https:\/\/archiviogioia.lavocedelpaese.info\/index.php?rest_route=\/wp\/v2\/types\/post"}],"author":[{"embeddable":true,"href":"https:\/\/archiviogioia.lavocedelpaese.info\/index.php?rest_route=\/wp\/v2\/users\/1"}],"replies":[{"embeddable":true,"href":"https:\/\/archiviogioia.lavocedelpaese.info\/index.php?rest_route=%2Fwp%2Fv2%2Fcomments&post=9692"}],"version-history":[{"count":0,"href":"https:\/\/archiviogioia.lavocedelpaese.info\/index.php?rest_route=\/wp\/v2\/posts\/9692\/revisions"}],"wp:featuredmedia":[{"embeddable":true,"href":"https:\/\/archiviogioia.lavocedelpaese.info\/index.php?rest_route=\/wp\/v2\/media\/9652"}],"wp:attachment":[{"href":"https:\/\/archiviogioia.lavocedelpaese.info\/index.php?rest_route=%2Fwp%2Fv2%2Fmedia&parent=9692"}],"wp:term":[{"taxonomy":"category","embeddable":true,"href":"https:\/\/archiviogioia.lavocedelpaese.info\/index.php?rest_route=%2Fwp%2Fv2%2Fcategories&post=9692"},{"taxonomy":"post_tag","embeddable":true,"href":"https:\/\/archiviogioia.lavocedelpaese.info\/index.php?rest_route=%2Fwp%2Fv2%2Ftags&post=9692"}],"curies":[{"name":"wp","href":"https:\/\/api.w.org\/{rel}","templated":true}]}}