{"id":9733,"date":"2011-04-16T05:35:14","date_gmt":"2011-04-16T05:35:14","guid":{"rendered":"https:\/\/archiviogioia.lavocedelpaese.info\/?p=9733"},"modified":"2011-04-16T05:35:14","modified_gmt":"2011-04-16T05:35:14","slug":"admo-capitanerie-insieme-sullonda-della-solidarieta","status":"publish","type":"post","link":"https:\/\/archiviogioia.lavocedelpaese.info\/?p=9733","title":{"rendered":"ADMO-CAPITANERIE, INSIEME \u201cSULL\u2019ONDA DELLA SOLIDARIETA\u2019\u201d"},"content":{"rendered":"<p><img loading=\"lazy\" decoding=\"async\" class=\" size-full wp-image-9731\" alt=\"fidas-capitanerie-pp-portua\" src=\"https:\/\/archiviogioia.lavocedelpaese.info\/wp-content\/uploads\/2011\/04\/fidas-capitanerie-pp-portua.jpg\" width=\"320\" height=\"150\" srcset=\"https:\/\/archiviogioia.lavocedelpaese.info\/wp-content\/uploads\/2011\/04\/fidas-capitanerie-pp-portua.jpg 640w, https:\/\/archiviogioia.lavocedelpaese.info\/wp-content\/uploads\/2011\/04\/fidas-capitanerie-pp-portua-300x141.jpg 300w\" sizes=\"auto, (max-width: 320px) 100vw, 320px\" \/> <\/p>\n<p><!--more--><\/p>\n<p style=\"text-align: justify;\"><strong><img loading=\"lazy\" decoding=\"async\" class=\" alignleft size-full wp-image-9582\" style=\"margin: 4px; float: left;\" alt=\"admo-logo-nazionale-pp\" src=\"https:\/\/archiviogioia.lavocedelpaese.info\/wp-content\/uploads\/2011\/04\/admo-logo-nazionale-pp.jpg\" width=\"300\" height=\"141\" srcset=\"https:\/\/archiviogioia.lavocedelpaese.info\/wp-content\/uploads\/2011\/04\/admo-logo-nazionale-pp.jpg 640w, https:\/\/archiviogioia.lavocedelpaese.info\/wp-content\/uploads\/2011\/04\/admo-logo-nazionale-pp-300x141.jpg 300w\" sizes=\"auto, (max-width: 300px) 100vw, 300px\" \/>Il 12 aprile<\/strong> presso il Terminal Crociere del Porto di Bari <strong>si \u00e8 svolta la manifestazione conclusiva a sostegno della donazione di midollo osseo<\/strong>. L\u2019evento, organizzato dalla Direzione Marittima di Bari d\u2019intesa con l\u2019ADMO si \u00e8 conclusa in una bella giornata di sole, tra l\u2019azzurro del mare e l\u2019arrivo di una nave da crociera.<\/p>\n<div style=\"text-align: justify;\"><\/div>\n<p style=\"text-align: justify;\"><strong>Alla presenza delle varie autorit\u00e0 politiche<\/strong> e <strong>civili<\/strong> e di <strong>studenti<\/strong> di scuole superiori, <strong>si \u00e8 tenuta una tavola rotonda moderata <\/strong>dal giornalista, dott. <strong>Gustavo Delgado<\/strong>, che ha presentato egregiamente i relatori.<\/p>\n<div style=\"text-align: justify;\"><\/div>\n<p style=\"text-align: justify;\"><strong><img loading=\"lazy\" decoding=\"async\" class=\" alignright size-full wp-image-8128\" style=\"margin: 4px; float: right;\" alt=\"capitaneria2\" src=\"https:\/\/archiviogioia.lavocedelpaese.info\/wp-content\/uploads\/2011\/02\/capitaneria2.jpg\" width=\"250\" height=\"332\" srcset=\"https:\/\/archiviogioia.lavocedelpaese.info\/wp-content\/uploads\/2011\/02\/capitaneria2.jpg 350w, https:\/\/archiviogioia.lavocedelpaese.info\/wp-content\/uploads\/2011\/02\/capitaneria2-226x300.jpg 226w\" sizes=\"auto, (max-width: 250px) 100vw, 250px\" \/>Dopo il saluto<\/strong> del padrone di casa l\u2019Ammiraglio <strong>Salvatore Giuffr\u00e8<\/strong> che ha sottolineato quanto la gente di mare sia pronta alla solidariet\u00e0 e di come le capitanerie di porto sono liete di dare supporto a coloro che vivono nella sofferenza, poich\u00e9 il loro percorso di vita risulta essere pi\u00f9 impervio, il dott. <strong>Delgado ha ceduto la parola<\/strong> al dott. <strong>Francesco Mariani<\/strong> presidente dell\u2019Autorit\u00e0 Portuale, <strong>il quale ha affermato che il porto \u00e8 ricchezza di valori e solidariet\u00e0<\/strong> e che in un mondo di egoismi il massimo della solidariet\u00e0 viene espressa proprio con la donazione di sangue, organi e midollo osseo.<\/p>\n<div style=\"text-align: justify;\"><\/div>\n<p style=\"text-align: justify;\"><strong>A dare inizio alla tavola rotonda<\/strong> vera e proprio \u00e8 stata, la prof.ssa <strong>Giorgina Specchia<\/strong>, che \u00e8 riuscita ad incantare tutti <strong>asserendo che proprio il mare<\/strong>, <strong>il cielo e l\u2019azzurro \u00e8 quello che sognano i pazienti <\/strong>dell\u2019Unit\u00e0 Operativa di Ematologia con Trapianto al Policlinico di Bari, di cui \u00e8 direttrice.<\/p>\n<div style=\"text-align: justify;\"><\/div>\n<p style=\"text-align: justify;\"><strong>Patologie come le leucemie<\/strong>, i <strong>linfomi<\/strong> e i <strong>tumori del sangue<\/strong>, ha spiegato, <strong>non guariscono con le chemio, ma necessitano di trapianto di midollo osseo<\/strong>. La parola \u00e8 passata al presidente regionale Admo, il dott. <strong>Roberto Masciopinto<\/strong> che <strong>ha ringraziato la FIDAS<\/strong> ( Federazione Italiana Associazioni Donatori Sangue) per la stretta collaborazione nell\u2019iniziativa <strong>e<\/strong> la vice <img loading=\"lazy\" decoding=\"async\" class=\" alignleft size-full wp-image-3632\" style=\"margin: 4px; float: left;\" alt=\"maria-stea\" src=\"https:\/\/archiviogioia.lavocedelpaese.info\/wp-content\/uploads\/2010\/08\/maria-stea.jpg\" width=\"200\" height=\"149\" srcset=\"https:\/\/archiviogioia.lavocedelpaese.info\/wp-content\/uploads\/2010\/08\/maria-stea.jpg 1831w, https:\/\/archiviogioia.lavocedelpaese.info\/wp-content\/uploads\/2010\/08\/maria-stea-300x224.jpg 300w, https:\/\/archiviogioia.lavocedelpaese.info\/wp-content\/uploads\/2010\/08\/maria-stea-1024x765.jpg 1024w, https:\/\/archiviogioia.lavocedelpaese.info\/wp-content\/uploads\/2010\/08\/maria-stea-768x574.jpg 768w, https:\/\/archiviogioia.lavocedelpaese.info\/wp-content\/uploads\/2010\/08\/maria-stea-1536x1148.jpg 1536w\" sizes=\"auto, (max-width: 200px) 100vw, 200px\" \/>presidente della Federazione Pugliese Donatori Sangue, la sig.ra <strong>Maria Stea<\/strong> per essere stata la <strong>responsabile della suddetta iniziativa<\/strong>.<\/p>\n<div style=\"text-align: justify;\"><\/div>\n<p style=\"text-align: justify;\">Il dott. Masciopinto <strong>ha spiegato che la sensibilizzazione si basa sulla \u201ccultura del dono\u201d<\/strong> dove la cultura\u00a0 \u00e8 di casa, quindi nelle scuole. <strong>Sono intervenuti<\/strong> anche il dott. <strong>Giuseppe Lupelli<\/strong>, manager dell\u2019area MSC, che \u00e8 l\u2019unica compagnia italiana nel settore croceristico e l\u2019assessore <strong>Resta<\/strong>, <strong>intervenuto al posto del dott. Schittulli<\/strong>.<\/p>\n<div style=\"text-align: justify;\"><\/div>\n<p style=\"text-align: justify;\"><strong>Conclude<\/strong> il dott. <strong>Biagio Favonio<\/strong>, Direttore Responsabile del Registro Donatori del Policlinico di Bari, anche se da pochissimo in pensione, che <strong>ha spiegato come si diventa donatore<\/strong> di midollo osseo o di cellule staminali periferiche.<\/p>\n<div style=\"text-align: justify;\"><\/div>\n<p style=\"text-align: justify;\"><strong><img loading=\"lazy\" decoding=\"async\" class=\" alignright size-full wp-image-9602\" style=\"margin: 4px; float: right;\" alt=\"donazione-pp\" src=\"https:\/\/archiviogioia.lavocedelpaese.info\/wp-content\/uploads\/2011\/04\/donazione-pp.jpg\" width=\"200\" height=\"94\" srcset=\"https:\/\/archiviogioia.lavocedelpaese.info\/wp-content\/uploads\/2011\/04\/donazione-pp.jpg 640w, https:\/\/archiviogioia.lavocedelpaese.info\/wp-content\/uploads\/2011\/04\/donazione-pp-300x141.jpg 300w\" sizes=\"auto, (max-width: 200px) 100vw, 200px\" \/>L\u2019Associazione <\/strong><strong>ADMO ha lanciato una nuova sfida<\/strong>, <strong>raggiungere<\/strong> un traguardo per il quale punta soprattutto sui giovani dai 18 ai 35 anni: arrivare <strong>a 500.000 donatori iscritti nel Registro italiano<\/strong>. La sfida \u00e8 stata lanciata <strong>attraverso l\u2019iniziativa \u201csull\u2019onda della solidariet\u00e0\u201d <\/strong>dalle Direzioni Marittime italiane.<\/p>\n<div style=\"text-align: justify;\"><\/div>\n<p style=\"text-align: justify;\"><strong>L\u2019augurio \u00e8 che questa sia una risposta concreta<\/strong> e un inizio di tante attivit\u00e0 che continueranno a dimostrare come organizzazioni, che pure hanno compiti istituzionali diversi, siano <strong>in grado di elevare la solidariet\u00e0 ad impegno sociale e morale<\/strong>.<\/p>\n<div style=\"text-align: justify;\"><\/div>\n<p style=\"text-align: justify;\"><strong>Per contatti telefonici<\/strong>:<\/p>\n<div style=\"text-align: justify;\"><\/div>\n<p style=\"text-align: justify;\"><strong>Maria Stea<\/strong>: (responsabile dell\u2019iniziativa) tel.3295791339;<\/p>\n<div style=\"text-align: justify;\"><\/div>\n<p style=\"text-align: justify;\"><strong>Roberto Masciopinto<\/strong>: (presidente regionale admo) tel.3394799633<\/p>\n","protected":false},"excerpt":{"rendered":"","protected":false},"author":1,"featured_media":9731,"comment_status":"open","ping_status":"closed","sticky":false,"template":"","format":"standard","meta":{"colormag_page_container_layout":"default_layout","colormag_page_sidebar_layout":"default_layout","footnotes":""},"categories":[7],"tags":[],"class_list":["post-9733","post","type-post","status-publish","format-standard","has-post-thumbnail","hentry","category-attualita"],"_links":{"self":[{"href":"https:\/\/archiviogioia.lavocedelpaese.info\/index.php?rest_route=\/wp\/v2\/posts\/9733","targetHints":{"allow":["GET"]}}],"collection":[{"href":"https:\/\/archiviogioia.lavocedelpaese.info\/index.php?rest_route=\/wp\/v2\/posts"}],"about":[{"href":"https:\/\/archiviogioia.lavocedelpaese.info\/index.php?rest_route=\/wp\/v2\/types\/post"}],"author":[{"embeddable":true,"href":"https:\/\/archiviogioia.lavocedelpaese.info\/index.php?rest_route=\/wp\/v2\/users\/1"}],"replies":[{"embeddable":true,"href":"https:\/\/archiviogioia.lavocedelpaese.info\/index.php?rest_route=%2Fwp%2Fv2%2Fcomments&post=9733"}],"version-history":[{"count":0,"href":"https:\/\/archiviogioia.lavocedelpaese.info\/index.php?rest_route=\/wp\/v2\/posts\/9733\/revisions"}],"wp:featuredmedia":[{"embeddable":true,"href":"https:\/\/archiviogioia.lavocedelpaese.info\/index.php?rest_route=\/wp\/v2\/media\/9731"}],"wp:attachment":[{"href":"https:\/\/archiviogioia.lavocedelpaese.info\/index.php?rest_route=%2Fwp%2Fv2%2Fmedia&parent=9733"}],"wp:term":[{"taxonomy":"category","embeddable":true,"href":"https:\/\/archiviogioia.lavocedelpaese.info\/index.php?rest_route=%2Fwp%2Fv2%2Fcategories&post=9733"},{"taxonomy":"post_tag","embeddable":true,"href":"https:\/\/archiviogioia.lavocedelpaese.info\/index.php?rest_route=%2Fwp%2Fv2%2Ftags&post=9733"}],"curies":[{"name":"wp","href":"https:\/\/api.w.org\/{rel}","templated":true}]}}