{"id":99,"date":"2010-01-18T23:42:18","date_gmt":"2010-01-18T23:42:18","guid":{"rendered":"https:\/\/archiviogioia.lavocedelpaese.info\/?p=99"},"modified":"2010-01-18T23:42:18","modified_gmt":"2010-01-18T23:42:18","slug":"petizione-pro-lama-san-giorgio-un-inatteso-successo","status":"publish","type":"post","link":"https:\/\/archiviogioia.lavocedelpaese.info\/?p=99","title":{"rendered":"PETIZIONE LAMA SAN GIORGIO, UN INATTESO SUCCESSO"},"content":{"rendered":"<p><img loading=\"lazy\" decoding=\"async\" class=\" alignleft size-full wp-image-98\" style=\"margin: 5px; float: left;\" alt=\"raccolta-firme\" src=\"https:\/\/archiviogioia.lavocedelpaese.info\/wp-content\/uploads\/2010\/01\/raccolta-firme.jpg\" width=\"320\" height=\"150\" srcset=\"https:\/\/archiviogioia.lavocedelpaese.info\/wp-content\/uploads\/2010\/01\/raccolta-firme.jpg 640w, https:\/\/archiviogioia.lavocedelpaese.info\/wp-content\/uploads\/2010\/01\/raccolta-firme-300x141.jpg 300w\" sizes=\"auto, (max-width: 320px) 100vw, 320px\" \/> <\/p>\n<p><!--more--><\/p>\n<p style=\"text-align: justify;\">Al di l\u00e0 dei freddi numeri, i responsabili del Circolo Legambiente di Gioia del Colle si ritengono pi\u00f9 che soddisfatti per la riuscita della manifestazione organizzata domenica scorsa in Piazza Plebiscito, per la sottoscrizione della petizione popolare a tutela di lama San Giorgio.<\/p>\n<div style=\"text-align: justify;\"><\/div>\n<p style=\"text-align: justify;\">Una data, il 17 gennaio 2010, da ricordare, non soltanto perch\u00e9 considerata come il primo, vero, banco di prova del neonato circolo ambientalista, ma soprattutto per l\u2019insperato successo ottenuto, nonostante la risaputa diffidenza che la cittadinanza mostra quasi sempre nei confronti delle tematiche ambientali.<\/p>\n<div style=\"text-align: justify;\"><\/div>\n<p style=\"text-align: justify;\">Quasi un centinaio di firme raccolte in meno di tre ore, potevano essere molte di pi\u00f9 se tutti i potenziali firmatari avessero avuto con s\u00e9 il documento di riconoscimento richiesto per avallare la loro firma, oltre ad inaspettate promesse di nuove adesioni al circolo.<\/p>\n<div style=\"text-align: justify;\"><\/div>\n<p style=\"text-align: justify;\">\u201cUna esperienza unica, sicuramente da ripetere a breve con altre iniziative\u201d, queste le parole pronunciate quasi all\u2019unisono dai leader dello stesso circolo presenti in piazza, <strong>Vincenzo Capozzi<\/strong> (presidente), <strong>Francesco Minei<\/strong> (segretario e vice presidente) e <strong>Maria Castellaneta<\/strong> (tesoriere).<\/p>\n<div style=\"text-align: justify;\"><\/div>\n<p style=\"text-align: justify;\">\u201cSe si considera che la maggior parte dei gioiesi ritiene lama San Giorgio un problema che dovrebbe interessare i paesi limitrofi, Sammichele, Casamassima, Rutigliano o Triggiano, possiamo ritenerci pi\u00f9 che soddisfatti se siamo riusciti ad avvicinarli, a discutere con loro, persino a convincere a firmare chi si era avvicinato solo per curiosit\u00e0\u201d. Queste le parole che pronuncia con orgoglio il presidente Capozzi, un giovane dalle idee molto chiare quanto determinate, al pari dei suoi amici collaboratori.<\/p>\n<div style=\"text-align: justify;\"><\/div>\n<p style=\"text-align: justify;\">\u201cTutto sommato eravamo convinti che questa iniziativa sarebbe stata ben accolta &#8211; prosegue Maria Castellaneta &#8211; ma non pensavamo avesse tanto successo. Siamo veramente felici che un nutrito numero di nostri concittadini l\u2019abbia condivisa, cos\u00ec come altri hanno apprezzato i nostri sforzi di proporla, invitandoci a non demordere e a continuare su questa strada. Il loro incoraggiamento ci ha favorevolmente sorpresi e convinti che questa nostra lotta nel denunciare gli abusi ambientali deve proseguire\u201d.<\/p>\n<div style=\"text-align: justify;\"><\/div>\n<p style=\"text-align: justify;\">\u201cEd \u00e8 quello che faremo &#8211; aggiunge Francesco Minei &#8211; questa raccolta continuer\u00e0 nella nostra sede tutti i venerd\u00ec dalle ore 18 alle 20, e non escludiamo di poterla riproporre domenica prossima\u201d.<\/p>\n<p style=\"text-align: justify;\">Visita http:\/\/picasaweb.google.it\/redazionegioianet\/  2010\/firme-lamasangiorgio{\/gallery}<\/p>\n","protected":false},"excerpt":{"rendered":"","protected":false},"author":1,"featured_media":98,"comment_status":"open","ping_status":"closed","sticky":false,"template":"","format":"standard","meta":{"colormag_page_container_layout":"default_layout","colormag_page_sidebar_layout":"default_layout","footnotes":""},"categories":[7],"tags":[],"class_list":["post-99","post","type-post","status-publish","format-standard","has-post-thumbnail","hentry","category-attualita"],"_links":{"self":[{"href":"https:\/\/archiviogioia.lavocedelpaese.info\/index.php?rest_route=\/wp\/v2\/posts\/99","targetHints":{"allow":["GET"]}}],"collection":[{"href":"https:\/\/archiviogioia.lavocedelpaese.info\/index.php?rest_route=\/wp\/v2\/posts"}],"about":[{"href":"https:\/\/archiviogioia.lavocedelpaese.info\/index.php?rest_route=\/wp\/v2\/types\/post"}],"author":[{"embeddable":true,"href":"https:\/\/archiviogioia.lavocedelpaese.info\/index.php?rest_route=\/wp\/v2\/users\/1"}],"replies":[{"embeddable":true,"href":"https:\/\/archiviogioia.lavocedelpaese.info\/index.php?rest_route=%2Fwp%2Fv2%2Fcomments&post=99"}],"version-history":[{"count":0,"href":"https:\/\/archiviogioia.lavocedelpaese.info\/index.php?rest_route=\/wp\/v2\/posts\/99\/revisions"}],"wp:featuredmedia":[{"embeddable":true,"href":"https:\/\/archiviogioia.lavocedelpaese.info\/index.php?rest_route=\/wp\/v2\/media\/98"}],"wp:attachment":[{"href":"https:\/\/archiviogioia.lavocedelpaese.info\/index.php?rest_route=%2Fwp%2Fv2%2Fmedia&parent=99"}],"wp:term":[{"taxonomy":"category","embeddable":true,"href":"https:\/\/archiviogioia.lavocedelpaese.info\/index.php?rest_route=%2Fwp%2Fv2%2Fcategories&post=99"},{"taxonomy":"post_tag","embeddable":true,"href":"https:\/\/archiviogioia.lavocedelpaese.info\/index.php?rest_route=%2Fwp%2Fv2%2Ftags&post=99"}],"curies":[{"name":"wp","href":"https:\/\/api.w.org\/{rel}","templated":true}]}}